{"id":31489,"date":"2024-09-04T02:17:41","date_gmt":"2024-09-04T02:17:41","guid":{"rendered":"https:\/\/tvbrazilusa.com\/2024\/09\/04\/o-natal-na-venezuela-comeca-em-outubro-declarou-o-presidente-maduro-wsvn-7news-noticias-de-miami-clima-esportes-fort-lauderdale\/"},"modified":"2024-09-04T02:44:35","modified_gmt":"2024-09-04T02:44:35","slug":"o-natal-na-venezuela-comeca-em-outubro-declarou-o-presidente-maduro-wsvn-7news-noticias-de-miami-clima-esportes-fort-lauderdale","status":"publish","type":"post","link":"https:\/\/tvbrazilusa.com\/pt\/2024\/09\/04\/o-natal-na-venezuela-comeca-em-outubro-declarou-o-presidente-maduro-wsvn-7news-noticias-de-miami-clima-esportes-fort-lauderdale\/","title":{"rendered":"O Natal na Venezuela come\u00e7a em outubro, declarou o presidente Maduro &#8211; WSVN 7News | Not\u00edcias de Miami, Clima, Esportes | Fort Lauderdale"},"content":{"rendered":"<p> <script async src=\"https:\/\/pagead2.googlesyndication.com\/pagead\/js\/adsbygoogle.js?client=ca-pub-8864793242727901\"\r\n     crossorigin=\"anonymous\"><\/script><br \/>\n<\/p>\n<div itemprop=\"articleBody\">\n<p>CARACAS, Venezuela (AP) \u2014 A aten\u00e7\u00e3o do mundo na Venezuela tem se concentrado nas \u00faltimas semanas nas consequ\u00eancias de uma elei\u00e7\u00e3o presidencial altamente contestada que tanto o partido no poder quanto seus oponentes afirmam ter vencido, na consequente persegui\u00e7\u00e3o de cr\u00edticos e no mandado de pris\u00e3o contra o ex-candidato presidencial da oposi\u00e7\u00e3o.<\/p>\n<p>Mas, \u00e0 medida que as tens\u00f5es pol\u00edticas aumentam, o presidente Nicol\u00e1s Maduro decidiu que havia um assunto mais importante a ser discutido: o Natal e a necessidade de come\u00e7ar a temporada alegre um pouco mais cedo neste ano. Em outubro, para ser preciso.<\/p>\n<p>\u201c\u00c9 setembro, e j\u00e1 cheira a Natal\u201d, disse Maduro na segunda-feira \u00e0 noite durante seu programa semanal de televis\u00e3o. \u201c\u00c9 por isso que este ano, como forma de prestar homenagem a todos voc\u00eas, e em gratid\u00e3o a todos voc\u00eas, vou decretar um Natal antecipado para 1\u00ba de outubro.\u201d<\/p>\n<p>Mas nem todo mundo parece ansioso para come\u00e7ar a cantar can\u00e7\u00f5es de Natal.<\/p>\n<p>\u201cO Natal deveria ser um momento de alegria, reuni\u00f5es familiares, festas, presentes\u201d, disse Jos\u00e9 Ernesto Ruiz, um funcion\u00e1rio de escrit\u00f3rio de 57 anos, na ter\u00e7a-feira em Caracas, a capital. \u201c(Mas) sem dinheiro e com esta crise pol\u00edtica, quem pode acreditar que haver\u00e1 um Natal antecipado?\u201d<\/p>\n<p>Esta n\u00e3o \u00e9 a primeira vez que Maduro, no poder desde 2013, declara a chegada antecipada do Natal. Ele o fez durante a pandemia da COVID-19, mas nunca t\u00e3o cedo. Al\u00e9m disso, este ano o clima pol\u00edtico est\u00e1 particularmente tenso, mesmo que Maduro tenha dito que a temporada chegar\u00e1 \u201ccom paz, felicidade e seguran\u00e7a\u201d.<\/p>\n<p>Autoridades eleitorais leais ao partido no poder declararam Maduro o vencedor da elei\u00e7\u00e3o de 28 de julho sem mostrar nenhum resultado detalhado para respaldar sua alega\u00e7\u00e3o, como fizeram em elei\u00e7\u00f5es presidenciais anteriores.<\/p>\n<p>Mas a falta de transpar\u00eancia atraiu condena\u00e7\u00e3o internacional contra Maduro e seus aliados, enquanto a principal fac\u00e7\u00e3o da oposi\u00e7\u00e3o apresentou c\u00f3pias eletr\u00f4nicas de suas pr\u00f3prias contagens eleitorais mostrando que seu candidato, Edmundo Gonz\u00e1lez, obteve a maioria dos votos.<\/p>\n<p>Poucas horas antes do an\u00fancio de f\u00e9rias de Maduro, um juiz venezuelano emitiu um mandado de pris\u00e3o para Gonz\u00e1lez, um ex-diplomata, acusando-o de v\u00e1rios crimes, incluindo conspira\u00e7\u00e3o, falsifica\u00e7\u00e3o de documentos e usurpa\u00e7\u00e3o de poderes.<\/p>\n<p>Protestos contra a proclama\u00e7\u00e3o de Maduro irromperam ap\u00f3s a elei\u00e7\u00e3o, e o governo respondeu prendendo v\u00e1rias pessoas. Mais de 2.000 pessoas \u2014 incluindo jornalistas, pol\u00edticos e trabalhadores humanit\u00e1rios \u2014 foram presas desde ent\u00e3o.<\/p>\n<p>\u201cEstamos todos preocupados em como vamos colocar comida na mesa, como vamos pagar o \u00f4nibus, mandar as crian\u00e7as para a escola e comprar rem\u00e9dios quando precisarmos\u201d, disse In\u00e9s Quevedo, secret\u00e1ria de 39 anos e m\u00e3e de dois filhos.<\/p>\n<p>\u201cN\u00e3o creio que eles v\u00e3o melhorar os nossos sal\u00e1rios nem nos pagar o \u2018aguinaldo\u2019\u201d, acrescentou, referindo-se aos b\u00f3nus de Natal que os trabalhadores costumam receber no final do ano.<\/p>\n<p>O sal\u00e1rio m\u00ednimo n\u00e3o mudou desde 2022: 130 bol\u00edvares por m\u00eas, ou cerca de US$ 3,55. Os trabalhadores tamb\u00e9m ganham um b\u00f4nus mensal de assist\u00eancia alimentar de cerca de US$ 40, e aqueles que se inscreveram em um sistema de benef\u00edcios do governo recebem US$ 90 adicionais.<\/p>\n<p>\u201cVamos ver o que nos reserva este Natal\u201d, disse Quevedo.<\/p>\n<p><em>Copyright 2024 The Associated Press. Todos os direitos reservados. Este material n\u00e3o pode ser publicado, transmitido, reescrito ou redistribu\u00eddo.<\/em><\/p>\n<div class=\"wp-block-newsletter\">\n\t<strong class=\"wp-block-newsletter__title\">Inscreva-se em nossa Newsletter para receber as \u00faltimas not\u00edcias diretamente na sua caixa de entrada<\/strong><\/p>\n<\/div><\/div>\n<p><br \/>\n<br \/><a href=\"https:\/\/wsvn.com\/news\/us-world\/christmas-in-venezuela-kicks-off-in-october-president-maduro-has-declared\/\">Source link <\/a><\/p>","protected":false},"excerpt":{"rendered":"<p>CARACAS, Venezuela (AP) \u2014 A aten\u00e7\u00e3o do mundo na Venezuela tem se concentrado nas \u00faltimas semanas nas consequ\u00eancias de uma elei\u00e7\u00e3o presidencial altamente contestada que tanto o partido no poder&hellip;<\/p>","protected":false},"author":1,"featured_media":14653,"comment_status":"closed","ping_status":"open","sticky":false,"template":"","format":"standard","meta":{"content-type":"","footnotes":""},"categories":[1],"tags":[],"class_list":["post-31489","post","type-post","status-publish","format-standard","has-post-thumbnail","hentry","category-uncategorized"],"_links":{"self":[{"href":"https:\/\/tvbrazilusa.com\/pt\/wp-json\/wp\/v2\/posts\/31489","targetHints":{"allow":["GET"]}}],"collection":[{"href":"https:\/\/tvbrazilusa.com\/pt\/wp-json\/wp\/v2\/posts"}],"about":[{"href":"https:\/\/tvbrazilusa.com\/pt\/wp-json\/wp\/v2\/types\/post"}],"author":[{"embeddable":true,"href":"https:\/\/tvbrazilusa.com\/pt\/wp-json\/wp\/v2\/users\/1"}],"replies":[{"embeddable":true,"href":"https:\/\/tvbrazilusa.com\/pt\/wp-json\/wp\/v2\/comments?post=31489"}],"version-history":[{"count":1,"href":"https:\/\/tvbrazilusa.com\/pt\/wp-json\/wp\/v2\/posts\/31489\/revisions"}],"predecessor-version":[{"id":31490,"href":"https:\/\/tvbrazilusa.com\/pt\/wp-json\/wp\/v2\/posts\/31489\/revisions\/31490"}],"wp:featuredmedia":[{"embeddable":true,"href":"https:\/\/tvbrazilusa.com\/pt\/wp-json\/wp\/v2\/media\/14653"}],"wp:attachment":[{"href":"https:\/\/tvbrazilusa.com\/pt\/wp-json\/wp\/v2\/media?parent=31489"}],"wp:term":[{"taxonomy":"category","embeddable":true,"href":"https:\/\/tvbrazilusa.com\/pt\/wp-json\/wp\/v2\/categories?post=31489"},{"taxonomy":"post_tag","embeddable":true,"href":"https:\/\/tvbrazilusa.com\/pt\/wp-json\/wp\/v2\/tags?post=31489"}],"curies":[{"name":"wp","href":"https:\/\/api.w.org\/{rel}","templated":true}]}}