{"id":31591,"date":"2024-09-04T11:52:05","date_gmt":"2024-09-04T11:52:05","guid":{"rendered":"https:\/\/tvbrazilusa.com\/2024\/09\/04\/thiago-nigro-faz-revelacao-surpreedente-sobre-relacao-com-filha-de-maira-cardi\/"},"modified":"2024-09-04T11:55:34","modified_gmt":"2024-09-04T11:55:34","slug":"thiago-nigro-faz-revelacao-surpreedente-sobre-relacao-com-filha-de-maira-cardi","status":"publish","type":"post","link":"https:\/\/tvbrazilusa.com\/pt\/2024\/09\/04\/thiago-nigro-faz-revelacao-surpreedente-sobre-relacao-com-filha-de-maira-cardi\/","title":{"rendered":"Thiago Nigro faz revela\u00e7\u00e3o surpreedente sobre rela\u00e7\u00e3o com filha de Ma\u00edra Cardi"},"content":{"rendered":"<p> <script async src=\"https:\/\/pagead2.googlesyndication.com\/pagead\/js\/adsbygoogle.js?client=ca-pub-8864793242727901\"\r\n     crossorigin=\"anonymous\"><\/script><br \/>\n<\/p>\n<div>\n<p>O empres\u00e1rio conhecido como Primo Rico, Thiago Nigro, resolveu abrir seu cora\u00e7\u00e3o e falar sobre sua rela\u00e7\u00e3o paternal com Sophia Aguiar, filha de 5 anos da coach Ma\u00edra Cardi e do ator Arthur Aguiar. Em um depoimento sincero em suas redes sociais, Thiago abordou seu papel de pai presente na vida de Sophia e refutou as cr\u00edticas que recebe sobre essa rela\u00e7\u00e3o.<\/p>\n<p>Thiago Nigro compartilhou nos stories do seu Instagram um momento especial de Sophia segurando um notebook com a mensagem \u201cPapai, eu te amo\u201d. Esse gesto simples, mas cheio de significado, foi o estopim para um desabafo que emocionou muitos seguidores do influenciador.<\/p>\n<h2 class=\"wp-block-heading\">O Desafio de Ser Padrasto em uma Sociedade Cr\u00edtica<\/h2>\n<p>Ao abrir seu cora\u00e7\u00e3o, Thiago Nigro destacou uma realidade vivida por muitos padrastos. \u201cPor mais que a gente tente, sempre tem algu\u00e9m para julgar. Recebo muitas mensagens criticando, dizendo que n\u00e3o sou o pai biol\u00f3gico de Sophia. Mas tamb\u00e9m recebo mensagens de pessoas que entendem e se emocionam com o amor que existe aqui\u201d, disse ele.<\/p>\n<p>Thiago \u00e9 enf\u00e1tico ao afirmar que seu compromisso vai al\u00e9m de responsabilidades ocasionais. \u201cEu escolhi viver essa vida com Ma\u00edra e com a Sophia. N\u00e3o sou um visitante; estou aqui para ser uma figura presente e ativa. Acordar v\u00e1rias vezes \u00e0 noite, pegar ela na escola, brincar todos os dias, essas s\u00e3o partes da minha rotina que eu fa\u00e7o com amor e dedica\u00e7\u00e3o\u201d, completou.<\/p>\n<h2 class=\"wp-block-heading\">Como \u00c9 o Dia a Dia de Thiago Nigro com Sophia?<\/h2>\n<p>Explicando sua rotina, Thiago disse que busca Sophia na escola todos os dias e que o tempo juntos \u00e9 cheio de atividades divertidas e educativas. \u201cQuando pegamos ela na escola, nosso tempo \u00e9 dedicado a brincar, desenhar, jogar videogame e ver desenhos. Nada disso aparece nas redes sociais, mas essas s\u00e3o as coisas reais que fazemos diariamente\u201d, relatou ele.<\/p>\n<p>Ele tamb\u00e9m destacou a responsabilidade que assume com a pequena: \u201cFa\u00e7o sacrif\u00edcios, educo, participo de reuni\u00f5es escolares, pago as contas e estou sempre presente. Decidi ser pai, e ela me escolheu como pai. E \u00e9 s\u00f3 isso que importa\u201d, refor\u00e7ou Thiago.<\/p>\n<p>Thiago afirma que sua atua\u00e7\u00e3o n\u00e3o desvaloriza os pais biol\u00f3gicos e que seu papel \u00e9 complementar. \u201cNada disso diminui o papel dos pais biol\u00f3gicos. Mas eu tamb\u00e9m sou pai, com todos os sacrif\u00edcios e responsabilidades. \u00c9 uma decis\u00e3o di\u00e1ria de amar e cuidar, independente do que outros possam pensar\u201d, disse.<\/p>\n<p>Ele ainda completou: \u201cDesde que a Sophia tinha 4 anos, convivemos praticamente todos os dias. Esse tempo foi suficiente para estabelecer um v\u00ednculo irrefut\u00e1vel. O amor e o cuidado s\u00e3o os que realmente definem um pai\u201d, concluiu.<\/p>\n<\/p><\/div>\n<p><br \/>\n<br \/><a href=\"https:\/\/terrabrasilnoticias.com\/2024\/09\/thiago-nigro-faz-revelacao-surpreedente-sobre-relacao-com-filha-de-maira-cardi\/\">Source link <\/a><\/p>","protected":false},"excerpt":{"rendered":"<p>O empres\u00e1rio conhecido como Primo Rico, Thiago Nigro, resolveu abrir seu cora\u00e7\u00e3o e falar sobre sua rela\u00e7\u00e3o paternal com Sophia Aguiar, filha de 5 anos da coach Ma\u00edra Cardi e&hellip;<\/p>","protected":false},"author":1,"featured_media":31592,"comment_status":"closed","ping_status":"open","sticky":false,"template":"","format":"standard","meta":{"content-type":"","footnotes":""},"categories":[16],"tags":[],"class_list":["post-31591","post","type-post","status-publish","format-standard","has-post-thumbnail","hentry","category-noticias"],"_links":{"self":[{"href":"https:\/\/tvbrazilusa.com\/pt\/wp-json\/wp\/v2\/posts\/31591","targetHints":{"allow":["GET"]}}],"collection":[{"href":"https:\/\/tvbrazilusa.com\/pt\/wp-json\/wp\/v2\/posts"}],"about":[{"href":"https:\/\/tvbrazilusa.com\/pt\/wp-json\/wp\/v2\/types\/post"}],"author":[{"embeddable":true,"href":"https:\/\/tvbrazilusa.com\/pt\/wp-json\/wp\/v2\/users\/1"}],"replies":[{"embeddable":true,"href":"https:\/\/tvbrazilusa.com\/pt\/wp-json\/wp\/v2\/comments?post=31591"}],"version-history":[{"count":1,"href":"https:\/\/tvbrazilusa.com\/pt\/wp-json\/wp\/v2\/posts\/31591\/revisions"}],"predecessor-version":[{"id":31593,"href":"https:\/\/tvbrazilusa.com\/pt\/wp-json\/wp\/v2\/posts\/31591\/revisions\/31593"}],"wp:featuredmedia":[{"embeddable":true,"href":"https:\/\/tvbrazilusa.com\/pt\/wp-json\/wp\/v2\/media\/31592"}],"wp:attachment":[{"href":"https:\/\/tvbrazilusa.com\/pt\/wp-json\/wp\/v2\/media?parent=31591"}],"wp:term":[{"taxonomy":"category","embeddable":true,"href":"https:\/\/tvbrazilusa.com\/pt\/wp-json\/wp\/v2\/categories?post=31591"},{"taxonomy":"post_tag","embeddable":true,"href":"https:\/\/tvbrazilusa.com\/pt\/wp-json\/wp\/v2\/tags?post=31591"}],"curies":[{"name":"wp","href":"https:\/\/api.w.org\/{rel}","templated":true}]}}