{"id":31617,"date":"2024-09-04T13:00:00","date_gmt":"2024-09-04T13:00:00","guid":{"rendered":"https:\/\/tvbrazilusa.com\/2024\/09\/04\/brasil-deve-enfrentar-os-proximos-10-dias-sem-chuva\/"},"modified":"2024-09-04T13:03:09","modified_gmt":"2024-09-04T13:03:09","slug":"brasil-deve-enfrentar-os-proximos-10-dias-sem-chuva","status":"publish","type":"post","link":"https:\/\/tvbrazilusa.com\/pt\/2024\/09\/04\/brasil-deve-enfrentar-os-proximos-10-dias-sem-chuva\/","title":{"rendered":"Brasil deve enfrentar os pr\u00f3ximos 10 dias sem chuva"},"content":{"rendered":"<p> <script async src=\"https:\/\/pagead2.googlesyndication.com\/pagead\/js\/adsbygoogle.js?client=ca-pub-8864793242727901\"\r\n     crossorigin=\"anonymous\"><\/script><br \/>\n<\/p>\n<div>\n<p>Grande parte do Brasil dever\u00e1 enfrentar um per\u00edodo de escassez de chuva ou precipita\u00e7\u00e3o m\u00ednima nos pr\u00f3ximos dez dias. Segundo a previs\u00e3o da <em>MetSul Meteorologia<\/em>, uma extensa massa de ar seco e quente dominar\u00e1 o pa\u00eds, impedindo a ocorr\u00eancia de chuvas significativas. A instabilidade clim\u00e1tica ser\u00e1 mais evidente nos extremos do Sul e Norte do territ\u00f3rio nacional, bem como em algumas \u00e1reas costeiras.<\/p>\n<h2 class=\"wp-block-heading\">O Impacto da Massa de Ar Seco<\/h2>\n<p>A Regi\u00e3o Norte do Brasil ainda n\u00e3o est\u00e1 no seu per\u00edodo chuvoso, conhecido como inverno amaz\u00f4nico, que ocorre de dezembro a meados de maio e que normalmente concentra 60% a 70% da precipita\u00e7\u00e3o anual. Portanto, uma ampla \u00e1rea no Sul da Regi\u00e3o Norte ter\u00e1 pouca ou nenhuma chuva nos pr\u00f3ximos dez dias. As precipita\u00e7\u00f5es previstas devem se concentrar mais no Oeste e Norte do Amazonas, Norte do Par\u00e1, Amap\u00e1 e em Roraima.<\/p>\n<p>No Sul da Regi\u00e3o Norte, estados como Rond\u00f4nia e Tocantins dever\u00e3o enfrentar um tempo bastante seco. Grande parte do Par\u00e1 tamb\u00e9m sentir\u00e1 a escassez de chuva, com qualquer instabilidade sendo bastante localizada.<\/p>\n<h2 class=\"wp-block-heading\">Como a Instabilidade Afeta o Nordeste do Brasil?<\/h2>\n<p>No Nordeste, a instabilidade clim\u00e1tica continuar\u00e1 a se concentrar mais na costa. A faixa litor\u00e2nea, especialmente entre os litorais da Bahia e do Rio Grande do Norte, ser\u00e1 afetada pela chuva. Entretanto, no interior do Nordeste, o tempo seco ser\u00e1 predominante.<\/p>\n<p>Essa previs\u00e3o de seca no interior deve preocupar agricultores e moradores dessas regi\u00f5es, que dependem das chuvas para a agricultura e o abastecimento de \u00e1gua.<\/p>\n<h2 class=\"wp-block-heading\">Condi\u00e7\u00f5es Clim\u00e1ticas no Centro-Oeste e Sudeste<\/h2>\n<p>No Centro-Oeste do Brasil, o tempo seco ser\u00e1 a caracter\u00edstica marcante nos pr\u00f3ximos dez dias. Nenhuma chuva significativa \u00e9 esperada na maior parte dos munic\u00edpios da regi\u00e3o. Goi\u00e1s e o Distrito Federal continuar\u00e3o sem a presen\u00e7a de chuvas, e apenas \u00e1reas isoladas no Mato Grosso do Sul poder\u00e3o ver alguma precipita\u00e7\u00e3o, embora de maneira muito espor\u00e1dica.<\/p>\n<p>O Sudeste do Brasil seguir\u00e1 uma tend\u00eancia similar de seca. Com exce\u00e7\u00e3o de algumas \u00e1reas costeiras em S\u00e3o Paulo, Rio de Janeiro e Esp\u00edrito Santo, quase toda a regi\u00e3o Sudeste deve experimentar escassez de precipita\u00e7\u00e3o nos pr\u00f3ximos dias, com o tempo seco predominando.<\/p>\n<h2 class=\"wp-block-heading\">Previs\u00e3o para a Regi\u00e3o Sul: Quando Vai Chover?<\/h2>\n<p>Embora a Regi\u00e3o Sul do Brasil possa ver alguma chuva, especialmente no Rio Grande do Sul, a previs\u00e3o \u00e9 que a maioria dos pr\u00f3ximos dez dias seja dominada por tempo seco. Uma frente fria esperada entre quarta e quinta-feira poder\u00e1 trazer chuva para a regi\u00e3o, mas em volumes limitados.<\/p>\n<p>No in\u00edcio da pr\u00f3xima semana, pode ocorrer um novo epis\u00f3dio de chuvas no Sul do Rio Grande do Sul, enquanto a maior parte da Regi\u00e3o Sul dever\u00e1 continuar sem precipita\u00e7\u00e3o significativa.<\/p>\n<\/p><\/div>\n<p><br \/>\n<br \/><a href=\"https:\/\/terrabrasilnoticias.com\/2024\/09\/brasil-deve-enfrentar-os-proximos-10-dias-sem-chuva\/\">Source link <\/a><\/p>","protected":false},"excerpt":{"rendered":"<p>Grande parte do Brasil dever\u00e1 enfrentar um per\u00edodo de escassez de chuva ou precipita\u00e7\u00e3o m\u00ednima nos pr\u00f3ximos dez dias. Segundo a previs\u00e3o da MetSul Meteorologia, uma extensa massa de ar&hellip;<\/p>","protected":false},"author":1,"featured_media":31618,"comment_status":"closed","ping_status":"open","sticky":false,"template":"","format":"standard","meta":{"content-type":"","footnotes":""},"categories":[16],"tags":[123,1381,1360,2750,1379],"class_list":["post-31617","post","type-post","status-publish","format-standard","has-post-thumbnail","hentry","category-noticias","tag-brasil","tag-chuva","tag-clima","tag-previsao-do-tempo","tag-seca"],"_links":{"self":[{"href":"https:\/\/tvbrazilusa.com\/pt\/wp-json\/wp\/v2\/posts\/31617","targetHints":{"allow":["GET"]}}],"collection":[{"href":"https:\/\/tvbrazilusa.com\/pt\/wp-json\/wp\/v2\/posts"}],"about":[{"href":"https:\/\/tvbrazilusa.com\/pt\/wp-json\/wp\/v2\/types\/post"}],"author":[{"embeddable":true,"href":"https:\/\/tvbrazilusa.com\/pt\/wp-json\/wp\/v2\/users\/1"}],"replies":[{"embeddable":true,"href":"https:\/\/tvbrazilusa.com\/pt\/wp-json\/wp\/v2\/comments?post=31617"}],"version-history":[{"count":1,"href":"https:\/\/tvbrazilusa.com\/pt\/wp-json\/wp\/v2\/posts\/31617\/revisions"}],"predecessor-version":[{"id":31619,"href":"https:\/\/tvbrazilusa.com\/pt\/wp-json\/wp\/v2\/posts\/31617\/revisions\/31619"}],"wp:featuredmedia":[{"embeddable":true,"href":"https:\/\/tvbrazilusa.com\/pt\/wp-json\/wp\/v2\/media\/31618"}],"wp:attachment":[{"href":"https:\/\/tvbrazilusa.com\/pt\/wp-json\/wp\/v2\/media?parent=31617"}],"wp:term":[{"taxonomy":"category","embeddable":true,"href":"https:\/\/tvbrazilusa.com\/pt\/wp-json\/wp\/v2\/categories?post=31617"},{"taxonomy":"post_tag","embeddable":true,"href":"https:\/\/tvbrazilusa.com\/pt\/wp-json\/wp\/v2\/tags?post=31617"}],"curies":[{"name":"wp","href":"https:\/\/api.w.org\/{rel}","templated":true}]}}