{"id":31623,"date":"2024-09-04T13:08:33","date_gmt":"2024-09-04T13:08:33","guid":{"rendered":"https:\/\/tvbrazilusa.com\/2024\/09\/04\/lideres-da-cidade-discutem-realocacao-de-moradores-de-rua-ja-que-a-lei-estadual-que-os-proibe-de-dormir-em-espacos-publicos-entrara-em-vigor-em-breve-wsvn-7news-noticias-de-miami-clima-esportes\/"},"modified":"2024-09-04T13:24:17","modified_gmt":"2024-09-04T13:24:17","slug":"lideres-da-cidade-discutem-realocacao-de-moradores-de-rua-ja-que-a-lei-estadual-que-os-proibe-de-dormir-em-espacos-publicos-entrara-em-vigor-em-breve-wsvn-7news-noticias-de-miami-clima-esportes","status":"publish","type":"post","link":"https:\/\/tvbrazilusa.com\/pt\/2024\/09\/04\/lideres-da-cidade-discutem-realocacao-de-moradores-de-rua-ja-que-a-lei-estadual-que-os-proibe-de-dormir-em-espacos-publicos-entrara-em-vigor-em-breve-wsvn-7news-noticias-de-miami-clima-esportes\/","title":{"rendered":"L\u00edderes da cidade discutem realoca\u00e7\u00e3o de moradores de rua, j\u00e1 que a lei estadual que os pro\u00edbe de dormir em espa\u00e7os p\u00fablicos entrar\u00e1 em vigor em breve &#8211; WSVN 7News | Not\u00edcias de Miami, Clima, Esportes | Fort Lauderdale"},"content":{"rendered":"<p> <script async src=\"https:\/\/pagead2.googlesyndication.com\/pagead\/js\/adsbygoogle.js?client=ca-pub-8864793242727901\"\r\n     crossorigin=\"anonymous\"><\/script><br \/>\n<\/p>\n<div itemprop=\"articleBody\">\n<p>FORT LAUDERDALE, FL\u00d3RIDA (WSVN) &#8211; Uma nova regra est\u00e1 afetando diretamente um dos cidad\u00e3os mais vulner\u00e1veis \u200b\u200bdo estado, os desabrigados, mas os l\u00edderes da cidade de Fort Lauderdale, encarregados de fazer cumprir a lei e realocar a popula\u00e7\u00e3o desabrigada, est\u00e3o lutando para encontrar uma resolu\u00e7\u00e3o ideal para ambas as partes.<\/p>\n<p>Isto vem na sequ\u00eancia do <a href=\"https:\/\/wsvn.com\/news\/politics\/florida-homeless-to-be-banned-from-sleeping-in-public-spaces-under-desantis-backed-law\/\" data-type=\"link\" data-id=\"https:\/\/wsvn.com\/news\/politics\/florida-homeless-to-be-banned-from-sleeping-in-public-spaces-under-desantis-backed-law\/\" target=\"_blank\" rel=\"noreferrer noopener\">lei que pro\u00edbe moradores de rua da Fl\u00f3rida de dormir em cal\u00e7adas, parques e outros locais p\u00fablicos<\/a> que entrar\u00e1 em vigor no m\u00eas que vem.  <\/p>\n<p>O xerife do Condado de Broward, Gregory Tony, disse que n\u00e3o permitir\u00e1 que os presos por descumprirem a lei sejam alojados em suas pris\u00f5es, o que gerou novas discuss\u00f5es sobre poss\u00edveis acampamentos para moradores de rua. <\/p>\n<p>Em uma reuni\u00e3o da comiss\u00e3o realizada na quarta-feira, alguns sugeriram um acampamento de moradores de rua do lado de fora de uma grande arena esportiva em Fort Lauderdale como resolu\u00e7\u00e3o. <\/p>\n<p>\u201cVoc\u00ea provavelmente j\u00e1 ouviu falar sobre isso. Eu contei para meu filho outro dia, meu filho mais novo. Ele disse: &#8216;Deixe-me entender isso direito, pai. Voc\u00ea quer pegar o time de futebol profissional de mais alta classifica\u00e7\u00e3o na Am\u00e9rica do Norte, que tem o jogador de futebol mais famoso do mundo jogando l\u00e1, que est\u00e1 prestes a come\u00e7ar os playoffs, e voc\u00ea quer colocar um acampamento para moradores de rua no estacionamento deles. E a resposta \u00e9 que tem que ir para algum lugar.\u201d<\/p>\n<p>O local em quest\u00e3o \u00e9 o que em breve ser\u00e1 conhecido como Lockhart Park, do lado de fora do Chase Stadium. Era parte do acordo com a cidade de Fort Lauderdale feito com a InterMiami, mas o time de futebol vem prolongando a constru\u00e7\u00e3o do parque. <\/p>\n<p>Enquanto alguns se recusam terminantemente a ter um acampamento para moradores de rua em um parque da cidade, outros sugerem utilizar garagens da cidade ou realocar os moradores de rua para fora do centro de Fort Lauderdale.<\/p>\n<p>Em uma discuss\u00e3o bastante acalorada, um comiss\u00e1rio e um participante opinaram sobre a conversa.<\/p>\n<p>\u201cPodemos ser processados. N\u00f3s, a cidade, podemos ser processados \u200b\u200bpor indiv\u00edduos e empresas se n\u00e3o removermos essas pessoas que est\u00e3o acampando em propriedade p\u00fablica. Ent\u00e3o, o que fazemos?\u201d disse o comiss\u00e1rio John C. Herbst <\/p>\n<p>\u201cEnt\u00e3o voc\u00ea acha que o centro do nosso centro \u00e9 o lugar? A prefeitura \u00e9 o centro do nosso centro\u201d, disse um participante. <\/p>\n<p>\u201cOnde voc\u00ea quer que eu os coloque?\u201d, disse o Comiss\u00e1rio Herbst. <\/p>\n<p>\u201cBroward n\u00e3o incorporada\u201d, disse o participante.<\/p>\n<p>\u201cVoc\u00ea quer que eu os pegue, coloque-os em um \u00f4nibus, os leve para a cidade de outra pessoa e os deixe l\u00e1?\u201d, rebateu o comiss\u00e1rio Herbst.<\/p>\n<p>As discuss\u00f5es provavelmente continuar\u00e3o, pois os l\u00edderes da cidade n\u00e3o chegaram a um acordo. <\/p>\n<p>A portaria est\u00e1 prevista para entrar em vigor em 1\u00ba de outubro. <\/p>\n<p><em>Copyright 2024 Sunbeam Television Corp. Todos os direitos reservados. Este material n\u00e3o pode ser publicado, transmitido, reescrito ou redistribu\u00eddo.<\/em><\/p>\n<div class=\"wp-block-newsletter\">\n\t<strong class=\"wp-block-newsletter__title\">Inscreva-se em nossa Newsletter para receber as \u00faltimas not\u00edcias diretamente na sua caixa de entrada<\/strong><\/p>\n<\/div><\/div>\n<p><br \/>\n<br \/><a href=\"https:\/\/wsvn.com\/news\/local\/broward\/city-leaders-discuss-re-housing-the-homeless-as-state-law-banning-them-from-sleeping-in-public-spaces-will-soon-go-into-effect\/\">Source link <\/a><\/p>","protected":false},"excerpt":{"rendered":"<p>FORT LAUDERDALE, FL\u00d3RIDA (WSVN) &#8211; Uma nova regra est\u00e1 afetando diretamente um dos cidad\u00e3os mais vulner\u00e1veis \u200b\u200bdo estado, os desabrigados, mas os l\u00edderes da cidade de Fort Lauderdale, encarregados de&hellip;<\/p>","protected":false},"author":1,"featured_media":31624,"comment_status":"closed","ping_status":"open","sticky":false,"template":"","format":"standard","meta":{"content-type":"","footnotes":""},"categories":[1],"tags":[],"class_list":["post-31623","post","type-post","status-publish","format-standard","has-post-thumbnail","hentry","category-uncategorized"],"_links":{"self":[{"href":"https:\/\/tvbrazilusa.com\/pt\/wp-json\/wp\/v2\/posts\/31623","targetHints":{"allow":["GET"]}}],"collection":[{"href":"https:\/\/tvbrazilusa.com\/pt\/wp-json\/wp\/v2\/posts"}],"about":[{"href":"https:\/\/tvbrazilusa.com\/pt\/wp-json\/wp\/v2\/types\/post"}],"author":[{"embeddable":true,"href":"https:\/\/tvbrazilusa.com\/pt\/wp-json\/wp\/v2\/users\/1"}],"replies":[{"embeddable":true,"href":"https:\/\/tvbrazilusa.com\/pt\/wp-json\/wp\/v2\/comments?post=31623"}],"version-history":[{"count":1,"href":"https:\/\/tvbrazilusa.com\/pt\/wp-json\/wp\/v2\/posts\/31623\/revisions"}],"predecessor-version":[{"id":31625,"href":"https:\/\/tvbrazilusa.com\/pt\/wp-json\/wp\/v2\/posts\/31623\/revisions\/31625"}],"wp:featuredmedia":[{"embeddable":true,"href":"https:\/\/tvbrazilusa.com\/pt\/wp-json\/wp\/v2\/media\/31624"}],"wp:attachment":[{"href":"https:\/\/tvbrazilusa.com\/pt\/wp-json\/wp\/v2\/media?parent=31623"}],"wp:term":[{"taxonomy":"category","embeddable":true,"href":"https:\/\/tvbrazilusa.com\/pt\/wp-json\/wp\/v2\/categories?post=31623"},{"taxonomy":"post_tag","embeddable":true,"href":"https:\/\/tvbrazilusa.com\/pt\/wp-json\/wp\/v2\/tags?post=31623"}],"curies":[{"name":"wp","href":"https:\/\/api.w.org\/{rel}","templated":true}]}}