{"id":31654,"date":"2024-09-04T14:21:18","date_gmt":"2024-09-04T14:21:18","guid":{"rendered":"https:\/\/tvbrazilusa.com\/2024\/09\/04\/agora-aviao-de-empresa-de-gusttavo-lima-e-apreendido-em-operacao\/"},"modified":"2024-09-04T14:27:46","modified_gmt":"2024-09-04T14:27:46","slug":"agora-aviao-de-empresa-de-gusttavo-lima-e-apreendido-em-operacao","status":"publish","type":"post","link":"https:\/\/tvbrazilusa.com\/pt\/2024\/09\/04\/agora-aviao-de-empresa-de-gusttavo-lima-e-apreendido-em-operacao\/","title":{"rendered":"AGORA: avi\u00e3o de empresa de Gusttavo Lima \u00e9 apreendido em opera\u00e7\u00e3o"},"content":{"rendered":"<p> <script async src=\"https:\/\/pagead2.googlesyndication.com\/pagead\/js\/adsbygoogle.js?client=ca-pub-8864793242727901\"\r\n     crossorigin=\"anonymous\"><\/script><br \/>\n<\/p>\n<div>\n<p>Um avi\u00e3o que pertence \u00e0 empresa do sertanejo <strong>Gusttavo Lima<\/strong> foi apreendido pela Pol\u00edcia Civil de S\u00e3o Paulo na manh\u00e3 desta quarta-feira (4\/9). A investiga\u00e7\u00e3o faz parte da Opera\u00e7\u00e3o Integration, deflagrada em conjunto com as for\u00e7as policiais de Pernambuco, Paran\u00e1, Para\u00edba e Goi\u00e1s.<\/p>\n<p>O avi\u00e3o, prefixo PR-TEN, foi recolhido por policiais enquanto passava por uma manuten\u00e7\u00e3o no aeroporto de Jundia\u00ed, S\u00e3o Paulo. Conforme a Pol\u00edcia Civil, a a\u00e7\u00e3o mira uma organiza\u00e7\u00e3o criminosa que movimentou R$ 3 bilh\u00f5es provenientes de jogos ilegais.<\/p>\n<h2 class=\"wp-block-heading\">Qual o Motivo da Apreens\u00e3o do Avi\u00e3o de Gusttavo Lima?<\/h2>\n<p>Segundo apurado pela TV TEM, uma testemunha ligada ao hangar onde a aeronave estava disse que a Pol\u00edcia Civil foi ao local e informou \u00e0 empresa do aeroporto que o avi\u00e3o n\u00e3o poderia sair de l\u00e1. Conforme registro na Ag\u00eancia Nacional de Avia\u00e7\u00e3o Civil (Anac), a aeronave est\u00e1 registrada para a empresa Balada Eventos e Produ\u00e7\u00f5es LTDA, do cantor. Ainda conforme a Anac, o registro do avi\u00e3o tem \u201csitua\u00e7\u00e3o normal\u201d.<\/p>\n<p>A equipe de Gusttavo Lima informou ao GLOBO que o avi\u00e3o foi vendido, apesar de ainda estar registrado como de propriedade da empresa do cantor. Este fato tem gerado confus\u00e3o e trouxe \u00e0 tona a necessidade da investiga\u00e7\u00e3o relacionada ao ve\u00edculo.<\/p>\n<h2 class=\"wp-block-heading\">Quantas Pris\u00f5es e Mandados Foram Cumpridos na Opera\u00e7\u00e3o?<\/h2>\n<p>Conforme a pol\u00edcia, est\u00e3o sendo cumpridos 19 mandados de pris\u00e3o e 24 de busca e apreens\u00e3o no Recife, Campina Grande (PB), Barueri (SP), Cascavel (PR), Curitiba e Goi\u00e2nia. Entre os presos est\u00e1 a influencer e advogada Deolane Bezerra. Esses mandados visam desmantelar a rede criminosa envolvida com movimenta\u00e7\u00f5es financeiras il\u00edcitas e jogos ilegais.<\/p>\n<h2 class=\"wp-block-heading\">O Que Foi Apreendido Al\u00e9m do Avi\u00e3o?<\/h2>\n<p>A Pol\u00edcia Civil divulgou que, al\u00e9m da apreens\u00e3o do avi\u00e3o, um carro de luxo foi apreendido na mans\u00e3o de <strong>Deolane Bezerra<\/strong>, em um condom\u00ednio de alto padr\u00e3o em Barueri. Al\u00e9m disso, houve o sequestro de bens e bloqueio de ativos financeiros no valor de R$ 2,1 bilh\u00f5es dos investigados.<\/p>\n<p>Em Campina Grande, no Agreste da Para\u00edba, um helic\u00f3ptero tamb\u00e9m foi apreendido. Os endere\u00e7os que foram alvo dos mandados e o helic\u00f3ptero apreendido teriam liga\u00e7\u00e3o com a empresa de apostas esportivas online \u201cVai de Bet\u201d.<\/p>\n<h3 class=\"wp-block-heading\">Principais Alvos da Opera\u00e7\u00e3o Integration<\/h3>\n<ul class=\"wp-block-list\">\n<li>19 mandados de pris\u00e3o.<\/li>\n<li>24 mandados de busca e apreens\u00e3o.<\/li>\n<li>Deolane Bezerra, influencer e advogada, est\u00e1 entre os presos.<\/li>\n<\/ul>\n<h3 class=\"wp-block-heading\">Bens Apreendidos na Opera\u00e7\u00e3o Integration<\/h3>\n<ul class=\"wp-block-list\">\n<li>Avi\u00e3o PR-TEN, pertencente \u00e0 Balada Eventos e Produ\u00e7\u00f5es LTDA.<\/li>\n<li>Carro de luxo na mans\u00e3o de Deolane Bezerra.<\/li>\n<li>Helic\u00f3ptero em Campina Grande (PB).<\/li>\n<\/ul>\n<h3 class=\"wp-block-heading\">Valores Bloqueados e Sequestrados<\/h3>\n<ul class=\"wp-block-list\">\n<li>Sequestro de bens: R$ 2,1 bilh\u00f5es.<\/li>\n<li>Bloqueio de ativos financeiros dos investigados.<\/li>\n<\/ul><\/div>\n<p><br \/>\n<br \/><a href=\"https:\/\/terrabrasilnoticias.com\/2024\/09\/agora-aviao-de-empresa-de-gusttavo-lima-e-apreendido-em-operacao\/\">Source link <\/a><\/p>","protected":false},"excerpt":{"rendered":"<p>Um avi\u00e3o que pertence \u00e0 empresa do sertanejo Gusttavo Lima foi apreendido pela Pol\u00edcia Civil de S\u00e3o Paulo na manh\u00e3 desta quarta-feira (4\/9). A investiga\u00e7\u00e3o faz parte da Opera\u00e7\u00e3o Integration,&hellip;<\/p>","protected":false},"author":1,"featured_media":31655,"comment_status":"closed","ping_status":"open","sticky":false,"template":"","format":"standard","meta":{"content-type":"","footnotes":""},"categories":[16],"tags":[],"class_list":["post-31654","post","type-post","status-publish","format-standard","has-post-thumbnail","hentry","category-noticias"],"_links":{"self":[{"href":"https:\/\/tvbrazilusa.com\/pt\/wp-json\/wp\/v2\/posts\/31654","targetHints":{"allow":["GET"]}}],"collection":[{"href":"https:\/\/tvbrazilusa.com\/pt\/wp-json\/wp\/v2\/posts"}],"about":[{"href":"https:\/\/tvbrazilusa.com\/pt\/wp-json\/wp\/v2\/types\/post"}],"author":[{"embeddable":true,"href":"https:\/\/tvbrazilusa.com\/pt\/wp-json\/wp\/v2\/users\/1"}],"replies":[{"embeddable":true,"href":"https:\/\/tvbrazilusa.com\/pt\/wp-json\/wp\/v2\/comments?post=31654"}],"version-history":[{"count":1,"href":"https:\/\/tvbrazilusa.com\/pt\/wp-json\/wp\/v2\/posts\/31654\/revisions"}],"predecessor-version":[{"id":31656,"href":"https:\/\/tvbrazilusa.com\/pt\/wp-json\/wp\/v2\/posts\/31654\/revisions\/31656"}],"wp:featuredmedia":[{"embeddable":true,"href":"https:\/\/tvbrazilusa.com\/pt\/wp-json\/wp\/v2\/media\/31655"}],"wp:attachment":[{"href":"https:\/\/tvbrazilusa.com\/pt\/wp-json\/wp\/v2\/media?parent=31654"}],"wp:term":[{"taxonomy":"category","embeddable":true,"href":"https:\/\/tvbrazilusa.com\/pt\/wp-json\/wp\/v2\/categories?post=31654"},{"taxonomy":"post_tag","embeddable":true,"href":"https:\/\/tvbrazilusa.com\/pt\/wp-json\/wp\/v2\/tags?post=31654"}],"curies":[{"name":"wp","href":"https:\/\/api.w.org\/{rel}","templated":true}]}}