{"id":31657,"date":"2024-09-04T14:29:20","date_gmt":"2024-09-04T14:29:20","guid":{"rendered":"https:\/\/tvbrazilusa.com\/2024\/09\/04\/bill-belichick-ofereceu-suas-opinioes-sobre-as-decisoes-do-elenco-dos-patriots-durante-a-offseason\/"},"modified":"2024-09-04T14:33:10","modified_gmt":"2024-09-04T14:33:10","slug":"bill-belichick-ofereceu-suas-opinioes-sobre-as-decisoes-do-elenco-dos-patriots-durante-a-offseason","status":"publish","type":"post","link":"https:\/\/tvbrazilusa.com\/pt\/2024\/09\/04\/bill-belichick-ofereceu-suas-opinioes-sobre-as-decisoes-do-elenco-dos-patriots-durante-a-offseason\/","title":{"rendered":"Bill Belichick ofereceu suas opini\u00f5es sobre as decis\u00f5es do elenco dos Patriots durante a offseason"},"content":{"rendered":"<p> <script async src=\"https:\/\/pagead2.googlesyndication.com\/pagead\/js\/adsbygoogle.js?client=ca-pub-8864793242727901\"\r\n     crossorigin=\"anonymous\"><\/script><br \/>\n<\/p>\n<div id=\"\">\n<header class=\"m-article-header m-article-header--standard\">\n\t\t\t\t\t\t\t\t\t\t\t\t<span id=\"article-header-primary-term\"><br \/>\n\t\t\t\t\t\t\t\t<a class=\"a-term a-term--primary\" href=\"https:\/\/www.boston.com\/tag\/morning-sports-update\/\"><\/p>\n<p>\t\t\t\t\t\t\t\tAtualiza\u00e7\u00e3o de esportes matinais\t\t\t\t\t\t\t\t<\/a><br \/>\n\t\t\t\t\t\t\t<\/span><\/p>\n<h2 class=\"m-article-header__sub-headline\">Belichick falou sobre quem a New England recontratou na offseason e tamb\u00e9m sobre &#8220;o cara que n\u00e3o est\u00e1 na lista&#8221;.<\/h2>\n<figure class=\"a-photo m-article-header__photo\"><figcaption class=\"a-photo__caption\">\n<p>\tBill Belichick na coletiva de imprensa anunciando sua sa\u00edda dos Patriots em janeiro de 2024.<em> John Tlumacki\/Equipe Globe<\/em>\t<\/figcaption><\/figure>\n<\/header>\n<p><strong>As reflex\u00f5es de Bill Belichick e Matt Patricia sobre a offseason dos Patriots<\/strong>: Uma nova din\u00e2mica para <a href=\"https:\/\/www.boston.com\/tag\/new-england-patriots\/\">Patriotas<\/a> os f\u00e3s na era p\u00f3s-Bill Belichick est\u00e3o vendo o que o antigo treinador pensa sobre seu agora antigo time.<\/p>\n<p>Isso ser\u00e1 especialmente proeminente em 2024, dada a infinidade de empregos que Belichick assumiu na m\u00eddia. Um deles, <a href=\"https:\/\/www.boston.com\/sports\/nfl\/2024\/07\/31\/bill-belichick-underdog-fantasy-sports-show-announcement\/\">trabalhando para Underdog Fantasy<\/a>inclui oferecer an\u00e1lises sobre os movimentos das equipes durante a offseason.<\/p>\n<p>Como resultado, os f\u00e3s dos Patriots est\u00e3o oficialmente come\u00e7ando a ouvir Belichick (junto com o convidado surpreendente e ex-coordenador do New England, Matt Patricia) sobre o que agora se tornou o time de Jerod Mayo.<\/p>\n<p>Patricia destacou que Mayo e o vice-presidente executivo de pessoal de jogadores, Elliot Wolf, trouxeram de volta v\u00e1rios jogadores do time de 2023.<\/p>\n<p>\u201cVoc\u00ea pode realmente ver [that] eles recontrataram muitos dos jogadores que trouxemos para l\u00e1, e estavam l\u00e1 porque obviamente gostam desses caras\u201d, disse Patricia, tamb\u00e9m identificando que houve \u201calguns jogadores que eles n\u00e3o recontrataram\u201d.<\/p>\n<p>Belichick observou que os Patriots decidiram recontratar ou estender os contratos do wide receiver Kendrick Bourne, do offensive lineman Michael Onwenu, do running back Rhamondre Stevenson e do tight end Hunter Henry.<\/p>\n<p>\u201cEle tem sido um l\u00edder s\u00f3lido para eles\u201d, acrescentou Belichick sobre Henry, de 29 anos.<\/p>\n<p>Depois de analisar os nomes adicionais que os Patriots optaram por manter na Nova Inglaterra, Belichick destacou um nome que estava faltando.<\/p>\n<p>\u201cO cara que n\u00e3o est\u00e1 nessa lista, \u00e9 claro, \u00e9 Matt Judon\u201d, disse ele. \u201cMatt Judon foi negociado para Atlanta, e isso proporcionar\u00e1 uma oportunidade para [Josh] Uche, [Jahlani] Tavai, e [Anfernee] Jennings para assumir aquele lugar que, voc\u00ea sabe, Judon teria tido muito tempo de jogo. Ent\u00e3o, veremos como esses caras se saem, mas muitos caras voltaram.\u201d<\/p>\n<p>\u201cAs adi\u00e7\u00f5es foram principalmente escolhas de draft\u201d, acrescentou Belichick.<\/p>\n<p>Patricia manteve os holofotes em Judon.<\/p>\n<p>\u201cObviamente Judon [is] um cara de quem realmente gost\u00e1vamos e gost\u00e1vamos muito de estar por perto\u201d, disse o ex-coordenador defensivo da Nova Inglaterra. \u201cBom jogador de futebol. Um jogador de futebol muito produtivo, ent\u00e3o esses caras v\u00e3o ter que entrar e tentar preencher essa produ\u00e7\u00e3o no lado defensivo da bola.\u201d<\/p>\n<p>Os Patriots negociaram Judon com os Falcons em meados de agosto, enquanto a disputa contratual continuava. Os termos, de acordo com um <a href=\"https:\/\/www.patriots.com\/news\/patriots-trade-lb-matthew-judon-to-the-atlanta-falcons\">an\u00fancio da equipe<\/a>incluiu uma escolha de terceira rodada indo para New England. Ele foi originalmente contratado por Belichick em 2021 em um acordo de quatro anos.<\/p>\n<p><strong>Curiosidades<\/strong>:Voc\u00ea consegue citar o nome de todos os ex-t\u00e9cnicos assistentes do Bill Belichick-Patriots que se tornaram treinadores principais da NFL?<\/p>\n<p>(Resposta no final).<\/p>\n<p>Dica: Oito no total (a lista n\u00e3o inclui Nick Saban ou Al Groh, pois eles n\u00e3o eram assistentes dos Patriots sob Belichick).<\/p>\n<p><strong>Pontua\u00e7\u00f5es e hor\u00e1rios<\/strong>: <\/p>\n<p>O Red Sox perdeu para o Mets <a href=\"https:\/\/www.boston.com\/sports\/boston-red-sox\/2024\/09\/03\/lindor-and-peterson-lead-streaking-mets-to-7-2-win-over-fading-red-sox\/\">7-2<\/a> na ter\u00e7a-feira, a quarta derrota consecutiva de Boston. As duas equipes concluem o set de tr\u00eas jogos hoje \u00e0 noite em Nova York \u00e0s 19h10<\/p>\n<p>Tamb\u00e9m na ter\u00e7a-feira, o Connecticut Sun perdeu para o Seattle Storm por 71-64. O Sun recebe o Las Vegas Aces na sexta-feira \u00e0s 19h30 <\/p>\n<p><strong>Mais de Boston.com<\/strong>: <\/p>\n<p><strong>Velocidade ultrajante<\/strong>: O apaziguador dos Angels, Ben Joyce, chegou a 0,3 MPH do recorde de todos os tempos da MLB de velocidade de arremesso estabelecido por Aroldis Chapman em 2010.<\/p>\n<figure class=\"wp-block-embed is-type-rich is-provider-twitter wp-block-embed-twitter\"\/>\n<p><strong>Bill Belichick acrescenta outra fun\u00e7\u00e3o na m\u00eddia<\/strong>: O ex-t\u00e9cnico principal dos Patriots tamb\u00e9m se juntar\u00e1 ao 33\u00ba time como um \u201cconsultor estrat\u00e9gico\u201d.<\/p>\n<figure class=\"wp-block-embed is-type-rich is-provider-twitter wp-block-embed-twitter\">\n<div class=\"wp-block-embed__wrapper\">\n<blockquote class=\"twitter-tweet\" data-width=\"500\" data-dnt=\"true\">\n<p lang=\"en\" dir=\"ltr\">Bill Belichick tem mais um emprego na m\u00eddia. Belichick est\u00e1 se juntando \u00e0 33rd Team, uma empresa emergente de m\u00eddia e tecnologia, como consultor estrat\u00e9gico.<\/p>\n<p>Os ex-treinadores principais da NFL Matt Patricia e Adam Gase tamb\u00e9m est\u00e3o se juntando ao 33\u00ba time. <a href=\"https:\/\/t.co\/ohqo2ekn2o\">foto.twitter.com\/ohqo2ekn2o<\/a><\/p>\n<p>-Adam Schefter (@AdamSchefter) <a href=\"https:\/\/twitter.com\/AdamSchefter\/status\/1831299384585126372?ref_src=twsrc%5Etfw\">4 de setembro de 2024<\/a><\/p><\/blockquote>\n<\/div>\n<\/figure>\n<p><strong>Neste dia<\/strong>:Em 2000, o Red Sox recebeu Carlton Fisk de volta ao Fenway Park para o <a href=\"https:\/\/youtu.be\/5SGyhbsDK8g?si=_Fdnbpm4ouSHvaHv\">aposentadoria de seu n\u00ba 27<\/a>. Marcou a reconcilia\u00e7\u00e3o p\u00fablica de um relacionamento entre o inimit\u00e1vel apanhador do Hall da Fama e o time de sua cidade natal (que notoriamente se rompeu em uma bizarra rivalidade em 1980 que resultou na sa\u00edda de Fisk e Fred Lynn na offseason. <a href=\"https:\/\/www.boston.com\/sports\/boston-red-sox\/2021\/02\/12\/carlton-fisk-fred-lynn-mailed-contracts-red-sox-1980\/#:~:text=The%20Red%20Sox%20failed%20to,22.\">depois que seus contratos foram enviados com atraso<\/a>).<\/p>\n<p>Boston comemorou a ocasi\u00e3o com <a href=\"https:\/\/www.baseball-reference.com\/boxes\/BOS\/BOS200009040.shtml\">5-1<\/a> vit\u00f3ria sobre os Mariners. Pedro Martinez liderou a investida, eliminando 11 em oito innings (permitindo apenas uma corrida). Ele reduziu sua ERA para um microsc\u00f3pico 1,66 no processo. <\/p>\n<p>Em outro lugar, um t\u00e9cnico novato dos Patriots se preparou para a pr\u00f3xima temporada com perguntas sobre a linha ofensiva (em uma refer\u00eancia atual a 2024).<\/p>\n<figure class=\"wp-block-image size-full\"><img fetchpriority=\"high\" decoding=\"async\" width=\"1443\" height=\"2560\" src=\"https:\/\/bdc2020.o0bc.com\/wp-content\/uploads\/2024\/09\/2000_Boston_Globe_Sports_Carlton_Fisk_Pedro_Martinez_Red_Sox-66d848577894d-scaled.jpg\" alt=\"2000 Boston Globe Carlton Fisk Pedro Martinez Red Sox\" class=\"wp-image-31555780\" srcset=\"https:\/\/bdc2020.o0bc.com\/wp-content\/uploads\/2024\/09\/2000_Boston_Globe_Sports_Carlton_Fisk_Pedro_Martinez_Red_Sox-66d848577894d-scaled.jpg?width=200 200w, https:\/\/bdc2020.o0bc.com\/wp-content\/uploads\/2024\/09\/2000_Boston_Globe_Sports_Carlton_Fisk_Pedro_Martinez_Red_Sox-66d848577894d-scaled.jpg?width=300 300w, https:\/\/bdc2020.o0bc.com\/wp-content\/uploads\/2024\/09\/2000_Boston_Globe_Sports_Carlton_Fisk_Pedro_Martinez_Red_Sox-66d848577894d-scaled.jpg?width=400 400w, https:\/\/bdc2020.o0bc.com\/wp-content\/uploads\/2024\/09\/2000_Boston_Globe_Sports_Carlton_Fisk_Pedro_Martinez_Red_Sox-66d848577894d-scaled.jpg?width=500 500w, https:\/\/bdc2020.o0bc.com\/wp-content\/uploads\/2024\/09\/2000_Boston_Globe_Sports_Carlton_Fisk_Pedro_Martinez_Red_Sox-66d848577894d-scaled.jpg?width=600 600w, https:\/\/bdc2020.o0bc.com\/wp-content\/uploads\/2024\/09\/2000_Boston_Globe_Sports_Carlton_Fisk_Pedro_Martinez_Red_Sox-66d848577894d-scaled.jpg?width=700 700w, https:\/\/bdc2020.o0bc.com\/wp-content\/uploads\/2024\/09\/2000_Boston_Globe_Sports_Carlton_Fisk_Pedro_Martinez_Red_Sox-66d848577894d-scaled.jpg?width=800 800w, https:\/\/bdc2020.o0bc.com\/wp-content\/uploads\/2024\/09\/2000_Boston_Globe_Sports_Carlton_Fisk_Pedro_Martinez_Red_Sox-66d848577894d-scaled.jpg?width=900 900w\" sizes=\"(max-width: 1443px) 100vw, 1443px\"\/><\/figure>\n<p><strong>Destaque di\u00e1rio<\/strong>:Uma bela recep\u00e7\u00e3o deslizante de Rob Refsnyder na ter\u00e7a-feira.<\/p>\n<figure class=\"wp-block-embed is-type-rich is-provider-twitter wp-block-embed-twitter\"\/>\n<p><em>Resposta de curiosidades: Bill O&#8217;Brien, Brian Flores, Brian Daboll, Eric Mangini, Romeo Crennel, Josh McDaniels, Matt Patricia, Joe Judge<\/em><\/p>\n<div class=\"m-block m-generic-cta\t m-generic-cta--post-content\t m-generic-cta--dark\t m-generic-cta--homepage\t m-generic-cta--email-signup\t\t m-generic-cta-block-style--default \tt-amp__generic-cta\"><\/p>\n<div class=\"m-generic-cta__wrap\">\n<div class=\"m-generic-cta__content\">\n<h3 class=\"m-generic-cta__title\">Boston.com Hoje<\/h3>\n<p class=\"m-generic-cta__subtitle\">Inscreva-se para receber as \u00faltimas manchetes na sua caixa de entrada todas as manh\u00e3s.<\/p>\n<\/p><\/div>\n<\/p><\/div>\n<\/div><\/div>\n<p><script async src=\"\/\/platform.twitter.com\/widgets.js\" charset=\"utf-8\"><\/script><script>\n\t\tvar consent=\"grant\";\n\t\t\/* The above code is parsing the JSON data from the local storage and storing it in a variable. *\/\n\t\t\t\t\tconst onetrustStorageConsent = JSON.parse(localStorage.getItem( 'consent_one_trust_bdc' ) );\n\t\t\tif ( ( onetrustStorageConsent !== null ) ) {\n\t\t\t\t\/* Checking to see if the user has consented to the use of cookies.\n\t\t\t\t* If they have not, it is deleting the cookie.\n\t\t\t\t* This will comment for now, until further notice.\n\t\t\t\t*\/\n\t\t\t\t\/\/if ( onetrustStorageConsent.C0002 === false ) {\n\t\t\t\t\/\/\tdocument.cookie=\"_fbp=;expires=Thu, 01 Jan 2010 00:00:00 UTC; path=\/; domain=.boston.com\";\n\t\t\t\t\/\/}\n\t\t\t\t\/* Checking if the user has given consent for the cookie C0002.\n\t\t\t\t* If the user has given consent, the variable consent will be set to 'grant'.\n\t\t\t\t* If the user has not given consent,the variable consent will be set to 'revoke'.\n\t\t\t\t* Documentation https:\/\/developers.facebook.com\/docs\/meta-pixel\/implementation\/gdpr\n\t\t\t\t*\/\n\t\t\t\tif ( onetrustStorageConsent.C0002 !== true ) {\n\t\t\t\t\tconsent=\"revoke\";\n\t\t\t\t}\n\t\t\t}\n\t\t\t\t!function(f,b,e,v,n,t,s)\n\t\t{if(f.fbq)return;n=f.fbq=function(){n.callMethod?\n\t\tn.callMethod.apply(n,arguments):n.queue.push(arguments)};\n\t\tif(!f._fbq)f._fbq=n;n.push=n;n.loaded=!0;n.version='2.0';\n\t\tn.queue=[];t=b.createElement(e);t.async=!0;\n\t\tt.src=v;s=b.getElementsByTagName(e)[0];\n\t\ts.parentNode.insertBefore(t,s)}(window, document,'script',\n\t\t'https:\/\/connect.facebook.net\/en_US\/fbevents.js');\n\t\tfbq('consent', consent);\n\t\tfbq('init', '989222871864976');\n\t\tfbq('track', 'PageView');\n\t<\/script><script type=\"module\">\n\t\tvar consent=\"grant\";\n\t\t\/* The above code is parsing the JSON data from the local storage and storing it in a variable. *\/\n\t\t\tconst onetrustStorageConsent = JSON.parse(localStorage.getItem( 'consent_one_trust_bdc' ) );\n\t\t\t\/* Checking to see if the user has consented to the use of cookies.\n\t\t\t* If they have not, it is deleting the cookie.\n\t\t\t* This will comment for now, until further notice.\n\t\t\t*\/\n\t\t\t\/\/if ( onetrustStorageConsent.C0002 === false ) {\n\t\t\t\/\/\tdocument.cookie=\"_fbp=;expires=Thu, 01 Jan 2010 00:00:00 UTC; path=\/; domain=.boston.com\";\n\t\t\t\/\/}\n\t\t\t\/* Checking if the user has given consent for the cookie C0002.\n\t\t\t* If the user has given consent, the variable consent will be set to 'grant'.\n\t\t\t* If the user has not given consent,the variable consent will be set to 'revoke'.\n\t\t\t* Documentation https:\/\/developers.facebook.com\/docs\/meta-pixel\/implementation\/gdpr\n\t\t\t*\/\n\t\t\tif ( ( onetrustStorageConsent !== null ) && (onetrustStorageConsent.C0002 !== true ) ) {\n\t\t\t\tconsent=\"revoke\";\n\t\t\t}\n\t\t\t\t!function(f,b,e,v,n,t,s){if(f.fbq)return;n=f.fbq=function()\n\t\t{n.callMethod? n.callMethod.apply(n,arguments):n.queue.push(arguments)}\n\t\t;if(!f._fbq)f._fbq=n;\n\t\tn.push=n;n.loaded=!0;n.version='2.0';n.queue=[];t=b.createElement(e);t.async=!0;\n\t\tt.src=v;s=b.getElementsByTagName(e)[0];s.parentNode.insertBefore(t,s)}(window,\n\t\tdocument,'script','https:\/\/connect.facebook.net\/en_US\/fbevents.js');\n\t\tfbq('consent', consent);\n\t\tfbq('init', '813236348753005');\n\t\tfbq('track', \"PageView\");\n\t<\/script><br \/>\n<br \/><br \/>\n<br \/><a href=\"https:\/\/www.boston.com\/sports\/morning-sports-update\/2024\/09\/04\/bill-belichick-matt-patricia-patriots-offseason-thoughts-podcast\/\">Source link <\/a><\/p>","protected":false},"excerpt":{"rendered":"<p>Atualiza\u00e7\u00e3o de esportes matinais Belichick falou sobre quem a New England recontratou na offseason e tamb\u00e9m sobre &#8220;o cara que n\u00e3o est\u00e1 na lista&#8221;. Bill Belichick na coletiva de imprensa&hellip;<\/p>","protected":false},"author":1,"featured_media":31658,"comment_status":"closed","ping_status":"open","sticky":false,"template":"","format":"standard","meta":{"content-type":"","footnotes":""},"categories":[1],"tags":[],"class_list":["post-31657","post","type-post","status-publish","format-standard","has-post-thumbnail","hentry","category-uncategorized"],"_links":{"self":[{"href":"https:\/\/tvbrazilusa.com\/pt\/wp-json\/wp\/v2\/posts\/31657","targetHints":{"allow":["GET"]}}],"collection":[{"href":"https:\/\/tvbrazilusa.com\/pt\/wp-json\/wp\/v2\/posts"}],"about":[{"href":"https:\/\/tvbrazilusa.com\/pt\/wp-json\/wp\/v2\/types\/post"}],"author":[{"embeddable":true,"href":"https:\/\/tvbrazilusa.com\/pt\/wp-json\/wp\/v2\/users\/1"}],"replies":[{"embeddable":true,"href":"https:\/\/tvbrazilusa.com\/pt\/wp-json\/wp\/v2\/comments?post=31657"}],"version-history":[{"count":1,"href":"https:\/\/tvbrazilusa.com\/pt\/wp-json\/wp\/v2\/posts\/31657\/revisions"}],"predecessor-version":[{"id":31659,"href":"https:\/\/tvbrazilusa.com\/pt\/wp-json\/wp\/v2\/posts\/31657\/revisions\/31659"}],"wp:featuredmedia":[{"embeddable":true,"href":"https:\/\/tvbrazilusa.com\/pt\/wp-json\/wp\/v2\/media\/31658"}],"wp:attachment":[{"href":"https:\/\/tvbrazilusa.com\/pt\/wp-json\/wp\/v2\/media?parent=31657"}],"wp:term":[{"taxonomy":"category","embeddable":true,"href":"https:\/\/tvbrazilusa.com\/pt\/wp-json\/wp\/v2\/categories?post=31657"},{"taxonomy":"post_tag","embeddable":true,"href":"https:\/\/tvbrazilusa.com\/pt\/wp-json\/wp\/v2\/tags?post=31657"}],"curies":[{"name":"wp","href":"https:\/\/api.w.org\/{rel}","templated":true}]}}