{"id":31660,"date":"2024-09-04T14:32:45","date_gmt":"2024-09-04T14:32:45","guid":{"rendered":"https:\/\/tvbrazilusa.com\/2024\/09\/04\/vaza-toga-mensagens-revelam-que-moraes-ordenou-endurecer-contra-twitter-x-em-inicio-de-atrito-com-musk-paulo-figueiredo\/"},"modified":"2024-09-04T14:39:53","modified_gmt":"2024-09-04T14:39:53","slug":"vaza-toga-mensagens-revelam-que-moraes-ordenou-endurecer-contra-twitter-x-em-inicio-de-atrito-com-musk-paulo-figueiredo","status":"publish","type":"post","link":"https:\/\/tvbrazilusa.com\/pt\/2024\/09\/04\/vaza-toga-mensagens-revelam-que-moraes-ordenou-endurecer-contra-twitter-x-em-inicio-de-atrito-com-musk-paulo-figueiredo\/","title":{"rendered":"Vaza- Toga: Mensagens revelam que Moraes ordenou \u2018endurecer\u2019 contra Twitter\/X em in\u00edcio de atrito com Musk &#8211; Paulo Figueiredo"},"content":{"rendered":"<p> <script async src=\"https:\/\/pagead2.googlesyndication.com\/pagead\/js\/adsbygoogle.js?client=ca-pub-8864793242727901\"\r\n     crossorigin=\"anonymous\"><\/script><br \/>\n<\/p>\n<div id=\"wtr-content\" data-bg=\"#FFFFFF\" data-fg=\"#006d91\" data-width=\"25\" data-mute=\"1\" data-fgopacity=\"1.00\" data-mutedopacity=\"0.5\" data-placement=\"bottom\" data-placement-offset=\"0\" data-content-offset=\"262\" data-placement-touch=\"bottom\" data-placement-offset-touch=\"0\" data-transparent=\"\" data-shadow=\"0\" data-touch=\"1\" data-non-touch=\"1\" data-comments=\"0\" data-commentsbg=\"transparent\" data-location=\"page\" data-mutedfg=\"#006d91\" data-endfg=\"#006d91\" data-rtl=\"\">\n<h3 class=\"wp-block-heading\">Folha de S.Paulo publicou nova reportagem sobre conversas entre auxiliares do ministro no TSE<\/h3>\n<p><strong>Leia na \u00edntegra:<\/strong><\/p>\n<h3 class=\"wp-block-heading\">Ap\u00f3s plataforma informar regras sobre modera\u00e7\u00e3o, ministro mandou preparar relat\u00f3rios e indicou que aplicaria san\u00e7\u00f5es sob pena de multa<\/h3>\n<p><strong>Por Fabio Serapi\u00e3o e Glenn Greenwald<\/strong><\/p>\n<p>Conversas entre auxiliares de\u00a0Alexandre de Moraes\u00a0no\u00a0TSE\u00a0(Tribunal Superior Eleitoral) mostram como o ministro ordenou o endurecimento contra o X (antigo\u00a0Twitter) ap\u00f3s o bilion\u00e1rio\u00a0Elon Musk\u00a0assumir a empresa e se negar a fazer a modera\u00e7\u00e3o de conte\u00fado nos termos defendidos pelo magistrado.<\/p>\n<p>As mensagens s\u00e3o de mar\u00e7o de 2023, cinco meses ap\u00f3s a elei\u00e7\u00e3o no Brasil, e tratam de publica\u00e7\u00f5es sem rela\u00e7\u00e3o direta com assuntos da al\u00e7ada do TSE. Elas mostram o in\u00edcio do atrito entre a plataforma e Moraes, que dura at\u00e9 hoje e resultou na ordem de\u00a0suspens\u00e3o do X no pa\u00eds.<\/p>\n<p>Em 2022, o TSE firmou parcerias com as redes sociais para, por meio de alertas, recomendar exclus\u00e3o de publica\u00e7\u00f5es que, segundo avalia\u00e7\u00f5es internas da corte, espalhavam mentiras ou discursos de \u00f3dio.<\/p>\n<p>As mensagens revelam que, passada a elei\u00e7\u00e3o e j\u00e1 sob comando de Musk, o X (\u00e0 \u00e9poca ainda Twitter) passou a n\u00e3o concordar com os pedidos de Moraes.<\/p>\n<p>Os di\u00e1logos aos quais a\u00a0<strong>Folha<\/strong>\u00a0teve acesso s\u00e3o de um grupo no WhatsApp formado pelo juiz auxiliar de Moraes no TSE, Marco Ant\u00f4nio Vargas, e por integrantes da AEED (Assessoria Especial de Enfrentamento \u00e0 Desinforma\u00e7\u00e3o), tamb\u00e9m do tribunal eleitoral.<\/p>\n<p>Depois de reuni\u00f5es e de ser informado sobre a discord\u00e2ncia da empresa em rela\u00e7\u00e3o \u00e0s suas solicita\u00e7\u00f5es, o ministro, que \u00e0 \u00e9poca era presidente do TSE, decidiu que a postura deveria mudar.<\/p>\n<p>\u201cEnt\u00e3o vamos endurecer com eles. Prepare relat\u00f3rios em rela\u00e7\u00e3o a esses casos e mande para o inq [inqu\u00e9rito] das fake [news]. Vou mandar tirar sob pena de multa\u201d, dizia a mensagem de Moraes, reencaminhada no grupo por Vargas, que logo acrescentou: \u201cVamos caprichar\u201d.<\/p>\n<p>Desde ent\u00e3o, Moraes tem aplicado multas e ordenado a retirada de conte\u00fados publicados no X por meio de decis\u00f5es no\u00a0STF\u00a0(Supremo Tribunal Federal).<\/p>\n<p>Procurados, Moraes e o STF n\u00e3o se manifestaram.<\/p>\n<p>Como a\u00a0<strong>Folha<\/strong>\u00a0revelou\u00a0em uma s\u00e9rie de reportagens, Moraes passou a usar a AEED como um\u00a0bra\u00e7o investigativo\u00a0para abastecer o inqu\u00e9rito das\u00a0fake news, do qual \u00e9 relator no Supremo.<\/p>\n<p>A conversa sobre a mudan\u00e7a de postura com a plataforma ocorreu em 17 de mar\u00e7o de 2023. Logo pela manh\u00e3, \u00e0s 6h58, o juiz auxiliar Marco Ant\u00f4nio Vargas mandou no grupo uma publica\u00e7\u00e3o de uma mulher sobre soltura de presos pelos ataques golpistas do 8 de janeiro.<\/p>\n<p>\u201cFoi o \u2018Tribunal Internacional\u2019. O Mula, Xand\u00e3o e esse governo usurpador est\u00e3o sendo acusados de crimes contra a humanidade (pris\u00f5es, ilegais, tortura, campos de concentra\u00e7\u00e3o, mortes, etc.)\u201d, dizia trecho da postagem.<\/p>\n<p>\u201cBom dia, preciso do contato do Twitter\u201d, pediu o juiz auxiliar no grupo. Ap\u00f3s uma servidora da AEED mandar o telefone de um pessoa de nome Hugo [Rodr\u00edguez, ent\u00e3o representante da empresa para a Am\u00e9rica Latina], outro integrante do \u00f3rg\u00e3o de combate \u00e0 desinforma\u00e7\u00e3o, chamado Frederico Alvim, entrou na conversa e se colocou \u00e0 disposi\u00e7\u00e3o para falar com a plataforma.<\/p>\n<p>\u201cVc pode ver com ele para que fa\u00e7am uma an\u00e1lise de postagens dessa natureza?\u201d, disse o juiz.<\/p>\n<p>Alvim respondeu: \u201cSim. A ideia seria aumentar um pouquinho o escopo da parceria, pra que quest\u00f5es como essa possam ser enviadas pelo sistema de alertas, obtendo tratamento?\u201d<\/p>\n<p>Em seguida, o servidor explicou ao juiz como funcionava a atua\u00e7\u00e3o da plataforma na modera\u00e7\u00e3o de conte\u00fado e qual seria o caminho para conseguir que o X passasse a excluir o tipo de publica\u00e7\u00e3o citada por ele.<\/p>\n<p>\u201cAcho que reivindicar uma altera\u00e7\u00e3o formal da pol\u00edtica seria muito demorado e dificultoso, porque dependeria da boa vontade do time global, agora subordinado ao Musk. Creio que a sa\u00edda mais f\u00e1cil seria pedir uma calibra\u00e7\u00e3o da interpreta\u00e7\u00e3o da pol\u00edtica j\u00e1 existente\u201d, afirmou Alvim.<\/p>\n<p>Segundo ele, a pol\u00edtica de integridade da plataforma se aplicava em tr\u00eas circunst\u00e2ncias: elei\u00e7\u00f5es, Censo e grandes referendos e outras vota\u00e7\u00f5es dentro dos pa\u00edses.<\/p>\n<p>Como n\u00e3o estavam em per\u00edodo eleitoral, disse Alvim, o caminho seria \u201cdefender que, embora as elei\u00e7\u00f5es tenham terminado e o novo presidente empossado, esses ataques mant\u00eam acesa a possibilidade de novas alterca\u00e7\u00f5es\u201d.<\/p>\n<p>\u00c0s 9h45, o servidor informou ao juiz auxiliar ter agendado uma reuni\u00e3o com o representante da plataforma para as 12h daquele dia.<\/p>\n<p>\u201cVou tentar, o seguinte, nesta ordem de prefer\u00eancia: 1) que removam o conte\u00fado e se comprometam a remover outros semelhantes, sempre que acionarmos pelo sistema de alertas; ou 2) que ao menos removam esse, imediatamente, enquanto discutimos ajustes nas pol\u00edticas (numa reuni\u00e3o com o senhor)\u201d, disse Alvim. \u201cPerfeito\u201d, respondeu o juiz.<\/p>\n<p>Ap\u00f3s expor a t\u00e1tica, Alvim fez quest\u00e3o de adiantar as dificuldades que enfrentavam com Musk no comando da empresa.<\/p>\n<p>\u201cVou ver o que consigo. Mas ele j\u00e1 adiantou que, com a entrada do Musk, a equipe dele deixou de tomar decis\u00f5es de modera\u00e7\u00e3o. Essas decis\u00f5es est\u00e3o sendo tomadas por um colegiado, do qual eles n\u00e3o participam\u201d, afirmou.<\/p>\n<p>\u00c0s 12h35, logo ap\u00f3s terminar a reuni\u00e3o com Hugo Rodr\u00edguez e uma pessoa de nome Adela, Alvim mandou algumas mensagens no grupo para informar o juiz auxiliar de Moraes sobre o resultado da conversa.<\/p>\n<p>O representante da plataforma, disse Alvim, deixou claro que fora do per\u00edodo eleitoral as regras a serem seguidas seriam as gerais, sem tratamento espec\u00edfico para o TSE ou para publica\u00e7\u00f5es como a enviada pelo juiz auxiliar.<\/p>\n<p>\u201cCom a entrada do Elon Musk, a modera\u00e7\u00e3o caminha cada vez mais para ter como base a prote\u00e7\u00e3o da seguran\u00e7a, mais do que a prote\u00e7\u00e3o da verdade\u201d, escreveu.<\/p>\n<p>\u201cTrocando em mi\u00fados, uma mentira desassociada de um risco concreto tende a n\u00e3o receber uma modera\u00e7\u00e3o. A modera\u00e7\u00e3o s\u00f3 ocorre quando houver discurso violento, discurso de \u00f3dio e cogita\u00e7\u00e3o de alguma esp\u00e9cie mais palp\u00e1vel de dano (incita\u00e7\u00e3o de um ato de depreda\u00e7\u00e3o ou coisa do tipo). Com o detalhe de que o \u2018risco \u00e0 democracia\u2019, por n\u00e3o ser tang\u00edvel, n\u00e3o entra nesse conceito\u201d, disse Alvim.<\/p>\n<p>Ainda segundo o relato dele, para derrubar ou bloquear as publica\u00e7\u00f5es com ofensas ao ministro, seria necess\u00e1ria \u201catua\u00e7\u00e3o judicial\u201d.<\/p>\n<p>\u201cTentei convenc\u00ea-los a procederem \u00e0 retirada, apontando que as regras deles preveem como irregulares os casos de ass\u00e9dio, incluindo insulto. Mas, na vis\u00e3o do Twitter, o insulto em si (sem risco de viol\u00eancia) n\u00e3o enseja modera\u00e7\u00e3o, porque eles n\u00e3o est\u00e3o tutelando a honra, mas, de novo, a seguran\u00e7a.\u201d<\/p>\n<p>A explica\u00e7\u00e3o dada pelo representante da plataforma era a de que o combate \u00e0 desinforma\u00e7\u00e3o seria feito com ferramentas como as \u201cnotas de comunidade\u201d \u2014quando o post com desinforma\u00e7\u00e3o \u00e9 classificado dessa forma a partir de den\u00fancias de usu\u00e1rios<\/p>\n<p>\u201cSegundo os estudos que fizeram, ao longo de 2 anos, os tu\u00edtes marcados com notas de comunidade t\u00eam uma redu\u00e7\u00e3o de 20% a 40% do potencial de enganar pessoas\u201d, disse Alvim.<\/p>\n<p>Depois de avisar que iria repassar as informa\u00e7\u00f5es ao ministro, \u00e0s 12h58 o juiz Marco Ant\u00f4nio Vargas reencaminhou uma mensagem recebida de Moraes com a posi\u00e7\u00e3o a ser seguida a partir dali.<\/p>\n<p>\u201cMinistro Alexandre de Moraes: Ent\u00e3o vamos endurecer com eles. Prepare relat\u00f3rios em rela\u00e7\u00e3o a esses casos e mande para o inq das fake. Vou mandar tirar sob pena de multa.\u201d<\/p>\n<p>\u201cResolvido. Vamos caprichar no relat\u00f3rio para esse fim\u201d, mandou ent\u00e3o no grupo Marco Ant\u00f4nio Vargas.<\/p>\n<p><strong><a href=\"https:\/\/www1.folha.uol.com.br\/poder\/2024\/09\/mensagens-mostram-ordem-de-moraes-para-endurecer-contra-o-x-e-inicio-de-atrito-com-musk.shtml\">Source link<\/a><\/strong><\/p>\n<\/div>\n<p><br \/>\n<br \/><a href=\"https:\/\/paulofigueiredoshow.com\/vaza-toga-mensagens-revelam-que-moraes-ordenou-endurecer-contra-twitter-x-em-inicio-de-atrito-com-musk\/\">Source link <\/a><\/p>","protected":false},"excerpt":{"rendered":"<p>Folha de S.Paulo publicou nova reportagem sobre conversas entre auxiliares do ministro no TSE Leia na \u00edntegra: Ap\u00f3s plataforma informar regras sobre modera\u00e7\u00e3o, ministro mandou preparar relat\u00f3rios e indicou que&hellip;<\/p>","protected":false},"author":1,"featured_media":31661,"comment_status":"closed","ping_status":"open","sticky":false,"template":"","format":"standard","meta":{"content-type":"","footnotes":""},"categories":[16],"tags":[],"class_list":["post-31660","post","type-post","status-publish","format-standard","has-post-thumbnail","hentry","category-noticias"],"_links":{"self":[{"href":"https:\/\/tvbrazilusa.com\/pt\/wp-json\/wp\/v2\/posts\/31660","targetHints":{"allow":["GET"]}}],"collection":[{"href":"https:\/\/tvbrazilusa.com\/pt\/wp-json\/wp\/v2\/posts"}],"about":[{"href":"https:\/\/tvbrazilusa.com\/pt\/wp-json\/wp\/v2\/types\/post"}],"author":[{"embeddable":true,"href":"https:\/\/tvbrazilusa.com\/pt\/wp-json\/wp\/v2\/users\/1"}],"replies":[{"embeddable":true,"href":"https:\/\/tvbrazilusa.com\/pt\/wp-json\/wp\/v2\/comments?post=31660"}],"version-history":[{"count":1,"href":"https:\/\/tvbrazilusa.com\/pt\/wp-json\/wp\/v2\/posts\/31660\/revisions"}],"predecessor-version":[{"id":31662,"href":"https:\/\/tvbrazilusa.com\/pt\/wp-json\/wp\/v2\/posts\/31660\/revisions\/31662"}],"wp:featuredmedia":[{"embeddable":true,"href":"https:\/\/tvbrazilusa.com\/pt\/wp-json\/wp\/v2\/media\/31661"}],"wp:attachment":[{"href":"https:\/\/tvbrazilusa.com\/pt\/wp-json\/wp\/v2\/media?parent=31660"}],"wp:term":[{"taxonomy":"category","embeddable":true,"href":"https:\/\/tvbrazilusa.com\/pt\/wp-json\/wp\/v2\/categories?post=31660"},{"taxonomy":"post_tag","embeddable":true,"href":"https:\/\/tvbrazilusa.com\/pt\/wp-json\/wp\/v2\/tags?post=31660"}],"curies":[{"name":"wp","href":"https:\/\/api.w.org\/{rel}","templated":true}]}}