{"id":31678,"date":"2024-09-04T14:53:50","date_gmt":"2024-09-04T14:53:50","guid":{"rendered":"https:\/\/tvbrazilusa.com\/2024\/09\/04\/dancing-with-the-stars-adiciona-ex-jogador-dos-patriots-ao-elenco-da-33a-temporada\/"},"modified":"2024-09-04T14:58:55","modified_gmt":"2024-09-04T14:58:55","slug":"dancing-with-the-stars-adiciona-ex-jogador-dos-patriots-ao-elenco-da-33a-temporada","status":"publish","type":"post","link":"https:\/\/tvbrazilusa.com\/pt\/2024\/09\/04\/dancing-with-the-stars-adiciona-ex-jogador-dos-patriots-ao-elenco-da-33a-temporada\/","title":{"rendered":"&#8216;Dancing with the Stars&#8217; adiciona ex-jogador dos Patriots ao elenco da 33\u00aa temporada"},"content":{"rendered":"<p> <script async src=\"https:\/\/pagead2.googlesyndication.com\/pagead\/js\/adsbygoogle.js?client=ca-pub-8864793242727901\"\r\n     crossorigin=\"anonymous\"><\/script><br \/>\n<\/p>\n<div id=\"\">\n<header class=\"m-article-header m-article-header--standard\">\n\t\t\t\t\t\t\t\t\t\t\t\t<span id=\"article-header-primary-term\"><br \/>\n\t\t\t\t\t\t\t\t<a class=\"a-term a-term--primary\" href=\"https:\/\/www.boston.com\/tag\/entertainment\/\"><\/p>\n<p>\t\t\t\t\t\t\t\tEntretenimento\t\t\t\t\t\t\t\t<\/a><br \/>\n\t\t\t\t\t\t\t<\/span><\/p>\n<h2 class=\"m-article-header__sub-headline\">Danny Amendola se juntar\u00e1 a Tori Spelling, Dwight Howard, &#8216;Pommel Horse Guy&#8217; Stephen Nedoroscik e outros na 33\u00aa temporada do programa competitivo da ABC.<\/h2>\n<figure class=\"a-photo m-article-header__photo\"><figcaption class=\"a-photo__caption\">\n<p>\tStephen Nedoroscik, Danny Amendola e Reginald VelJohnson est\u00e3o entre os concorrentes da 33\u00aa temporada de &#8220;Dancing with the Stars&#8221;.<em> Andrew Eccles\/Disney<\/em>\t<\/figcaption><\/figure>\n<\/header>\n<p>Um campe\u00e3o do Super Bowl, dois atletas ol\u00edmpicos e duas estrelas da TV dos anos 90 est\u00e3o entre as celebridades prontas para arrasar na 33\u00aa temporada de \u201cDancing with the Stars\u201d.<\/p>\n<p>Ap\u00f3s anunciar o nativo de Worcester e medalhista ol\u00edmpico <a href=\"https:\/\/www.boston.com\/sports\/sports-news\/2024\/07\/30\/stephen-nedoroscik-u-s-pommel-horse-specialist-gymnastics-olympics\/\">Stephen Nedoroscik<\/a> (tamb\u00e9m conhecido como <a href=\"https:\/\/www.boston.com\/sports\/sports-news\/2024\/07\/30\/viral-worcester-gymnast-stephen-nedoroscik\/\">\u201ccara do cavalo com al\u00e7as\u201d<\/a>) como o <a href=\"https:\/\/www.boston.com\/culture\/entertainment\/2024\/08\/22\/stephen-nedoroscik-pommel-horse-guy-dancing-with-the-stars\/\">primeiro competidor de volta em agosto<\/a>A ABC anunciou o elenco completo da 33\u00aa temporada de \u201cDancing with the Stars\u201d no \u201cGood Morning America\u201d na manh\u00e3 de quarta-feira.<\/p>\n<p>Os competidores que cal\u00e7aram seus sapatos de dan\u00e7a nesta temporada incluem o ex-wide receiver do Patriots Danny Amendola, o ex-astro da NBA Dwight Howard, a jogadora de r\u00fagbi e tamb\u00e9m atleta ol\u00edmpica Ilona Maher, a atriz de &#8220;Beverly Hills 90210&#8221; Tori Spelling e a estrela de &#8220;Family Matters&#8221; Reginald VelJohnson.<\/p>\n<div class=\"m-block t-amp__list-container m-article-list-container m-article-list-container--frame-border a-border-frame  a-list-header__headline--red m-article-list--alternative--default  m-article-list--full\">\n<ul class=\"t-amp__list a-list--no-style m-article-list m-article-list--recirculation m-article-list--has-images\">\n<li class=\"m-article-list__item\">\n\t\t\t\t\t\t<a class=\"m-article-list__link-wrapper\" href=\"https:\/\/www.boston.com\/culture\/entertainment\/2024\/08\/22\/stephen-nedoroscik-pommel-horse-guy-dancing-with-the-stars\/\" data-p1=\"article_recirc_inline_feed\"><br \/>\n\t\t\t\t\t\t\t\t\t\t\t\t\t\t<img loading=\"lazy\" decoding=\"async\" width=\"768\" height=\"432\" src=\"https:\/\/bdc2020.o0bc.com\/wp-content\/uploads\/2024\/08\/Stephen-Nedoroscik-Pommel-Horse-Guy-Dancing-With-The-Stars-66c74e254d4b6-768x432.jpg\" class=\"t-amp__list-image m-article-list__image\" alt=\"O atleta ol\u00edmpico dos EUA Stephen Nedoroscik posa para uma foto na USA House em Paris 2024 em 4 de agosto de 2024 em Paris, Fran\u00e7a.\" aria-hidden=\"true\" srcset=\"https:\/\/bdc2020.o0bc.com\/wp-content\/uploads\/2024\/08\/Stephen-Nedoroscik-Pommel-Horse-Guy-Dancing-With-The-Stars-66c74e254d4b6-768x432.jpg?width=200 200w, https:\/\/bdc2020.o0bc.com\/wp-content\/uploads\/2024\/08\/Stephen-Nedoroscik-Pommel-Horse-Guy-Dancing-With-The-Stars-66c74e254d4b6-768x432.jpg?width=300 300w, https:\/\/bdc2020.o0bc.com\/wp-content\/uploads\/2024\/08\/Stephen-Nedoroscik-Pommel-Horse-Guy-Dancing-With-The-Stars-66c74e254d4b6-768x432.jpg?width=400 400w, https:\/\/bdc2020.o0bc.com\/wp-content\/uploads\/2024\/08\/Stephen-Nedoroscik-Pommel-Horse-Guy-Dancing-With-The-Stars-66c74e254d4b6-768x432.jpg?width=500 500w, https:\/\/bdc2020.o0bc.com\/wp-content\/uploads\/2024\/08\/Stephen-Nedoroscik-Pommel-Horse-Guy-Dancing-With-The-Stars-66c74e254d4b6-768x432.jpg?width=600 600w, https:\/\/bdc2020.o0bc.com\/wp-content\/uploads\/2024\/08\/Stephen-Nedoroscik-Pommel-Horse-Guy-Dancing-With-The-Stars-66c74e254d4b6-768x432.jpg?width=700 700w, https:\/\/bdc2020.o0bc.com\/wp-content\/uploads\/2024\/08\/Stephen-Nedoroscik-Pommel-Horse-Guy-Dancing-With-The-Stars-66c74e254d4b6-768x432.jpg?width=800 800w, https:\/\/bdc2020.o0bc.com\/wp-content\/uploads\/2024\/08\/Stephen-Nedoroscik-Pommel-Horse-Guy-Dancing-With-The-Stars-66c74e254d4b6-768x432.jpg?width=900 900w\" sizes=\"auto, (max-width: 768px) 100vw, 768px\"\/>\t\t\t\t\t\t\t\t\t\t\t\t\t\t<\/p>\n<p><h4 class=\"m-article-list__headline\">\n\t\t\t\t\t\t\t\t\t<span class=\"m-article-list__link a-link a-link--inline a-link--text-link a-link--text-link-dark\"><\/p>\n<p>\t\t\t\t\t\t\t\t\tO cara do cavalo com al\u00e7as Stephen Nedoroscik estar\u00e1 no &#8216;Dancing with the Stars&#8217;\t\t\t\t\t\t\t\t\t<\/span><br \/>\n\t\t\t\t\t\t\t\t<\/h4>\n<\/p>\n<p>\t\t\t\t\t\t<\/a>\n\t\t\t\t\t<\/li>\n<li class=\"m-article-list__item\">\n\t\t\t\t\t\t<a class=\"m-article-list__link-wrapper\" href=\"https:\/\/www.boston.com\/culture\/crime\/2024\/08\/30\/dancing-with-the-stars-pro-artem-chigvintsev-arrested-on-domestic-violence-charge-in-california\/\" data-p1=\"article_recirc_inline_feed\"><br \/>\n\t\t\t\t\t\t\t\t\t\t\t\t\t\t<img loading=\"lazy\" decoding=\"async\" width=\"768\" height=\"432\" src=\"https:\/\/bdc2020.o0bc.com\/wp-content\/uploads\/2024\/08\/AP24243587880922-66d20dd47a020-768x432.jpg\" class=\"t-amp__list-image m-article-list__image\" alt=\"\" aria-hidden=\"true\" srcset=\"https:\/\/bdc2020.o0bc.com\/wp-content\/uploads\/2024\/08\/AP24243587880922-66d20dd47a020-768x432.jpg?width=200 200w, https:\/\/bdc2020.o0bc.com\/wp-content\/uploads\/2024\/08\/AP24243587880922-66d20dd47a020-768x432.jpg?width=300 300w, https:\/\/bdc2020.o0bc.com\/wp-content\/uploads\/2024\/08\/AP24243587880922-66d20dd47a020-768x432.jpg?width=400 400w, https:\/\/bdc2020.o0bc.com\/wp-content\/uploads\/2024\/08\/AP24243587880922-66d20dd47a020-768x432.jpg?width=500 500w, https:\/\/bdc2020.o0bc.com\/wp-content\/uploads\/2024\/08\/AP24243587880922-66d20dd47a020-768x432.jpg?width=600 600w, https:\/\/bdc2020.o0bc.com\/wp-content\/uploads\/2024\/08\/AP24243587880922-66d20dd47a020-768x432.jpg?width=700 700w, https:\/\/bdc2020.o0bc.com\/wp-content\/uploads\/2024\/08\/AP24243587880922-66d20dd47a020-768x432.jpg?width=800 800w, https:\/\/bdc2020.o0bc.com\/wp-content\/uploads\/2024\/08\/AP24243587880922-66d20dd47a020-768x432.jpg?width=900 900w\" sizes=\"auto, (max-width: 768px) 100vw, 768px\"\/>\t\t\t\t\t\t\t\t\t\t\t\t\t\t<\/p>\n<p><h4 class=\"m-article-list__headline\">\n\t\t\t\t\t\t\t\t\t<span class=\"m-article-list__link a-link a-link--inline a-link--text-link a-link--text-link-dark\"><\/p>\n<p>\t\t\t\t\t\t\t\t\tO profissional de &#8216;Dancing With the Stars&#8217; Artem Chigvintsev \u00e9 preso por acusa\u00e7\u00e3o de viol\u00eancia dom\u00e9stica na Calif\u00f3rnia\t\t\t\t\t\t\t\t\t<\/span><br \/>\n\t\t\t\t\t\t\t\t<\/h4>\n<\/p>\n<p>\t\t\t\t\t\t<\/a>\n\t\t\t\t\t<\/li>\n<\/ul>\n<\/div>\n<h3 class=\"wp-block-heading\" id=\"h-danny-amendola-tv-star\">Danny Amendola: estrela de TV?<\/h3>\n<p>Amendola, que jogou pelos Patriots de 2013 a 2018, aparentemente foi contagiado pela TV.<\/p>\n<p>Logo depois <a href=\"https:\/\/www.espn.com\/nfl\/story\/_\/id\/34294962\/long-receiver-danny-amendola-retiring-nfl\">aposentando-se da NFL em 2022<\/a>Amendola competiu na primeira temporada do &#8220;Special Forces: World&#8217;s Toughest Test&#8221; da FOX, que o colocou contra v\u00e1rios concorrentes famosos \u2014 incluindo o colega competidor do &#8220;DWTS&#8221; Howard, coincidentemente.<\/p>\n<p>O programa colocou celebridades em exerc\u00edcios de treinamento extenuantes, com o objetivo de imitar os cursos de sele\u00e7\u00e3o das For\u00e7as Especiais dos EUA. No final da temporada, Amendola foi o \u00faltimo competidor a se retirar voluntariamente do programa, deixando a lenda do futebol americano Carli Lloyd e a estrela de \u201cThe Bachelorette\u201d Hannah Brown como os \u00fanicos competidores a passar em todos os desafios.<\/p>\n<h3 class=\"wp-block-heading\" id=\"h-pommel-horse-guy-takes-the-stage\">&#8216;Pommel Horse Guy&#8217; sobe ao palco<\/h3>\n<p>Em uma entrevista ao apresentador do \u201cGood Morning America\u201d, Robin Roberts, Nedoroscik disse que os espectadores podem esperar o mesmo talento ol\u00edmpico que ele trouxe para o cavalo com al\u00e7as quando fizer sua estreia na pista de dan\u00e7a.<\/p>\n<p>\u201cQuero trazer um pouco dessa gin\u00e1stica\u201d, disse Nedoroscik. \u201cTalvez um mortal para tr\u00e1s ou parada de m\u00e3o. Quero me divertir com isso.\u201d<\/p>\n<p>Durante as Olimp\u00edadas de 2024 em Paris, Nedoroscik se tornou uma sensa\u00e7\u00e3o na internet gra\u00e7as \u00e0 sua apar\u00eancia modesta de &#8220;Clark Kent&#8221; e suas t\u00e9cnicas de relaxamento profundo (que o faziam parecer estar dormindo profundamente) durante a longa espera por sua vez no cavalo com al\u00e7as.<\/p>\n<p>Com <a href=\"https:\/\/www.bostonglobe.com\/2024\/08\/03\/sports\/stephen-nedoroscik-caps-unforgettable-games-with-bronze-medal-performance-pommel-horse\/\">a fam\u00edlia dele<\/a> e <a href=\"https:\/\/www.boston.com\/sports\/sports-news\/2024\/08\/08\/pommel-horse-guy-stephen-nedoroscik-girlfriend-tess-mccracken\/\">a namorada dele<\/a> torcendo por ele, Nedoroscik capturou um <a href=\"https:\/\/www.boston.com\/sports\/local-news\/2024\/08\/03\/worcester-stephen-nedoroscik-bronze-pommel-horse-olympics-gymnastics-usa\/\">bronze individual em cavalo com al\u00e7as<\/a> e ajudar a equipe masculina de gin\u00e1stica dos EUA a ganhar um bronze, a primeira medalha da equipe desde 2008.<\/p>\n<p>Nedoroscik disse ao apresentador do \u201cGood Morning America\u201d, George Stephanopoulos, que espera realizar uma t\u00e9cnica de relaxamento semelhante para ajudar a acalmar seus nervos antes de se apresentar no \u201cDancing with the Stars\u201d.<\/p>\n<p>\u201cEu acho que sim\u201d, disse Nedoroscik. \u201c\u00c9 meio que o que eu fa\u00e7o para me acalmar. Ent\u00e3o, provavelmente levarei isso para a pista de dan\u00e7a.\u201d<\/p>\n<figure class=\"wp-block-embed is-type-rich is-provider-twitter wp-block-embed-twitter\"\/>\n<h3 class=\"wp-block-heading\" id=\"h-how-to-watch-dancing-with-the-stars-season-33\">Como assistir \u201cDancing with the Stars\u201d Temporada 33<\/h3>\n<p>A 33\u00aa temporada de \u201cDancing with the Stars\u201d estreia na ter\u00e7a-feira, 17 de setembro, \u00e0s 20h na ABC e <a href=\"https:\/\/www.boston.com\/tag\/disney-plus\/\">Disney Plus<\/a>. Tamb\u00e9m estar\u00e1 dispon\u00edvel para transmiss\u00e3o no dia seguinte em <a href=\"https:\/\/www.boston.com\/tag\/hulu\/\">Hulu<\/a>.<\/p>\n<h3 class=\"wp-block-heading\" id=\"h-full-list-of-dancing-with-the-stars-season-33-cast\">Lista completa do elenco da 33\u00aa temporada de \u201cDancing with the Stars\u201d<\/h3>\n<p>Campe\u00e3o do Super Bowl <strong>Danny Amendola<\/strong> (Parceiro de dan\u00e7a: Witney Carson)<\/p>\n<p>Golpista <strong>Anna \u201cDelvey\u201d Sorokin<\/strong> (Parceiro: Ezra Sosa)<\/p>\n<p>O Bacharel <strong>Joey Graziadei<\/strong> (Parceira: Jenna Johnson)<\/p>\n<p>Campe\u00e3o da NBA <strong>Dwight Howard<\/strong> (Parceira: Daniella Karagach)<\/p>\n<p>Atriz <strong>Chandler Kinney<\/strong> (Parceiro: Brandon Armstrong)<\/p>\n<p>Jogador ol\u00edmpico de rugby <strong>Ilona Maher<\/strong> (Parceiro: Alan Bersten)<\/p>\n<p>Modelo <strong>Brooks Nader<\/strong> (Parceiro: Gleb Savchenko)<\/p>\n<p>Estrela de reality show <strong>Parques Phaedra<\/strong> (Parceiro: Val Chmerkovskiy)<\/p>\n<p>Ator <strong>\u00c9ric Roberts<\/strong> (Parceiro: Britt Stewart)<\/p>\n<p>Atriz <strong>Tori soletrando<\/strong> (Parceiro: Pasha Pashkov)<\/p>\n<p>A despedida de solteira <strong>Jenn Tran<\/strong> (Parceiro: Sasha Farber)<\/p>\n<p>Ator <strong>Reginald Vel Johnson<\/strong> (Parceira: Emma Slater)<\/p>\n<div class=\"m-block m-generic-cta\t m-generic-cta--post-content\t m-generic-cta--dark\t m-generic-cta--homepage\t m-generic-cta--email-signup\t\t m-generic-cta-block-style--default \tt-amp__generic-cta\"><\/p>\n<div class=\"m-generic-cta__wrap\">\n<div class=\"m-generic-cta__content\">\n<h3 class=\"m-generic-cta__title\">Boston.com Hoje<\/h3>\n<p class=\"m-generic-cta__subtitle\">Inscreva-se para receber as \u00faltimas manchetes na sua caixa de entrada todas as manh\u00e3s.<\/p>\n<\/p><\/div>\n<\/p><\/div>\n<\/div><\/div>\n<p><script>\n\t\tvar consent=\"grant\";\n\t\t\/* The above code is parsing the JSON data from the local storage and storing it in a variable. *\/\n\t\t\t\t\tconst onetrustStorageConsent = JSON.parse(localStorage.getItem( 'consent_one_trust_bdc' ) );\n\t\t\tif ( ( onetrustStorageConsent !== null ) ) {\n\t\t\t\t\/* Checking to see if the user has consented to the use of cookies.\n\t\t\t\t* If they have not, it is deleting the cookie.\n\t\t\t\t* This will comment for now, until further notice.\n\t\t\t\t*\/\n\t\t\t\t\/\/if ( onetrustStorageConsent.C0002 === false ) {\n\t\t\t\t\/\/\tdocument.cookie=\"_fbp=;expires=Thu, 01 Jan 2010 00:00:00 UTC; path=\/; domain=.boston.com\";\n\t\t\t\t\/\/}\n\t\t\t\t\/* Checking if the user has given consent for the cookie C0002.\n\t\t\t\t* If the user has given consent, the variable consent will be set to 'grant'.\n\t\t\t\t* If the user has not given consent,the variable consent will be set to 'revoke'.\n\t\t\t\t* Documentation https:\/\/developers.facebook.com\/docs\/meta-pixel\/implementation\/gdpr\n\t\t\t\t*\/\n\t\t\t\tif ( onetrustStorageConsent.C0002 !== true ) {\n\t\t\t\t\tconsent=\"revoke\";\n\t\t\t\t}\n\t\t\t}\n\t\t\t\t!function(f,b,e,v,n,t,s)\n\t\t{if(f.fbq)return;n=f.fbq=function(){n.callMethod?\n\t\tn.callMethod.apply(n,arguments):n.queue.push(arguments)};\n\t\tif(!f._fbq)f._fbq=n;n.push=n;n.loaded=!0;n.version='2.0';\n\t\tn.queue=[];t=b.createElement(e);t.async=!0;\n\t\tt.src=v;s=b.getElementsByTagName(e)[0];\n\t\ts.parentNode.insertBefore(t,s)}(window, document,'script',\n\t\t'https:\/\/connect.facebook.net\/en_US\/fbevents.js');\n\t\tfbq('consent', consent);\n\t\tfbq('init', '989222871864976');\n\t\tfbq('track', 'PageView');\n\t<\/script><script type=\"module\">\n\t\tvar consent=\"grant\";\n\t\t\/* The above code is parsing the JSON data from the local storage and storing it in a variable. *\/\n\t\t\tconst onetrustStorageConsent = JSON.parse(localStorage.getItem( 'consent_one_trust_bdc' ) );\n\t\t\t\/* Checking to see if the user has consented to the use of cookies.\n\t\t\t* If they have not, it is deleting the cookie.\n\t\t\t* This will comment for now, until further notice.\n\t\t\t*\/\n\t\t\t\/\/if ( onetrustStorageConsent.C0002 === false ) {\n\t\t\t\/\/\tdocument.cookie=\"_fbp=;expires=Thu, 01 Jan 2010 00:00:00 UTC; path=\/; domain=.boston.com\";\n\t\t\t\/\/}\n\t\t\t\/* Checking if the user has given consent for the cookie C0002.\n\t\t\t* If the user has given consent, the variable consent will be set to 'grant'.\n\t\t\t* If the user has not given consent,the variable consent will be set to 'revoke'.\n\t\t\t* Documentation https:\/\/developers.facebook.com\/docs\/meta-pixel\/implementation\/gdpr\n\t\t\t*\/\n\t\t\tif ( ( onetrustStorageConsent !== null ) && (onetrustStorageConsent.C0002 !== true ) ) {\n\t\t\t\tconsent=\"revoke\";\n\t\t\t}\n\t\t\t\t!function(f,b,e,v,n,t,s){if(f.fbq)return;n=f.fbq=function()\n\t\t{n.callMethod? n.callMethod.apply(n,arguments):n.queue.push(arguments)}\n\t\t;if(!f._fbq)f._fbq=n;\n\t\tn.push=n;n.loaded=!0;n.version='2.0';n.queue=[];t=b.createElement(e);t.async=!0;\n\t\tt.src=v;s=b.getElementsByTagName(e)[0];s.parentNode.insertBefore(t,s)}(window,\n\t\tdocument,'script','https:\/\/connect.facebook.net\/en_US\/fbevents.js');\n\t\tfbq('consent', consent);\n\t\tfbq('init', '813236348753005');\n\t\tfbq('track', \"PageView\");\n\t<\/script><br \/>\n<br \/><br \/>\n<br \/><a href=\"https:\/\/www.boston.com\/culture\/entertainment\/2024\/09\/04\/dancing-with-the-stars-season-33-cast-2024\/\">Source link <\/a><\/p>","protected":false},"excerpt":{"rendered":"<p>Entretenimento Danny Amendola se juntar\u00e1 a Tori Spelling, Dwight Howard, &#8216;Pommel Horse Guy&#8217; Stephen Nedoroscik e outros na 33\u00aa temporada do programa competitivo da ABC. Stephen Nedoroscik, Danny Amendola e&hellip;<\/p>","protected":false},"author":1,"featured_media":31679,"comment_status":"closed","ping_status":"open","sticky":false,"template":"","format":"standard","meta":{"content-type":"","footnotes":""},"categories":[1],"tags":[],"class_list":["post-31678","post","type-post","status-publish","format-standard","has-post-thumbnail","hentry","category-uncategorized"],"_links":{"self":[{"href":"https:\/\/tvbrazilusa.com\/pt\/wp-json\/wp\/v2\/posts\/31678","targetHints":{"allow":["GET"]}}],"collection":[{"href":"https:\/\/tvbrazilusa.com\/pt\/wp-json\/wp\/v2\/posts"}],"about":[{"href":"https:\/\/tvbrazilusa.com\/pt\/wp-json\/wp\/v2\/types\/post"}],"author":[{"embeddable":true,"href":"https:\/\/tvbrazilusa.com\/pt\/wp-json\/wp\/v2\/users\/1"}],"replies":[{"embeddable":true,"href":"https:\/\/tvbrazilusa.com\/pt\/wp-json\/wp\/v2\/comments?post=31678"}],"version-history":[{"count":1,"href":"https:\/\/tvbrazilusa.com\/pt\/wp-json\/wp\/v2\/posts\/31678\/revisions"}],"predecessor-version":[{"id":31680,"href":"https:\/\/tvbrazilusa.com\/pt\/wp-json\/wp\/v2\/posts\/31678\/revisions\/31680"}],"wp:featuredmedia":[{"embeddable":true,"href":"https:\/\/tvbrazilusa.com\/pt\/wp-json\/wp\/v2\/media\/31679"}],"wp:attachment":[{"href":"https:\/\/tvbrazilusa.com\/pt\/wp-json\/wp\/v2\/media?parent=31678"}],"wp:term":[{"taxonomy":"category","embeddable":true,"href":"https:\/\/tvbrazilusa.com\/pt\/wp-json\/wp\/v2\/categories?post=31678"},{"taxonomy":"post_tag","embeddable":true,"href":"https:\/\/tvbrazilusa.com\/pt\/wp-json\/wp\/v2\/tags?post=31678"}],"curies":[{"name":"wp","href":"https:\/\/api.w.org\/{rel}","templated":true}]}}