{"id":31694,"date":"2024-09-04T15:07:01","date_gmt":"2024-09-04T15:07:01","guid":{"rendered":"https:\/\/tvbrazilusa.com\/2024\/09\/04\/jovem-brasileira-de-15-anos-desaparece-nos-eua-e-familia-busca-ajuda\/"},"modified":"2024-09-04T15:17:52","modified_gmt":"2024-09-04T15:17:52","slug":"jovem-brasileira-de-15-anos-desaparece-nos-eua-e-familia-busca-ajuda","status":"publish","type":"post","link":"https:\/\/tvbrazilusa.com\/pt\/2024\/09\/04\/jovem-brasileira-de-15-anos-desaparece-nos-eua-e-familia-busca-ajuda\/","title":{"rendered":"Jovem brasileira de 15 anos desaparece nos EUA e fam\u00edlia busca ajuda"},"content":{"rendered":"<p> <script async src=\"https:\/\/pagead2.googlesyndication.com\/pagead\/js\/adsbygoogle.js?client=ca-pub-8864793242727901\"\r\n     crossorigin=\"anonymous\"><\/script><br \/>\n<\/p>\n<div>\n<p>Amanda Caldeira, uma adolescente de 15 anos e filha de brasileiros, est\u00e1 desaparecida nos Estados Unidos desde o dia 28 de agosto de 2024. A jovem, que vive com sua fam\u00edlia na cidade de Harrison, Nova Jersey, foi vista pela \u00faltima vez embarcando em um trem e saindo em Jersey City, a cerca de 10 km de sua casa.<\/p>\n<p>Desde ent\u00e3o, Amanda n\u00e3o retornou e foi dada como desaparecida na tarde do mesmo dia pela m\u00e3e, Lucelia Santos. A situa\u00e7\u00e3o tem causado grande preocupa\u00e7\u00e3o e desespero para a fam\u00edlia e a comunidade local, que est\u00e3o em busca de qualquer informa\u00e7\u00e3o que possa ajudar a encontrar a menina.<\/p>\n<p>O departamento de pol\u00edcia de Harrison instaurou uma investiga\u00e7\u00e3o para encontrar Amanda Caldeira. Descrita como hisp\u00e2nica de pele clara, de cabelos pretos longos, medindo aproximadamente 1,50 m e pesando entre 40 e 45 kg, a jovem foi vista pela \u00faltima vez vestindo uma camisa bege, cal\u00e7a jeans e uma mochila preta.<\/p>\n<p>A jovem frequenta Jersey City, segundo a fam\u00edlia, mas at\u00e9 o momento, n\u00e3o h\u00e1 pistas sobre seu paradeiro. A cidade de Harrison, que tem pouco menos de 20 mil habitantes e fica a 15 km de Nova York, se mobilizou para ajudar nas buscas.<\/p>\n<h2 class=\"wp-block-heading\">A Busca de Socorro da M\u00e3e de Amanda<\/h2>\n<figure class=\"wp-block-image size-full\"><picture decoding=\"async\" class=\"wp-image-184972\"><source type=\"image\/webp\" srcset=\"https:\/\/terrabrasilnoticias.com\/wp-content\/uploads\/2024\/09\/image-27.png.webp 602w, https:\/\/terrabrasilnoticias.com\/wp-content\/uploads\/2024\/09\/image-27-238x300.png.webp 238w\" sizes=\"(max-width: 602px) 100vw, 602px\"\/><\/picture><figcaption class=\"wp-element-caption\">Reprodu\u00e7\u00e3o\/Redes sociais<\/figcaption><\/figure>\n<p>Em seu perfil no Facebook, Lucelia Santos pede ajuda e diz que sua filha sofre de asma, o que aumenta ainda mais a preocupa\u00e7\u00e3o. Em um dos posts, ela relata ter recebido um trote: \u201cAlgum com uma voz jovem me ligou e fez uma brincadeira terr\u00edvel. Eu quase tive um ataque do cora\u00e7\u00e3o, minha press\u00e3o arterial subiu\u201d, disse Lucelia.<\/p>\n<p>A m\u00e3e ainda suplica no post: \u201cN\u00e3o achem que isso \u00e9 brincadeira, eu estou sofrendo. Ela pode estar em perigo\u201d. A ang\u00fastia de Lucelia \u00e9 compreens\u00edvel, e qualquer informa\u00e7\u00e3o pode ser crucial para trazer Amanda de volta para casa em seguran\u00e7a.<\/p>\n<h2 class=\"wp-block-heading\">O Que Fazer se Voc\u00ea Tiver Informa\u00e7\u00f5es?<\/h2>\n<p>Se voc\u00ea tiver qualquer informa\u00e7\u00e3o sobre o paradeiro de Amanda Caldeira, entre em contato imediatamente com o departamento de pol\u00edcia de Harrison. A mobiliza\u00e7\u00e3o da comunidade \u00e9 essencial para acelerar as investiga\u00e7\u00f5es e aumentar as chances de encontrar Amanda em seguran\u00e7a.<\/p>\n<ul class=\"wp-block-list\">\n<li>Comunicar-se com a pol\u00edcia local.<\/li>\n<li>Compartilhar informa\u00e7\u00f5es nas redes sociais.<\/li>\n<li>N\u00e3o fazer trotes ou brincadeiras de mau gosto.<\/li>\n<\/ul>\n<h2 class=\"wp-block-heading\">Como Ajudar nas Buscas por Amanda Caldeira<\/h2>\n<p>Al\u00e9m de entrar em contato com a pol\u00edcia, voc\u00ea pode ajudar compartilhando a foto e as informa\u00e7\u00f5es sobre Amanda em suas redes sociais. A visibilidade pode ser chave para que algu\u00e9m a reconhe\u00e7a e forne\u00e7a informa\u00e7\u00f5es valiosas para a pol\u00edcia.<\/p>\n<p>A investiga\u00e7\u00e3o continua e a esperan\u00e7a \u00e9 que Amanda seja encontrada o mais r\u00e1pido poss\u00edvel. A mobiliza\u00e7\u00e3o e a empatia da comunidade s\u00e3o fundamentais nesse momento dif\u00edcil.<\/p>\n<\/p><\/div>\n<p><br \/>\n<br \/><a href=\"https:\/\/terrabrasilnoticias.com\/2024\/09\/jovem-brasileira-de-15-anos-desaparece-nos-eua-e-familia-busca-ajuda\/\">Source link <\/a><\/p>","protected":false},"excerpt":{"rendered":"<p>Amanda Caldeira, uma adolescente de 15 anos e filha de brasileiros, est\u00e1 desaparecida nos Estados Unidos desde o dia 28 de agosto de 2024. A jovem, que vive com sua&hellip;<\/p>","protected":false},"author":1,"featured_media":31695,"comment_status":"closed","ping_status":"open","sticky":false,"template":"","format":"standard","meta":{"content-type":"","footnotes":""},"categories":[16],"tags":[],"class_list":["post-31694","post","type-post","status-publish","format-standard","has-post-thumbnail","hentry","category-noticias"],"_links":{"self":[{"href":"https:\/\/tvbrazilusa.com\/pt\/wp-json\/wp\/v2\/posts\/31694","targetHints":{"allow":["GET"]}}],"collection":[{"href":"https:\/\/tvbrazilusa.com\/pt\/wp-json\/wp\/v2\/posts"}],"about":[{"href":"https:\/\/tvbrazilusa.com\/pt\/wp-json\/wp\/v2\/types\/post"}],"author":[{"embeddable":true,"href":"https:\/\/tvbrazilusa.com\/pt\/wp-json\/wp\/v2\/users\/1"}],"replies":[{"embeddable":true,"href":"https:\/\/tvbrazilusa.com\/pt\/wp-json\/wp\/v2\/comments?post=31694"}],"version-history":[{"count":1,"href":"https:\/\/tvbrazilusa.com\/pt\/wp-json\/wp\/v2\/posts\/31694\/revisions"}],"predecessor-version":[{"id":31696,"href":"https:\/\/tvbrazilusa.com\/pt\/wp-json\/wp\/v2\/posts\/31694\/revisions\/31696"}],"wp:featuredmedia":[{"embeddable":true,"href":"https:\/\/tvbrazilusa.com\/pt\/wp-json\/wp\/v2\/media\/31695"}],"wp:attachment":[{"href":"https:\/\/tvbrazilusa.com\/pt\/wp-json\/wp\/v2\/media?parent=31694"}],"wp:term":[{"taxonomy":"category","embeddable":true,"href":"https:\/\/tvbrazilusa.com\/pt\/wp-json\/wp\/v2\/categories?post=31694"},{"taxonomy":"post_tag","embeddable":true,"href":"https:\/\/tvbrazilusa.com\/pt\/wp-json\/wp\/v2\/tags?post=31694"}],"curies":[{"name":"wp","href":"https:\/\/api.w.org\/{rel}","templated":true}]}}