{"id":31712,"date":"2024-09-04T15:32:24","date_gmt":"2024-09-04T15:32:24","guid":{"rendered":"https:\/\/tvbrazilusa.com\/2024\/09\/04\/agora-incendio-atinge-predio-da-historica-casa-de-shows-canecao-veja-video\/"},"modified":"2024-09-04T15:46:23","modified_gmt":"2024-09-04T15:46:23","slug":"agora-incendio-atinge-predio-da-historica-casa-de-shows-canecao-veja-video","status":"publish","type":"post","link":"https:\/\/tvbrazilusa.com\/pt\/2024\/09\/04\/agora-incendio-atinge-predio-da-historica-casa-de-shows-canecao-veja-video\/","title":{"rendered":"AGORA: inc\u00eandio atinge pr\u00e9dio da hist\u00f3rica casa de shows Canec\u00e3o; VEJA V\u00cdDEO"},"content":{"rendered":"<p> <script async src=\"https:\/\/pagead2.googlesyndication.com\/pagead\/js\/adsbygoogle.js?client=ca-pub-8864793242727901\"\r\n     crossorigin=\"anonymous\"><\/script><br \/>\n<\/p>\n<div>\n<p>O pr\u00e9dio da hist\u00f3rica casa de shows Canec\u00e3o, localizada na Zona Sul do Rio de Janeiro, foi surpreendido por um inc\u00eandio na manh\u00e3 desta quarta-feira, 4 de setembro de 2024. O quartel dos bombeiros em Botafogo foi prontamente acionado por volta das 8h57 e as equipes chegaram rapidamente ao local.<\/p>\n<p>Segundo informa\u00e7\u00f5es da corpora\u00e7\u00e3o, felizmente n\u00e3o houve feridos. Os bombeiros continuam lutando para controlar as chamas, mas a extens\u00e3o total dos danos ainda \u00e9 desconhecida. A edifica\u00e7\u00e3o, que funcionou como casa de shows at\u00e9 2010, estava em processo para ser demolida, dando lugar a um novo complexo que deve retomar as atividades em 2026.<\/p>\n<blockquote class=\"instagram-media\" data-instgrm-captioned=\"\" data-instgrm-permalink=\"https:\/\/www.instagram.com\/reel\/C_gBLBYRtnH\/?utm_source=ig_embed&#038;utm_campaign=loading\" data-instgrm-version=\"14\" style=\" background:#FFF; border:0; border-radius:3px; box-shadow:0 0 1px 0 rgba(0,0,0,0.5),0 1px 10px 0 rgba(0,0,0,0.15); margin: 1px; max-width:540px; min-width:326px; padding:0; width:99.375%; width:-webkit-calc(100% - 2px); width:calc(100% - 2px);\"\/>\n<h2 class=\"wp-block-heading\">Nova Fase do Canec\u00e3o: O Que Esperar?<\/h2>\n<p>O Canec\u00e3o \u00e9 amplamente lembrado por ser uma das casas de shows mais ic\u00f4nicas do Brasil. Em 2023, ap\u00f3s mais de uma d\u00e9cada de inatividade, a Universidade Federal do Rio de Janeiro (UFRJ) realizou um leil\u00e3o para transferir a gest\u00e3o do espa\u00e7o para a iniciativa privada.<\/p>\n<p>O cons\u00f3rcio Bonus Klefer saiu vencedor do processo licitat\u00f3rio, oferecendo R$ 4,35 milh\u00f5es pela concess\u00e3o do terreno e a gest\u00e3o do novo Canec\u00e3o por um per\u00edodo de 30 anos. Este acordo inclui um plano de interven\u00e7\u00e3o or\u00e7ado em R$ 137,7 milh\u00f5es e ser\u00e1 assinado pelo renomado arquiteto Jo\u00e3o Niemeyer.<\/p>\n<h2 class=\"wp-block-heading\">Quais S\u00e3o os Planos para o Novo Canec\u00e3o?<\/h2>\n<p>O plano de retomada do Canec\u00e3o envolve uma s\u00e9rie de melhorias e reformula\u00e7\u00f5es significativas. Aqui est\u00e3o alguns dos principais pontos previstos no projeto:<\/p>\n<ul class=\"wp-block-list\">\n<li>Demoli\u00e7\u00e3o do atual pr\u00e9dio para abrir espa\u00e7o a uma nova constru\u00e7\u00e3o moderna e multifuncional.<\/li>\n<li>Cria\u00e7\u00e3o de \u00e1reas de conviv\u00eancia e espa\u00e7os culturais, para al\u00e9m das tradicionais apresenta\u00e7\u00f5es musicais.<\/li>\n<li>Implementa\u00e7\u00e3o de novas tecnologias e equipamentos de ponta para melhorar a experi\u00eancia dos visitantes.<\/li>\n<li>Cria\u00e7\u00e3o de espa\u00e7os comerciais e gastron\u00f4micos para atrair um p\u00fablico mais variado.<\/li>\n<li>Parceria com iniciativas culturais e educativas para fomentar a cultura local.<\/li>\n<\/ul><\/div>\n<p><script async src=\"\/\/www.instagram.com\/embed.js\"><\/script><br \/>\n<br \/><br \/>\n<br \/><a href=\"https:\/\/terrabrasilnoticias.com\/2024\/09\/agora-incendio-atinge-predio-da-historica-casa-de-shows-canecao-veja-video\/\">Source link <\/a><\/p>","protected":false},"excerpt":{"rendered":"<p>O pr\u00e9dio da hist\u00f3rica casa de shows Canec\u00e3o, localizada na Zona Sul do Rio de Janeiro, foi surpreendido por um inc\u00eandio na manh\u00e3 desta quarta-feira, 4 de setembro de 2024.&hellip;<\/p>","protected":false},"author":1,"featured_media":31713,"comment_status":"closed","ping_status":"open","sticky":false,"template":"","format":"standard","meta":{"content-type":"","footnotes":""},"categories":[16],"tags":[],"class_list":["post-31712","post","type-post","status-publish","format-standard","has-post-thumbnail","hentry","category-noticias"],"_links":{"self":[{"href":"https:\/\/tvbrazilusa.com\/pt\/wp-json\/wp\/v2\/posts\/31712","targetHints":{"allow":["GET"]}}],"collection":[{"href":"https:\/\/tvbrazilusa.com\/pt\/wp-json\/wp\/v2\/posts"}],"about":[{"href":"https:\/\/tvbrazilusa.com\/pt\/wp-json\/wp\/v2\/types\/post"}],"author":[{"embeddable":true,"href":"https:\/\/tvbrazilusa.com\/pt\/wp-json\/wp\/v2\/users\/1"}],"replies":[{"embeddable":true,"href":"https:\/\/tvbrazilusa.com\/pt\/wp-json\/wp\/v2\/comments?post=31712"}],"version-history":[{"count":1,"href":"https:\/\/tvbrazilusa.com\/pt\/wp-json\/wp\/v2\/posts\/31712\/revisions"}],"predecessor-version":[{"id":31714,"href":"https:\/\/tvbrazilusa.com\/pt\/wp-json\/wp\/v2\/posts\/31712\/revisions\/31714"}],"wp:featuredmedia":[{"embeddable":true,"href":"https:\/\/tvbrazilusa.com\/pt\/wp-json\/wp\/v2\/media\/31713"}],"wp:attachment":[{"href":"https:\/\/tvbrazilusa.com\/pt\/wp-json\/wp\/v2\/media?parent=31712"}],"wp:term":[{"taxonomy":"category","embeddable":true,"href":"https:\/\/tvbrazilusa.com\/pt\/wp-json\/wp\/v2\/categories?post=31712"},{"taxonomy":"post_tag","embeddable":true,"href":"https:\/\/tvbrazilusa.com\/pt\/wp-json\/wp\/v2\/tags?post=31712"}],"curies":[{"name":"wp","href":"https:\/\/api.w.org\/{rel}","templated":true}]}}