{"id":31749,"date":"2024-09-04T16:23:25","date_gmt":"2024-09-04T16:23:25","guid":{"rendered":"https:\/\/tvbrazilusa.com\/2024\/09\/04\/os-eua-estao-se-preparando-para-acusar-a-russia-de-campanhas-de-desinformacao-visando-a-eleicao-presidencial-wsvn-7news-noticias-de-miami-clima-esportes-fort-lauderdale\/"},"modified":"2024-09-04T16:28:19","modified_gmt":"2024-09-04T16:28:19","slug":"os-eua-estao-se-preparando-para-acusar-a-russia-de-campanhas-de-desinformacao-visando-a-eleicao-presidencial-wsvn-7news-noticias-de-miami-clima-esportes-fort-lauderdale","status":"publish","type":"post","link":"https:\/\/tvbrazilusa.com\/pt\/2024\/09\/04\/os-eua-estao-se-preparando-para-acusar-a-russia-de-campanhas-de-desinformacao-visando-a-eleicao-presidencial-wsvn-7news-noticias-de-miami-clima-esportes-fort-lauderdale\/","title":{"rendered":"Os EUA est\u00e3o se preparando para acusar a R\u00fassia de campanhas de desinforma\u00e7\u00e3o visando a elei\u00e7\u00e3o presidencial &#8211; WSVN 7News | Not\u00edcias de Miami, Clima, Esportes | Fort Lauderdale"},"content":{"rendered":"<p> <script async src=\"https:\/\/pagead2.googlesyndication.com\/pagead\/js\/adsbygoogle.js?client=ca-pub-8864793242727901\"\r\n     crossorigin=\"anonymous\"><\/script><br \/>\n<\/p>\n<div itemprop=\"articleBody\">\n<p>WASHINGTON (AP) \u2014 O governo Biden est\u00e1 se preparando na quarta-feira para acusar a R\u00fassia de campanhas de desinforma\u00e7\u00e3o visando a elei\u00e7\u00e3o presidencial, de acordo com tr\u00eas pessoas familiarizadas com o assunto.<\/p>\n<p>Ag\u00eancias de intelig\u00eancia j\u00e1 acusaram a R\u00fassia de usar desinforma\u00e7\u00e3o para tentar interferir na elei\u00e7\u00e3o. Mas o an\u00fancio esperado do Procurador-Geral Merrick Garland deve mostrar a profundidade das preocupa\u00e7\u00f5es dos EUA e sinalizar a\u00e7\u00f5es legais contra os suspeitos de estarem envolvidos.<\/p>\n<p>As pessoas que discutiram o an\u00fancio falaram sob condi\u00e7\u00e3o de anonimato com a The Associated Press porque o assunto n\u00e3o era p\u00fablico. Uma das pessoas disse que o an\u00fancio envolver\u00e1, em parte, uma acusa\u00e7\u00e3o do uso da m\u00eddia estatal russa para espalhar desinforma\u00e7\u00e3o e propaganda.<\/p>\n<p>Garland e outros l\u00edderes respons\u00e1veis \u200b\u200bpela aplica\u00e7\u00e3o da lei devem falar brevemente na abertura de uma reuni\u00e3o da for\u00e7a-tarefa de amea\u00e7as eleitorais do Departamento de Justi\u00e7a.<\/p>\n<p>Em um discurso no m\u00eas passado, a vice-procuradora-geral Lisa Monaco disse que a R\u00fassia era a principal amea\u00e7a \u00e0 elei\u00e7\u00e3o.<\/p>\n<p>O presidente russo Vladimir Putin e \u201cseus representantes est\u00e3o usando t\u00e9cnicas cada vez mais sofisticadas em suas opera\u00e7\u00f5es de interfer\u00eancia. Eles est\u00e3o mirando em demografias eleitorais espec\u00edficas e eleitores de estados indecisos em um esfor\u00e7o para manipular os resultados das elei\u00e7\u00f5es presidenciais e do Congresso\u201d, disse ela. \u201cEles pretendem cooptar americanos desavisados \u200b\u200bnas m\u00eddias sociais para empurrar narrativas que promovam os interesses russos.\u201d<\/p>\n<p>Um porta-voz do Departamento de Justi\u00e7a n\u00e3o quis comentar.<\/p>\n<p>A CNN foi a primeira a relatar o an\u00fancio esperado.<\/p>\n<p><em>Copyright 2024 The Associated Press. Todos os direitos reservados. Este material n\u00e3o pode ser publicado, transmitido, reescrito ou redistribu\u00eddo.<\/em><\/p>\n<div class=\"wp-block-newsletter\">\n\t<strong class=\"wp-block-newsletter__title\">Inscreva-se em nossa Newsletter para receber as \u00faltimas not\u00edcias diretamente na sua caixa de entrada<\/strong><\/p>\n<\/div><\/div>\n<p><br \/>\n<br \/><a href=\"https:\/\/wsvn.com\/news\/politics\/the-us-is-preparing-to-accuse-russia-of-disinformation-campaigns-targeting-the-presidential-election\/\">Source link <\/a><\/p>","protected":false},"excerpt":{"rendered":"<p>WASHINGTON (AP) \u2014 O governo Biden est\u00e1 se preparando na quarta-feira para acusar a R\u00fassia de campanhas de desinforma\u00e7\u00e3o visando a elei\u00e7\u00e3o presidencial, de acordo com tr\u00eas pessoas familiarizadas com&hellip;<\/p>","protected":false},"author":1,"featured_media":31750,"comment_status":"closed","ping_status":"open","sticky":false,"template":"","format":"standard","meta":{"content-type":"","footnotes":""},"categories":[1],"tags":[],"class_list":["post-31749","post","type-post","status-publish","format-standard","has-post-thumbnail","hentry","category-uncategorized"],"_links":{"self":[{"href":"https:\/\/tvbrazilusa.com\/pt\/wp-json\/wp\/v2\/posts\/31749","targetHints":{"allow":["GET"]}}],"collection":[{"href":"https:\/\/tvbrazilusa.com\/pt\/wp-json\/wp\/v2\/posts"}],"about":[{"href":"https:\/\/tvbrazilusa.com\/pt\/wp-json\/wp\/v2\/types\/post"}],"author":[{"embeddable":true,"href":"https:\/\/tvbrazilusa.com\/pt\/wp-json\/wp\/v2\/users\/1"}],"replies":[{"embeddable":true,"href":"https:\/\/tvbrazilusa.com\/pt\/wp-json\/wp\/v2\/comments?post=31749"}],"version-history":[{"count":1,"href":"https:\/\/tvbrazilusa.com\/pt\/wp-json\/wp\/v2\/posts\/31749\/revisions"}],"predecessor-version":[{"id":31751,"href":"https:\/\/tvbrazilusa.com\/pt\/wp-json\/wp\/v2\/posts\/31749\/revisions\/31751"}],"wp:featuredmedia":[{"embeddable":true,"href":"https:\/\/tvbrazilusa.com\/pt\/wp-json\/wp\/v2\/media\/31750"}],"wp:attachment":[{"href":"https:\/\/tvbrazilusa.com\/pt\/wp-json\/wp\/v2\/media?parent=31749"}],"wp:term":[{"taxonomy":"category","embeddable":true,"href":"https:\/\/tvbrazilusa.com\/pt\/wp-json\/wp\/v2\/categories?post=31749"},{"taxonomy":"post_tag","embeddable":true,"href":"https:\/\/tvbrazilusa.com\/pt\/wp-json\/wp\/v2\/tags?post=31749"}],"curies":[{"name":"wp","href":"https:\/\/api.w.org\/{rel}","templated":true}]}}