{"id":31754,"date":"2024-09-04T16:23:31","date_gmt":"2024-09-04T16:23:31","guid":{"rendered":"https:\/\/tvbrazilusa.com\/2024\/09\/04\/dinheiro-nao-traz-felicidade-afirmou-deolane-antes-de-ser-presa-em-operacao-policial\/"},"modified":"2024-09-04T16:40:20","modified_gmt":"2024-09-04T16:40:20","slug":"dinheiro-nao-traz-felicidade-afirmou-deolane-antes-de-ser-presa-em-operacao-policial","status":"publish","type":"post","link":"https:\/\/tvbrazilusa.com\/pt\/2024\/09\/04\/dinheiro-nao-traz-felicidade-afirmou-deolane-antes-de-ser-presa-em-operacao-policial\/","title":{"rendered":"\u201cDinheiro n\u00e3o traz felicidade\u201d, afirmou Deolane antes de ser presa em opera\u00e7\u00e3o policial"},"content":{"rendered":"<p> <script async src=\"https:\/\/pagead2.googlesyndication.com\/pagead\/js\/adsbygoogle.js?client=ca-pub-8864793242727901\"\r\n     crossorigin=\"anonymous\"><\/script><br \/>\n<\/p>\n<div>\n<p>A influenciadora e advogada Deolane Bezerra, de 36 anos, foi detida na manh\u00e3 desta quarta-feira (4), em uma opera\u00e7\u00e3o policial de Pernambuco denominada <a href=\"https:\/\/terrabrasilnoticias.com\/2024\/09\/luxo-aviao-e-carro-de-alto-padrao-sao-apreendidos-em-operacao-que-prendeu-deolane-veja\/\" target=\"_blank\" rel=\"noreferrer noopener\">Opera\u00e7\u00e3o <\/a>Integration. O objetivo da a\u00e7\u00e3o era desarticular uma organiza\u00e7\u00e3o criminosa envolvida em jogos ilegais e lavagem de dinheiro.<\/p>\n<p>Deolane, que reside em S\u00e3o Paulo, esteve compartilhando nas redes sociais imagens de uma viagem em fam\u00edlia para seu estado natal, Pernambuco, at\u00e9 a noite anterior de sua captura. Em v\u00eddeos publicados nos stories do Instagram, ela apareceu com sua filha Valentina, de 8 anos, destacando a beleza do local.<\/p>\n<h2 class=\"wp-block-heading\">Deolane Bezerra e a Visita \u00e0s Ra\u00edzes<\/h2>\n<p>Durante a viagem, Deolane Bezerra fez quest\u00e3o de visitar locais importantes de sua inf\u00e2ncia em Vit\u00f3ria de Santo Ant\u00e3o. Ela mostrou o quarto onde dormia na casa dos av\u00f3s, entre outras mem\u00f3rias da fam\u00edlia, celebrando as lembran\u00e7as.<\/p>\n<p>Em um dos v\u00eddeos, Deolane comentou: <strong>\u201cQue lugar maravilhoso. Tem vida mais barata, mas n\u00e3o presta n\u00e3o. Mentira, a gente \u00e9 feliz com pouco. Dinheiro n\u00e3o traz felicidade, compra algumas coisinhas, mas n\u00e3o traz felicidade plena\u201d<\/strong>, disse a influenciadora de forma ir\u00f4nica.<\/p>\n<figure class=\"wp-block-image size-full\"><picture decoding=\"async\" class=\"wp-image-185009\"><source type=\"image\/webp\" srcset=\"https:\/\/terrabrasilnoticias.com\/wp-content\/uploads\/2024\/09\/image-29.png.webp 656w, https:\/\/terrabrasilnoticias.com\/wp-content\/uploads\/2024\/09\/image-29-300x225.png.webp 300w\" sizes=\"(max-width: 656px) 100vw, 656px\"\/><\/picture><figcaption class=\"wp-element-caption\">Reprodu\u00e7\u00e3o\/Instagram@<a href=\"https:\/\/www.instagram.com\/dra.deolanebezerra\/?hl=pt-br#\" target=\"_blank\" rel=\"noreferrer noopener\">dra.deolanebezerra<\/a><\/figcaption><\/figure>\n<h2 class=\"wp-block-heading\">Pris\u00e3o<\/h2>\n<p>Deolane Bezerra foi alvo da Opera\u00e7\u00e3o Integration, que envolveu cerca de 170 policiais atuando para desmantelar uma rede criminosa. Essa organiza\u00e7\u00e3o estava envolvida em atividades como jogos ilegais e lavagem de dinheiro, uma investiga\u00e7\u00e3o que vinha sendo conduzida pela Pol\u00edcia Civil de Pernambuco.<\/p>\n<p>O caso gerou grande repercuss\u00e3o nas redes sociais, onde a pr\u00f3pria Deolane tem um numeroso ex\u00e9rcito de seguidores. O impacto da pris\u00e3o foi aumentado pelos detalhes adicionais das visitas e intera\u00e7\u00f5es familiares que ela vinha compartilhando online.<\/p>\n<h2 class=\"wp-block-heading\">Impacto Familiar e Rea\u00e7\u00f5es<\/h2>\n<p>Ap\u00f3s a pris\u00e3o, a m\u00e3e de Deolane passou mal e foi levada ao hospital. A fam\u00edlia da influenciadora declarou sentir-se perseguida. A irm\u00e3 de Deolane afirmou que sua fam\u00edlia estava sendo v\u00edtima de uma persegui\u00e7\u00e3o injusta.<\/p>\n<ul class=\"wp-block-list\">\n<li>Deolane Bezerra visitou sua cidade natal e compartilhou suas mem\u00f3rias.<\/li>\n<li>Foi presa durante a opera\u00e7\u00e3o Integration pela Pol\u00edcia Civil de Pernambuco.<\/li>\n<li>Acusa\u00e7\u00f5es incluem envolvimento com jogos ilegais e lavagem de dinheiro.<\/li>\n<li>O caso trouxe grande repercuss\u00e3o, especialmente nas redes sociais.<\/li>\n<li>Fam\u00edlia declarou sentir-se perseguida ap\u00f3s o ocorrido.<\/li>\n<\/ul>\n<p><strong>Pronunciamento postado em suas redes sociais:<\/strong><\/p>\n<blockquote class=\"instagram-media\" data-instgrm-captioned=\"\" data-instgrm-permalink=\"https:\/\/www.instagram.com\/p\/C_f8BIhOARc\/?utm_source=ig_embed&#038;utm_campaign=loading\" data-instgrm-version=\"14\" style=\" background:#FFF; border:0; border-radius:3px; box-shadow:0 0 1px 0 rgba(0,0,0,0.5),0 1px 10px 0 rgba(0,0,0,0.15); margin: 1px; max-width:540px; min-width:326px; padding:0; width:99.375%; width:-webkit-calc(100% - 2px); width:calc(100% - 2px);\"\/>\n<p>A situa\u00e7\u00e3o ainda est\u00e1 se desenrolando, e espera-se que mais detalhes sejam revelados conforme a investiga\u00e7\u00e3o avan\u00e7a. Deolane Bezerra est\u00e1 enfrentando uma batalha legal significativa e o resultado desse processo pode impactar significativamente sua vida pessoal e profissional.<\/p>\n<p>De qualquer forma, o caso est\u00e1 chamando a aten\u00e7\u00e3o do p\u00fablico e dos meios de comunica\u00e7\u00e3o. N\u00e3o s\u00f3 pela figura pol\u00eamica de Deolane, mas tamb\u00e9m pelas alega\u00e7\u00f5es graves que envolvem atividades criminosas.<\/p>\n<\/p><\/div>\n<p><script async src=\"\/\/www.instagram.com\/embed.js\"><\/script><br \/>\n<br \/><br \/>\n<br \/><a href=\"https:\/\/terrabrasilnoticias.com\/2024\/09\/dinheiro-nao-traz-felicidade-afirmou-deolane-antes-de-ser-presa-em-operacao-policial\/\">Source link <\/a><\/p>","protected":false},"excerpt":{"rendered":"<p>A influenciadora e advogada Deolane Bezerra, de 36 anos, foi detida na manh\u00e3 desta quarta-feira (4), em uma opera\u00e7\u00e3o policial de Pernambuco denominada Opera\u00e7\u00e3o Integration. O objetivo da a\u00e7\u00e3o era&hellip;<\/p>","protected":false},"author":1,"featured_media":31755,"comment_status":"closed","ping_status":"open","sticky":false,"template":"","format":"standard","meta":{"content-type":"","footnotes":""},"categories":[16],"tags":[],"class_list":["post-31754","post","type-post","status-publish","format-standard","has-post-thumbnail","hentry","category-noticias"],"_links":{"self":[{"href":"https:\/\/tvbrazilusa.com\/pt\/wp-json\/wp\/v2\/posts\/31754","targetHints":{"allow":["GET"]}}],"collection":[{"href":"https:\/\/tvbrazilusa.com\/pt\/wp-json\/wp\/v2\/posts"}],"about":[{"href":"https:\/\/tvbrazilusa.com\/pt\/wp-json\/wp\/v2\/types\/post"}],"author":[{"embeddable":true,"href":"https:\/\/tvbrazilusa.com\/pt\/wp-json\/wp\/v2\/users\/1"}],"replies":[{"embeddable":true,"href":"https:\/\/tvbrazilusa.com\/pt\/wp-json\/wp\/v2\/comments?post=31754"}],"version-history":[{"count":1,"href":"https:\/\/tvbrazilusa.com\/pt\/wp-json\/wp\/v2\/posts\/31754\/revisions"}],"predecessor-version":[{"id":31756,"href":"https:\/\/tvbrazilusa.com\/pt\/wp-json\/wp\/v2\/posts\/31754\/revisions\/31756"}],"wp:featuredmedia":[{"embeddable":true,"href":"https:\/\/tvbrazilusa.com\/pt\/wp-json\/wp\/v2\/media\/31755"}],"wp:attachment":[{"href":"https:\/\/tvbrazilusa.com\/pt\/wp-json\/wp\/v2\/media?parent=31754"}],"wp:term":[{"taxonomy":"category","embeddable":true,"href":"https:\/\/tvbrazilusa.com\/pt\/wp-json\/wp\/v2\/categories?post=31754"},{"taxonomy":"post_tag","embeddable":true,"href":"https:\/\/tvbrazilusa.com\/pt\/wp-json\/wp\/v2\/tags?post=31754"}],"curies":[{"name":"wp","href":"https:\/\/api.w.org\/{rel}","templated":true}]}}