{"id":31757,"date":"2024-09-04T16:32:26","date_gmt":"2024-09-04T16:32:26","guid":{"rendered":"https:\/\/tvbrazilusa.com\/2024\/09\/04\/arts-picks-6-a-8-de-setembro-jacksonville-today\/"},"modified":"2024-09-04T16:43:48","modified_gmt":"2024-09-04T16:43:48","slug":"arts-picks-6-a-8-de-setembro-jacksonville-today","status":"publish","type":"post","link":"https:\/\/tvbrazilusa.com\/pt\/2024\/09\/04\/arts-picks-6-a-8-de-setembro-jacksonville-today\/","title":{"rendered":"ARTS PICKS | 6 a 8 de setembro &#8211; Jacksonville Today"},"content":{"rendered":"<p> <script async src=\"https:\/\/pagead2.googlesyndication.com\/pagead\/js\/adsbygoogle.js?client=ca-pub-8864793242727901\"\r\n     crossorigin=\"anonymous\"><\/script><br \/>\n<\/p>\n<div>\n<p><em>O editor de arte e cultura do Jacksonville Today, Matt Shaw, compartilha suas escolhas de arte e cultura para o fim de semana do Dia do Trabalho.<\/em><\/p>\n<div class=\"wp-block-image\">\n<figure class=\"aligncenter size-large\"><figcaption class=\"wp-element-caption\">Cr\u00e9dito: Cre8Jax<\/figcaption><\/figure>\n<\/div>\n<p><strong>S\u00e1bado<\/strong><\/p>\n<p><strong>Marcus Williams: <\/strong><strong><em>Deuses n\u00e3o americanos<\/em><\/strong><\/p>\n<p><strong>O Jessie Ball duPont Center | Centro de Jacksonville<\/strong> <\/p>\n<p>O mais recente artista residente do Moving the Margins, o especialista em acr\u00edlico criado em Jacksonville, Marcus Williams, revela <em>Deuses antiamericanos, <\/em>uma exposi\u00e7\u00e3o espec\u00edfica do local de novos trabalhos que examinam a coloniza\u00e7\u00e3o europeia no desenvolvimento africano e suas repercuss\u00f5es sobre os negros na Am\u00e9rica. A exposi\u00e7\u00e3o est\u00e1 em exibi\u00e7\u00e3o at\u00e9 12 de fevereiro na Corner Gallery dentro do The Jessie no centro de Jax. Uma recep\u00e7\u00e3o de abertura \u00e9 realizada no s\u00e1bado de <strong>17h-21h<\/strong> A entrada \u00e9 gratuita. <a href=\"https:\/\/movingthemargins.org\/\" rel=\"nofollow noopener\" target=\"_blank\">Mais informa\u00e7\u00f5es<\/a>. <\/p>\n<hr class=\"wp-block-separator has-alpha-channel-opacity\"\/>\n<div class=\"wp-block-image\">\n<figure class=\"aligncenter size-large\"><img loading=\"lazy\" color=\"d0b697\" transparency=\"true\" style=\"--dominant-color: #d0b697;\" decoding=\"async\" width=\"768\" height=\"1024\" src=\"https:\/\/jaxtoday.org\/wp-content\/uploads\/2024\/09\/CUMMER-REVISED-768x1024.png\" alt=\"\" class=\"has-transparency wp-image-76318\" srcset=\"https:\/\/jaxtoday.org\/wp-content\/uploads\/2024\/09\/CUMMER-REVISED-768x1024.png 768w, https:\/\/jaxtoday.org\/wp-content\/uploads\/2024\/09\/CUMMER-REVISED-225x300.png 225w, https:\/\/jaxtoday.org\/wp-content\/uploads\/2024\/09\/CUMMER-REVISED-1152x1536.png 1152w, https:\/\/jaxtoday.org\/wp-content\/uploads\/2024\/09\/CUMMER-REVISED-1536x2048.png 1536w, https:\/\/jaxtoday.org\/wp-content\/uploads\/2024\/09\/CUMMER-REVISED-180x240.png 180w, https:\/\/jaxtoday.org\/wp-content\/uploads\/2024\/09\/CUMMER-REVISED-100x133.png 100w, https:\/\/jaxtoday.org\/wp-content\/uploads\/2024\/09\/CUMMER-REVISED-1650x2200.png 1650w\" sizes=\"auto, (max-width: 768px) 100vw, 768px\"\/><\/figure>\n<\/div>\n<p><strong>S\u00e1bado <\/strong><\/p>\n<p><strong>Jamboree de flores do rio <\/strong><\/p>\n<p><strong>Museu de Arte e Jardins Cummer | Riverside <\/strong><\/p>\n<p>As ra\u00edzes do bluegrass de Jacksonville s\u00e3o profundas. O padr\u00e3o do festival de bluegrass \u201cOrange Blossom Special\u201d, tamb\u00e9m conhecido como o \u201chino nacional do violinista\u201d, foi, de acordo com a tradi\u00e7\u00e3o contestada, escrito enquanto um trem de mesmo nome estava parado no terminal ferrovi\u00e1rio de Jacksonville. (Isso foi contestado, mas n\u00e3o vamos deixar a verdade atrapalhar uma boa hist\u00f3ria.) O bluegrass ocupa o centro do palco no Cummer&#8217;s River Blossom Jamboree, um concerto de jardim com apresenta\u00e7\u00f5es de renomados catadores, incluindo Jake Eddy &#038; Band, Larry &#038; Joe e Low Ground. A m\u00fasica come\u00e7a em <strong>17h30<\/strong> <a href=\"https:\/\/www.cummermuseum.org\/event\/the-river-blossom-jamboree\/\" rel=\"nofollow noopener\" target=\"_blank\">Ingressos e mais informa\u00e7\u00f5es.<\/a>    <\/p>\n<hr class=\"wp-block-separator has-alpha-channel-opacity\"\/>\n<div class=\"wp-block-image\">\n<figure class=\"aligncenter size-large\"><img loading=\"lazy\" color=\"232627\" transparency=\"true\" style=\"--dominant-color: #232627;\" decoding=\"async\" width=\"826\" height=\"1024\" src=\"https:\/\/jaxtoday.org\/wp-content\/uploads\/2024\/09\/Screenshot-2024-09-04-at-11.07.23-AM-826x1024.png\" alt=\"\" class=\"has-transparency wp-image-76321\" srcset=\"https:\/\/jaxtoday.org\/wp-content\/uploads\/2024\/09\/Screenshot-2024-09-04-at-11.07.23-AM-826x1024.png 826w, https:\/\/jaxtoday.org\/wp-content\/uploads\/2024\/09\/Screenshot-2024-09-04-at-11.07.23-AM-242x300.png 242w, https:\/\/jaxtoday.org\/wp-content\/uploads\/2024\/09\/Screenshot-2024-09-04-at-11.07.23-AM-768x952.png 768w, https:\/\/jaxtoday.org\/wp-content\/uploads\/2024\/09\/Screenshot-2024-09-04-at-11.07.23-AM-194x240.png 194w, https:\/\/jaxtoday.org\/wp-content\/uploads\/2024\/09\/Screenshot-2024-09-04-at-11.07.23-AM-100x124.png 100w, https:\/\/jaxtoday.org\/wp-content\/uploads\/2024\/09\/Screenshot-2024-09-04-at-11.07.23-AM.png 954w\" sizes=\"auto, (max-width: 826px) 100vw, 826px\"\/><\/figure>\n<\/div>\n<p><strong>S\u00e1bado e Domingo<\/strong><\/p>\n<p><strong>\u00c1gua Flawda <\/strong><\/p>\n<p><strong>Distrito de Artes CoRK | Riverside <\/strong><\/p>\n<p>Apresentando obras de tr\u00eas artistas locais \u2013 o pintor Jarrett Walker e os fot\u00f3grafos Ebonique McKnight e <a href=\"https:\/\/jaxtoday.org\/2021\/11\/03\/photo-essay-jacksonville-through-the-lens-of-michael-rakim\/\">Michael Rakim<\/a> \u2013 <em>\u00c1gua Flawda<\/em> explora o poder de cura do recurso natural mais abundante do Sunshine State. A exposi\u00e7\u00e3o est\u00e1 em exibi\u00e7\u00e3o no CoRK Arts District em Riverside nos dois s\u00e1bados (<strong>18h-21h<\/strong>) e domingo (<strong>19h-21h<\/strong>) A entrada \u00e9 gratuita. <a href=\"https:\/\/www.instagram.com\/p\/C_JUTfIxWdl\/\" rel=\"nofollow noopener\" target=\"_blank\">Mais informa\u00e7\u00f5es<\/a>. <\/p>\n<hr class=\"wp-block-separator has-alpha-channel-opacity\"\/>\n<figure class=\"wp-block-image size-large\"><img loading=\"lazy\" color=\"93767c\" transparency=\"false\" style=\"--dominant-color: #93767c;\" decoding=\"async\" width=\"1024\" height=\"691\" src=\"https:\/\/jaxtoday.org\/wp-content\/uploads\/2024\/09\/photo1-1024x691.jpg\" alt=\"\" class=\"not-transparent wp-image-76320\" srcset=\"https:\/\/jaxtoday.org\/wp-content\/uploads\/2024\/09\/photo1-1024x691.jpg 1024w, https:\/\/jaxtoday.org\/wp-content\/uploads\/2024\/09\/photo1-300x203.jpg 300w, https:\/\/jaxtoday.org\/wp-content\/uploads\/2024\/09\/photo1-768x519.jpg 768w, https:\/\/jaxtoday.org\/wp-content\/uploads\/2024\/09\/photo1-1536x1037.jpg 1536w, https:\/\/jaxtoday.org\/wp-content\/uploads\/2024\/09\/photo1-2048x1383.jpg 2048w, https:\/\/jaxtoday.org\/wp-content\/uploads\/2024\/09\/photo1-355x240.jpg 355w, https:\/\/jaxtoday.org\/wp-content\/uploads\/2024\/09\/photo1-100x68.jpg 100w, https:\/\/jaxtoday.org\/wp-content\/uploads\/2024\/09\/photo1-1650x1114.jpg 1650w\" sizes=\"auto, (max-width: 1024px) 100vw, 1024px\"\/><\/figure>\n<p><strong>Domingo<\/strong><\/p>\n<p><strong>Projeto de M\u00fasica de C\u00e2mara da Fl\u00f3rida: Joseph Haydn e Bela Bartok<\/strong><\/p>\n<p><strong>Museu das Praias | Praia de Jacksonville<\/strong><\/p>\n<p>O Florida Chamber Music Project abre sua 12\u00aa temporada no domingo com uma apresenta\u00e7\u00e3o de obras do compositor austr\u00edaco Joseph Haydn e do compositor h\u00fangaro Bela Bartok. A fundadora do Florida Chamber Music Project, Susan Pardue, lidera um quarteto que inclui os violinistas Patrice Evans e Ann Hertler e a violoncelista Laurie Casseday. Ingressos para temporada e concertos individuais est\u00e3o dispon\u00edveis. O show come\u00e7a \u00e0s <strong>15h<\/strong> <a href=\"https:\/\/flchambermusic.org\/concerts-2\/\" rel=\"nofollow noopener\" target=\"_blank\">Ingressos e mais informa\u00e7\u00f5es<\/a>. <\/p>\n<\/div>\n<p><script async src=\"\/\/www.instagram.com\/embed.js\"><\/script><br \/>\n<br \/><br \/>\n<br \/><a href=\"https:\/\/jaxtoday.org\/2024\/09\/04\/arts-picks-sept-6-8\/\">Source link <\/a><\/p>","protected":false},"excerpt":{"rendered":"<p>O editor de arte e cultura do Jacksonville Today, Matt Shaw, compartilha suas escolhas de arte e cultura para o fim de semana do Dia do Trabalho. Cr\u00e9dito: Cre8Jax S\u00e1bado&hellip;<\/p>","protected":false},"author":1,"featured_media":31758,"comment_status":"closed","ping_status":"open","sticky":false,"template":"","format":"standard","meta":{"content-type":"","footnotes":""},"categories":[1],"tags":[],"class_list":["post-31757","post","type-post","status-publish","format-standard","has-post-thumbnail","hentry","category-uncategorized"],"_links":{"self":[{"href":"https:\/\/tvbrazilusa.com\/pt\/wp-json\/wp\/v2\/posts\/31757","targetHints":{"allow":["GET"]}}],"collection":[{"href":"https:\/\/tvbrazilusa.com\/pt\/wp-json\/wp\/v2\/posts"}],"about":[{"href":"https:\/\/tvbrazilusa.com\/pt\/wp-json\/wp\/v2\/types\/post"}],"author":[{"embeddable":true,"href":"https:\/\/tvbrazilusa.com\/pt\/wp-json\/wp\/v2\/users\/1"}],"replies":[{"embeddable":true,"href":"https:\/\/tvbrazilusa.com\/pt\/wp-json\/wp\/v2\/comments?post=31757"}],"version-history":[{"count":1,"href":"https:\/\/tvbrazilusa.com\/pt\/wp-json\/wp\/v2\/posts\/31757\/revisions"}],"predecessor-version":[{"id":31759,"href":"https:\/\/tvbrazilusa.com\/pt\/wp-json\/wp\/v2\/posts\/31757\/revisions\/31759"}],"wp:featuredmedia":[{"embeddable":true,"href":"https:\/\/tvbrazilusa.com\/pt\/wp-json\/wp\/v2\/media\/31758"}],"wp:attachment":[{"href":"https:\/\/tvbrazilusa.com\/pt\/wp-json\/wp\/v2\/media?parent=31757"}],"wp:term":[{"taxonomy":"category","embeddable":true,"href":"https:\/\/tvbrazilusa.com\/pt\/wp-json\/wp\/v2\/categories?post=31757"},{"taxonomy":"post_tag","embeddable":true,"href":"https:\/\/tvbrazilusa.com\/pt\/wp-json\/wp\/v2\/tags?post=31757"}],"curies":[{"name":"wp","href":"https:\/\/api.w.org\/{rel}","templated":true}]}}