{"id":31788,"date":"2024-09-04T17:21:14","date_gmt":"2024-09-04T17:21:14","guid":{"rendered":"https:\/\/tvbrazilusa.com\/2024\/09\/04\/gusttavo-lima-comemora-aniversario-em-luxuoso-iate-em-mykonos-veja-fotos\/"},"modified":"2024-09-04T17:29:28","modified_gmt":"2024-09-04T17:29:28","slug":"gusttavo-lima-comemora-aniversario-em-luxuoso-iate-em-mykonos-veja-fotos","status":"publish","type":"post","link":"https:\/\/tvbrazilusa.com\/pt\/2024\/09\/04\/gusttavo-lima-comemora-aniversario-em-luxuoso-iate-em-mykonos-veja-fotos\/","title":{"rendered":"Gusttavo Lima comemora anivers\u00e1rio em luxuoso iate em Mykonos; veja fotos"},"content":{"rendered":"<p> <script async src=\"https:\/\/pagead2.googlesyndication.com\/pagead\/js\/adsbygoogle.js?client=ca-pub-8864793242727901\"\r\n     crossorigin=\"anonymous\"><\/script><br \/>\n<\/p>\n<div>\n<p><em><sub>foto: reprodu\u00e7\u00e3o Instagram <\/sub><\/em><\/p>\n<p>No anivers\u00e1rio de 35 anos nesta ter\u00e7a-feira, 3 de setembro de 2024, Gusttavo Lima decidiu comemorar de uma maneira bastante sofisticada. O cantor sertanejo alugou um iate com di\u00e1rias de aproximadamente R$ 1,2 milh\u00e3o em Mykonos, na Gr\u00e9cia, e est\u00e1 aproveitando a data ao lado da esposa, Andressa Suita. Ambos compartilharam momentos da viagem em suas redes sociais, desde o voo at\u00e9 os cen\u00e1rios paradis\u00edacos.<\/p>\n<p>A embarca\u00e7\u00e3o escolhida pelo casal \u00e9 o Project X, reconhecido como um superiate de luxo. Segundo o site <strong>Yacht Charter Fleet<\/strong>, as di\u00e1rias para alugar esse iate come\u00e7am em $200 mil, o que, na cota\u00e7\u00e3o atual, ultrapassa R$ 1,2 milh\u00e3o. O iate possui 88 metros de comprimento e estrutura em formato de X ao centro, al\u00e9m de decks em cascata e um amplo deck aberto com piscina.<\/p>\n<p>REPRODU\u00c7\u00c3O\/INSTAGRAM<\/p>\n<\/p>\n<p>Fotos do iate compartilhadas por Andressa Suita<\/p>\n<p>REPRODU\u00c7\u00c3O\/INSTAGRAM<\/p>\n<p><img fetchpriority=\"high\" decoding=\"async\" alt=\"Iate 2\" height=\"394\" src=\"https:\/\/noticiasdatv.uol.com.br\/media\/uploads\/artigos_2023\/iate-gusttavo-lima-instagram2.jpg\" width=\"630\"\/><\/p>\n<p>Gusttavo Lima e Andressa Suita no iate<\/p>\n<h2 class=\"wp-block-heading\">O Que Torna o Project X t\u00e3o Especial?<\/h2>\n<p>O Project X n\u00e3o \u00e9 apenas um iate; \u00e9 uma verdadeira mans\u00e3o flutuante. Com sete cabines, incluindo uma su\u00edte VIP, o iate oferece ainda um gin\u00e1sio iluminado, um bar, um banho turco e uma sauna. Uma das peculiaridades da embarca\u00e7\u00e3o \u00e9 uma piscina com paredes de vidro, al\u00e9m de uma jacuzzi privada e uma piscina com vista para o deck que acomoda at\u00e9 dez pessoas.<\/p>\n<p>Diante de tanto luxo, Gusttavo Lima optou por uma viagem reservada apenas para ele e Andressa Suita, deixando os filhos Gabriel e Samuel em casa. Nas redes sociais, o casal compartilhou fotos deslumbrantes, por\u00e9m, sem a presen\u00e7a das crian\u00e7as, focando no clima de romance e relaxamento.<\/p>\n<h2 class=\"wp-block-heading\">Quanto Custa Alugar ou Comprar o Project X?<\/h2>\n<p>Para quem est\u00e1 se perguntando sobre os custos, as di\u00e1rias do Project X s\u00e3o de aproximadamente $200 mil. Na convers\u00e3o atual, isso equivale a mais de R$ 1,2 milh\u00e3o por dia. Mas para os interessados em adquirir um iate como esse, o valor \u00e9 ainda mais impressionante: cerca de $160 milh\u00f5es, ou quase R$ 1 bilh\u00e3o.<\/p>\n<ul class=\"wp-block-list\">\n<li><strong>Comprimento:<\/strong> 88 metros<\/li>\n<li><strong>Cabines:<\/strong> 7, incluindo uma su\u00edte VIP<\/li>\n<li><strong>Facilidades:<\/strong> Gin\u00e1sio, bar, banho turco, sauna<\/li>\n<li><strong>Piscinas:<\/strong> Uma com paredes de vidro, jacuzzi privada, piscina com spa<\/li>\n<\/ul>\n<h2 class=\"wp-block-heading\">Como a Celebra\u00e7\u00e3o Reflete a Vida de Luxo de Gusttavo Lima?<\/h2>\n<p>A escolha de comemorar o anivers\u00e1rio a bordo de um superiate em um dos hotspots mais cobi\u00e7ados do mundo n\u00e3o \u00e9 uma surpresa. Gusttavo Lima \u00e9 conhecido pelo seu estilo de vida luxuoso, frequentemente exibindo propriedades e ve\u00edculos de alto valor. A celebra\u00e7\u00e3o deste ano segue essa linha, mostrando que o cantor n\u00e3o economiza quando o assunto \u00e9 desfrutar dos prazeres da vida.<\/p>\n<p>A viagem e a celebra\u00e7\u00e3o tamb\u00e9m destacam a forte presen\u00e7a do casal nas redes sociais. Andressa Suita e Gusttavo Lima compartilham regularmente detalhes da vida pessoal com os f\u00e3s, criando uma conex\u00e3o intensa e fiel. Este evento, naturalmente, gerou um grande engajamento entre seguidores que acompanham de perto cada movimento do casal.<\/p>\n<\/p><\/div>\n<p><br \/>\n<br \/><a href=\"https:\/\/terrabrasilnoticias.com\/2024\/09\/gusttavo-lima-comemora-aniversario-em-luxuoso-iate-em-mykonos-veja-fotos\/\">Source link <\/a><\/p>","protected":false},"excerpt":{"rendered":"<p>foto: reprodu\u00e7\u00e3o Instagram No anivers\u00e1rio de 35 anos nesta ter\u00e7a-feira, 3 de setembro de 2024, Gusttavo Lima decidiu comemorar de uma maneira bastante sofisticada. O cantor sertanejo alugou um iate&hellip;<\/p>","protected":false},"author":1,"featured_media":31789,"comment_status":"closed","ping_status":"open","sticky":false,"template":"","format":"standard","meta":{"content-type":"","footnotes":""},"categories":[16],"tags":[],"class_list":["post-31788","post","type-post","status-publish","format-standard","has-post-thumbnail","hentry","category-noticias"],"_links":{"self":[{"href":"https:\/\/tvbrazilusa.com\/pt\/wp-json\/wp\/v2\/posts\/31788","targetHints":{"allow":["GET"]}}],"collection":[{"href":"https:\/\/tvbrazilusa.com\/pt\/wp-json\/wp\/v2\/posts"}],"about":[{"href":"https:\/\/tvbrazilusa.com\/pt\/wp-json\/wp\/v2\/types\/post"}],"author":[{"embeddable":true,"href":"https:\/\/tvbrazilusa.com\/pt\/wp-json\/wp\/v2\/users\/1"}],"replies":[{"embeddable":true,"href":"https:\/\/tvbrazilusa.com\/pt\/wp-json\/wp\/v2\/comments?post=31788"}],"version-history":[{"count":1,"href":"https:\/\/tvbrazilusa.com\/pt\/wp-json\/wp\/v2\/posts\/31788\/revisions"}],"predecessor-version":[{"id":31790,"href":"https:\/\/tvbrazilusa.com\/pt\/wp-json\/wp\/v2\/posts\/31788\/revisions\/31790"}],"wp:featuredmedia":[{"embeddable":true,"href":"https:\/\/tvbrazilusa.com\/pt\/wp-json\/wp\/v2\/media\/31789"}],"wp:attachment":[{"href":"https:\/\/tvbrazilusa.com\/pt\/wp-json\/wp\/v2\/media?parent=31788"}],"wp:term":[{"taxonomy":"category","embeddable":true,"href":"https:\/\/tvbrazilusa.com\/pt\/wp-json\/wp\/v2\/categories?post=31788"},{"taxonomy":"post_tag","embeddable":true,"href":"https:\/\/tvbrazilusa.com\/pt\/wp-json\/wp\/v2\/tags?post=31788"}],"curies":[{"name":"wp","href":"https:\/\/api.w.org\/{rel}","templated":true}]}}