{"id":31809,"date":"2024-09-04T18:05:18","date_gmt":"2024-09-04T18:05:18","guid":{"rendered":"https:\/\/tvbrazilusa.com\/2024\/09\/04\/os-melhores-ar-condicionados-economicos-em-2024\/"},"modified":"2024-09-04T18:12:08","modified_gmt":"2024-09-04T18:12:08","slug":"os-melhores-ar-condicionados-economicos-em-2024","status":"publish","type":"post","link":"https:\/\/tvbrazilusa.com\/pt\/2024\/09\/04\/os-melhores-ar-condicionados-economicos-em-2024\/","title":{"rendered":"Os melhores ar-condicionados econ\u00f4micos em 2024"},"content":{"rendered":"<p> <script async src=\"https:\/\/pagead2.googlesyndication.com\/pagead\/js\/adsbygoogle.js?client=ca-pub-8864793242727901\"\r\n     crossorigin=\"anonymous\"><\/script><br \/>\n<\/p>\n<div>\n<p><em><sub>Cr\u00e9ditos: depositphotos.com \/ AllaSerebrina<\/sub><\/em><\/p>\n<p>N\u00e3o \u00e9 novidade que usar o ar-condicionado em excesso pode pesar na conta de luz ao fim do m\u00eas. Com isso, \u00e9 comum que os usu\u00e1rios procurem por modelos mais econ\u00f4micos. Aparelhos com a tecnologia inverter e intelig\u00eancia artificial (IA) embutida s\u00e3o alguns dos que prometem ajudar a diminuir os gastos com energia, mesmo que o consumo ainda seja superior ao de um ventilador, por exemplo. Por isso, \u00e9 importante que o usu\u00e1rio esteja atento \u00e0 ficha t\u00e9cnica do dispositivo no momento da compra, para evitar surpresas desagrad\u00e1veis na hora de pagar a fatura de energia.<\/p>\n<p>No Brasil, o selo Procel reconhece os produtos mais eficientes do mercado, enquanto a etiqueta do INMETRO classifica os n\u00edveis de efici\u00eancia e economia. A seguir, voc\u00ea confere alguns dos sistemas de ar-condicionado mais econ\u00f4micos dispon\u00edveis no mercado nacional, com pre\u00e7os atualizados em setembro de 2024.<\/p>\n<h2 class=\"wp-block-heading\">Qual ar-condicionado economiza mais?<\/h2>\n<p>Existem diversos recursos que impactam positivamente no consumo de energia registrado por sistemas de ar-condicionado. Dentre eles, destaca-se a tecnologia inverter, que foi uma evolu\u00e7\u00e3o importante na configura\u00e7\u00e3o interna dos aparelhos. Ao contr\u00e1rio dos modelos tradicionais, esses componentes evitam ciclos de Liga\/Desliga, aumentando a efici\u00eancia el\u00e9trica em cerca de 80%. Al\u00e9m disso, alguns modelos mais modernos possuem aplicativos que informam o consumo de energia em tempo real.<\/p>\n<p>Outra quest\u00e3o importante \u00e9 garantir que o ar-condicionado desejado tenha a pot\u00eancia em BTUs proporcional \u00e0 metragem do ambiente onde ser\u00e1 instalado. Por exemplo, dispositivos de 9.000 BTUs s\u00e3o indicados para c\u00f4modos de at\u00e9 12 m\u00b2. As fabricantes projetam suas linhas com modelos em diferentes pot\u00eancias para atender diversas necessidades.<\/p>\n<h2 class=\"wp-block-heading\">Quais s\u00e3o as op\u00e7\u00f5es de ar-condicionado mais econ\u00f4micas?<\/h2>\n<p>Confira abaixo algumas das linhas mais econ\u00f4micas da atualidade:<\/p>\n<ul class=\"wp-block-list\">\n<li>LG Dual Inverter Voice +AI<\/li>\n<li>LG Dual Inverter Compact<\/li>\n<li>Philco Eco Inverter<\/li>\n<li>Midea Xtreme Connect<\/li>\n<li>Electrolux Color Adapt<\/li>\n<li>Samsung Digital Inverter<\/li>\n<li>TCL Elite Series A2<\/li>\n<li>Elgin Inverter Connect<\/li>\n<\/ul>\n<h2 class=\"wp-block-heading\">Como escolher o ar-condicionado ideal?<\/h2>\n<p>Selecionar um ar-condicionado que seja econ\u00f4mico envolve analisar diversos fatores. Al\u00e9m da pot\u00eancia em BTUs e a tecnologia utilizada, aspectos como conectividade e recursos adicionais s\u00e3o importantes. Por exemplo, aparelhos com conectividade Wi-Fi permitem monitorar o consumo de energia e ajustar as configura\u00e7\u00f5es remotamente, o que pode ser bastante \u00fatil para reduzir a conta de luz.<\/p>\n<p>A seguir, detalhamos algumas das principais linhas e modelos dispon\u00edveis no mercado:<\/p>\n<h3 class=\"wp-block-heading\">LG Dual Inverter Voice +AI<\/h3>\n<p>A linha LG Dual Inverter Voice +AI combina conectividade e durabilidade, com serpentinas de cobre GoldFin para prote\u00e7\u00e3o extra contra corros\u00e3o. Equipado com IA, o aparelho entende os padr\u00f5es de uso e as condi\u00e7\u00f5es do ambiente para ajustar melhor a temperatura. A fun\u00e7\u00e3o Active Energy Control permite configurar o consumo para at\u00e9 40% do normal. O ar-condicionado tem conectividade Wi-Fi e pode ser controlado via app LG ThinQ, permitindo monitoramento do consumo e controle por comando de voz. Os pre\u00e7os variam de R$ 2.399 a R$ 2.529.<\/p>\n<h3 class=\"wp-block-heading\">LG Dual Inverter Compact<\/h3>\n<p>Com um design mais compacto, o modelo LG Dual Inverter Compact tamb\u00e9m utiliza a efici\u00eancia do compressor inverter. Medindo \u200e50 x 50 x 100 cm e pesando 30,7 kg, esse aparelho compacto ainda conta com a serpentina de cobre GoldFin e conectividade Wi-Fi com comandos de voz atrav\u00e9s do app LG ThinQ. Os pre\u00e7os variam de R$ 2.459 a R$ 2.469.<\/p>\n<h3 class=\"wp-block-heading\">Philco Eco Inverter<\/h3>\n<p>O Hi Wall Eco Inverter da Philco \u00e9 um ar-condicionado split que foca na efici\u00eancia energ\u00e9tica e sustentabilidade, utilizando g\u00e1s R-32. Possui quatro modos de opera\u00e7\u00e3o: Esfriar, Desumidificar, Autom\u00e1tico e Ventilar. Tem revestimento em cobre para maior durabilidade. O Philco Eco Inverter pesa 23 kg e \u00e9 vendido por pre\u00e7os que variam de R$ 2.019 a R$ 2.119.<\/p>\n<h3 class=\"wp-block-heading\">Mais op\u00e7\u00f5es econ\u00f4micas<\/h3>\n<ul class=\"wp-block-list\">\n<li><strong>Midea Xtreme Connect<\/strong>: Classificado na faixa A de economia pelo Inmetro, com conectividade por comando de voz e app SmartHome. Pre\u00e7o: R$ 2.482 a R$ 2.526.<\/li>\n<li><strong>Electrolux Color Adapt<\/strong>: Possui design minimalista que pode ser pintado, com efici\u00eancia energ\u00e9tica de at\u00e9 80%. Fun\u00e7\u00f5es como Timer e AutoSense. Pre\u00e7o: R$ 2.135 a R$ 2.359.<\/li>\n<li><strong>Samsung Digital Inverter<\/strong>: Equipado com compressores Digital Inverter, prometendo economia de at\u00e9 73% e durabilidade com serpentinas de cobre. Pre\u00e7o: R$ 2.432 a R$ 2.534.<\/li>\n<li><strong>TCL Elite Series A2<\/strong>: Compressores inverter e filtro HD Silver Ion para um ar mais limpo. Pre\u00e7o: R$ 2.099 a R$ 2.232.<\/li>\n<li><strong>Elgin Eco Inverter II Connect<\/strong>: Design exclusivo com display discreto e materiais anti-corrosivos. Controla o consumo de energia via app Elgin Air. Pre\u00e7o: R$ 1.999 a R$ 2.150.<\/li>\n<\/ul>\n<p>Assim, escolher um bom ar-condicionado que alie efici\u00eancia energ\u00e9tica a funcionalidades modernas pode fazer uma grande diferen\u00e7a no consumo mensal de energia e no conforto do seu lar. Certifique-se de verificar as especifica\u00e7\u00f5es t\u00e9cnicas e os recursos que cada modelo oferece para encontrar a melhor op\u00e7\u00e3o para suas necessidades.<\/p>\n<\/p><\/div>\n<p><br \/>\n<br \/><a href=\"https:\/\/terrabrasilnoticias.com\/2024\/09\/os-melhores-ar-condicionados-economicos-em-2024\/\">Source link <\/a><\/p>","protected":false},"excerpt":{"rendered":"<p>Cr\u00e9ditos: depositphotos.com \/ AllaSerebrina N\u00e3o \u00e9 novidade que usar o ar-condicionado em excesso pode pesar na conta de luz ao fim do m\u00eas. Com isso, \u00e9 comum que os usu\u00e1rios&hellip;<\/p>","protected":false},"author":1,"featured_media":31810,"comment_status":"closed","ping_status":"open","sticky":false,"template":"","format":"standard","meta":{"content-type":"","footnotes":""},"categories":[16],"tags":[],"class_list":["post-31809","post","type-post","status-publish","format-standard","has-post-thumbnail","hentry","category-noticias"],"_links":{"self":[{"href":"https:\/\/tvbrazilusa.com\/pt\/wp-json\/wp\/v2\/posts\/31809","targetHints":{"allow":["GET"]}}],"collection":[{"href":"https:\/\/tvbrazilusa.com\/pt\/wp-json\/wp\/v2\/posts"}],"about":[{"href":"https:\/\/tvbrazilusa.com\/pt\/wp-json\/wp\/v2\/types\/post"}],"author":[{"embeddable":true,"href":"https:\/\/tvbrazilusa.com\/pt\/wp-json\/wp\/v2\/users\/1"}],"replies":[{"embeddable":true,"href":"https:\/\/tvbrazilusa.com\/pt\/wp-json\/wp\/v2\/comments?post=31809"}],"version-history":[{"count":1,"href":"https:\/\/tvbrazilusa.com\/pt\/wp-json\/wp\/v2\/posts\/31809\/revisions"}],"predecessor-version":[{"id":31811,"href":"https:\/\/tvbrazilusa.com\/pt\/wp-json\/wp\/v2\/posts\/31809\/revisions\/31811"}],"wp:featuredmedia":[{"embeddable":true,"href":"https:\/\/tvbrazilusa.com\/pt\/wp-json\/wp\/v2\/media\/31810"}],"wp:attachment":[{"href":"https:\/\/tvbrazilusa.com\/pt\/wp-json\/wp\/v2\/media?parent=31809"}],"wp:term":[{"taxonomy":"category","embeddable":true,"href":"https:\/\/tvbrazilusa.com\/pt\/wp-json\/wp\/v2\/categories?post=31809"},{"taxonomy":"post_tag","embeddable":true,"href":"https:\/\/tvbrazilusa.com\/pt\/wp-json\/wp\/v2\/tags?post=31809"}],"curies":[{"name":"wp","href":"https:\/\/api.w.org\/{rel}","templated":true}]}}