{"id":31812,"date":"2024-09-04T16:46:23","date_gmt":"2024-09-04T16:46:23","guid":{"rendered":"https:\/\/tvbrazilusa.com\/2024\/09\/04\/um-promotor-pede-que-as-acusacoes-sejam-restabelecidas-contra-alec-baldwin-no-caso-rust-wsvn-7news-noticias-de-miami-clima-esportes-fort-lauderdale\/"},"modified":"2024-09-04T18:16:21","modified_gmt":"2024-09-04T18:16:21","slug":"um-promotor-pede-que-as-acusacoes-sejam-restabelecidas-contra-alec-baldwin-no-caso-rust-wsvn-7news-noticias-de-miami-clima-esportes-fort-lauderdale","status":"publish","type":"post","link":"https:\/\/tvbrazilusa.com\/pt\/2024\/09\/04\/um-promotor-pede-que-as-acusacoes-sejam-restabelecidas-contra-alec-baldwin-no-caso-rust-wsvn-7news-noticias-de-miami-clima-esportes-fort-lauderdale\/","title":{"rendered":"Um promotor pede que as acusa\u00e7\u00f5es sejam restabelecidas contra Alec Baldwin no caso &#8216;Rust&#8217; &#8211; WSVN 7News | Not\u00edcias de Miami, Clima, Esportes | Fort Lauderdale"},"content":{"rendered":"<p> <script async src=\"https:\/\/pagead2.googlesyndication.com\/pagead\/js\/adsbygoogle.js?client=ca-pub-8864793242727901\"\r\n     crossorigin=\"anonymous\"><\/script><br \/>\n<\/p>\n<div itemprop=\"articleBody\">\n<p>SANTA FE, NM (AP) \u2014 Um promotor pediu a um juiz do Novo M\u00e9xico que reconsiderasse a decis\u00e3o de <a href=\"https:\/\/wsvn.com\/entertainment\/alec-baldwin-weeps-in-court-when-judge-announces-involuntary-manslaughter-case-dismissed-mid-trial\/\" data-type=\"link\" data-id=\"https:\/\/wsvn.com\/entertainment\/alec-baldwin-weeps-in-court-when-judge-announces-involuntary-manslaughter-case-dismissed-mid-trial\/\" target=\"_blank\" rel=\"noreferrer noopener\">rejeitar acusa\u00e7\u00e3o de homic\u00eddio culposo contra Alec Baldwin<\/a> no tiroteio fatal de um diretor de fotografia no set de um filme de faroeste, de acordo com um processo judicial tornado p\u00fablico na quarta-feira.<\/p>\n<p>A promotora especial Kari Morrissey disse que n\u00e3o havia fatos suficientes para apoiar a decis\u00e3o do tribunal distrital estadual e nenhuma viola\u00e7\u00e3o dos direitos de Baldwin ao devido processo legal.<\/p>\n<p>A ju\u00edza Mary Marlowe Sommer rejeitou o caso contra Baldwin em julho \u2014 na metade do julgamento \u2014 com base na oculta\u00e7\u00e3o de evid\u00eancias pela pol\u00edcia e pelos promotores da defesa no tiroteio de 2021 contra a diretora de fotografia Halyna Hutchins no set do filme \u201cRust\u201d.<\/p>\n<p>A acusa\u00e7\u00e3o contra Baldwin foi rejeitada com preconceito, o que significa que n\u00e3o pode ser reaberta depois que os recursos da decis\u00e3o forem esgotados.<\/p>\n<p>Baldwin, o ator principal e coprodutor de \u201cRust\u201d, estava apontando uma arma para a diretora de fotografia Halyna Hutchins durante um ensaio quando ela disparou, matando-a e ferindo o diretor Joel Souza. Baldwin disse que puxou o c\u00e3o \u2014 mas n\u00e3o o gatilho \u2014 e o rev\u00f3lver disparou.<\/p>\n<p>A evid\u00eancia que encerrou o caso foi muni\u00e7\u00e3o que foi levada ao gabinete do xerife em mar\u00e7o por um homem que disse que poderia estar relacionada ao assassinato de Hutchins. Os promotores disseram que consideraram a muni\u00e7\u00e3o n\u00e3o relacionada e sem import\u00e2ncia, enquanto os advogados de Baldwin alegaram que eles a &#8220;enterraram&#8221; e entraram com uma mo\u00e7\u00e3o para rejeitar o caso.<\/p>\n<p>A armeira de cinema Hannah Gutierrez-Reed est\u00e1 cumprindo uma senten\u00e7a de 18 meses por uma condena\u00e7\u00e3o por homic\u00eddio culposo. Ela foi acusada de desrespeitar os protocolos de seguran\u00e7a padr\u00e3o e perder v\u00e1rias oportunidades de detectar muni\u00e7\u00e3o real proibida no set. O diretor assistente e coordenador de seguran\u00e7a David Halls se declarou culpado pelo uso negligente de uma arma mortal.<\/p>\n<p>Nunca foi oficialmente determinado quem levou os tiros que mataram Hutchins para o set, embora os promotores aleguem que Gutierrez-Reed foi o respons\u00e1vel.<\/p>\n<p><em>Copyright 2024 The Associated Press. Todos os direitos reservados. Este material n\u00e3o pode ser publicado, transmitido, reescrito ou redistribu\u00eddo.<\/em><\/p>\n<div class=\"wp-block-newsletter\">\n\t<strong class=\"wp-block-newsletter__title\">Inscreva-se em nossa Newsletter para receber as \u00faltimas not\u00edcias diretamente na sua caixa de entrada<\/strong><\/p>\n<\/div><\/div>\n<p><br \/>\n<br \/><a href=\"https:\/\/wsvn.com\/entertainment\/a-prosecutor-asks-for-charges-to-be-reinstated-against-alec-baldwin-in-the-rust-case\/\">Source link <\/a><\/p>","protected":false},"excerpt":{"rendered":"<p>SANTA FE, NM (AP) \u2014 Um promotor pediu a um juiz do Novo M\u00e9xico que reconsiderasse a decis\u00e3o de rejeitar acusa\u00e7\u00e3o de homic\u00eddio culposo contra Alec Baldwin no tiroteio fatal&hellip;<\/p>","protected":false},"author":1,"featured_media":31813,"comment_status":"closed","ping_status":"open","sticky":false,"template":"","format":"standard","meta":{"content-type":"","footnotes":""},"categories":[1],"tags":[],"class_list":["post-31812","post","type-post","status-publish","format-standard","has-post-thumbnail","hentry","category-uncategorized"],"_links":{"self":[{"href":"https:\/\/tvbrazilusa.com\/pt\/wp-json\/wp\/v2\/posts\/31812","targetHints":{"allow":["GET"]}}],"collection":[{"href":"https:\/\/tvbrazilusa.com\/pt\/wp-json\/wp\/v2\/posts"}],"about":[{"href":"https:\/\/tvbrazilusa.com\/pt\/wp-json\/wp\/v2\/types\/post"}],"author":[{"embeddable":true,"href":"https:\/\/tvbrazilusa.com\/pt\/wp-json\/wp\/v2\/users\/1"}],"replies":[{"embeddable":true,"href":"https:\/\/tvbrazilusa.com\/pt\/wp-json\/wp\/v2\/comments?post=31812"}],"version-history":[{"count":1,"href":"https:\/\/tvbrazilusa.com\/pt\/wp-json\/wp\/v2\/posts\/31812\/revisions"}],"predecessor-version":[{"id":31814,"href":"https:\/\/tvbrazilusa.com\/pt\/wp-json\/wp\/v2\/posts\/31812\/revisions\/31814"}],"wp:featuredmedia":[{"embeddable":true,"href":"https:\/\/tvbrazilusa.com\/pt\/wp-json\/wp\/v2\/media\/31813"}],"wp:attachment":[{"href":"https:\/\/tvbrazilusa.com\/pt\/wp-json\/wp\/v2\/media?parent=31812"}],"wp:term":[{"taxonomy":"category","embeddable":true,"href":"https:\/\/tvbrazilusa.com\/pt\/wp-json\/wp\/v2\/categories?post=31812"},{"taxonomy":"post_tag","embeddable":true,"href":"https:\/\/tvbrazilusa.com\/pt\/wp-json\/wp\/v2\/tags?post=31812"}],"curies":[{"name":"wp","href":"https:\/\/api.w.org\/{rel}","templated":true}]}}