{"id":31815,"date":"2024-09-04T18:15:34","date_gmt":"2024-09-04T18:15:34","guid":{"rendered":"https:\/\/tvbrazilusa.com\/2024\/09\/04\/comissaria-de-bordo-aposentada-de-massachusetts-empurra-carrinho-de-bebidas-de-boston-para-nova-york-para-homenagear-as-equipes-de-voo-do-11-de-setembro\/"},"modified":"2024-09-04T18:17:30","modified_gmt":"2024-09-04T18:17:30","slug":"comissaria-de-bordo-aposentada-de-massachusetts-empurra-carrinho-de-bebidas-de-boston-para-nova-york-para-homenagear-as-equipes-de-voo-do-11-de-setembro","status":"publish","type":"post","link":"https:\/\/tvbrazilusa.com\/pt\/2024\/09\/04\/comissaria-de-bordo-aposentada-de-massachusetts-empurra-carrinho-de-bebidas-de-boston-para-nova-york-para-homenagear-as-equipes-de-voo-do-11-de-setembro\/","title":{"rendered":"Comiss\u00e1ria de bordo aposentada de Massachusetts empurra carrinho de bebidas de Boston para Nova York para homenagear as equipes de voo do 11 de setembro"},"content":{"rendered":"<p> <script async src=\"https:\/\/pagead2.googlesyndication.com\/pagead\/js\/adsbygoogle.js?client=ca-pub-8864793242727901\"\r\n     crossorigin=\"anonymous\"><\/script><br \/>\n<\/p>\n<div id=\"\">\n<header class=\"m-article-header m-article-header--standard\">\n\t\t\t\t\t\t\t\t\t\t\t\t<span id=\"article-header-primary-term\"><br \/>\n\t\t\t\t\t\t\t\t<a class=\"a-term a-term--primary\" href=\"https:\/\/www.boston.com\/tag\/travel\/\"><\/p>\n<p>\t\t\t\t\t\t\t\tViagem\t\t\t\t\t\t\t\t<\/a><br \/>\n\t\t\t\t\t\t\t<\/span><\/p>\n<h2 class=\"m-article-header__sub-headline\">Ele chegar\u00e1 ao Marco Zero em 11 de setembro.<\/h2>\n<figure class=\"a-photo m-article-header__photo\"><figcaption class=\"a-photo__caption\">\n<p>\tPaul Veneto empurrando um carrinho de bebidas de Boston para Nova York.<em> Empurr\u00e3o de Paulie<\/em>\t<\/figcaption><\/figure>\n<\/header>\n<p>Uma comiss\u00e1ria de bordo aposentada de Braintree est\u00e1 empurrando um carrinho de bebidas por 340 quil\u00f4metros de Boston at\u00e9 Nova York em homenagem \u00e0s tripula\u00e7\u00f5es de voo que perderam suas vidas em 11 de setembro de 2001.<\/p>\n<div class=\"m-block t-amp__list-container m-article-list-container m-article-list-container--frame-border a-border-frame  a-list-header__headline--red m-article-list--alternative--default  m-article-list--full\">\n<ul class=\"t-amp__list a-list--no-style m-article-list m-article-list--recirculation m-article-list--has-images\">\n<li class=\"m-article-list__item\">\n\t\t\t\t<a class=\"m-article-list__link-wrapper\" href=\"https:\/\/www.boston.com\/travel\/travel\/2024\/09\/03\/new-england-destinations-most-popular-for-fall-getaways-on-hometogo\/\" data-p1=\"article_recirc_inline_feature\"><br \/>\n\t\t\t\t<img fetchpriority=\"high\" decoding=\"async\" width=\"768\" height=\"432\" src=\"https:\/\/bdc2020.o0bc.com\/wp-content\/uploads\/2024\/09\/Greenvilleflickranthonyquintano-66d710c4d56f3-768x432.png\" class=\"t-amp__list-image m-article-list__image\" alt=\"Greenville\" aria-hidden=\"true\" srcset=\"https:\/\/bdc2020.o0bc.com\/wp-content\/uploads\/2024\/09\/Greenvilleflickranthonyquintano-66d710c4d56f3-768x432.png?width=200 200w, https:\/\/bdc2020.o0bc.com\/wp-content\/uploads\/2024\/09\/Greenvilleflickranthonyquintano-66d710c4d56f3-768x432.png?width=300 300w, https:\/\/bdc2020.o0bc.com\/wp-content\/uploads\/2024\/09\/Greenvilleflickranthonyquintano-66d710c4d56f3-768x432.png?width=400 400w, https:\/\/bdc2020.o0bc.com\/wp-content\/uploads\/2024\/09\/Greenvilleflickranthonyquintano-66d710c4d56f3-768x432.png?width=500 500w, https:\/\/bdc2020.o0bc.com\/wp-content\/uploads\/2024\/09\/Greenvilleflickranthonyquintano-66d710c4d56f3-768x432.png?width=600 600w, https:\/\/bdc2020.o0bc.com\/wp-content\/uploads\/2024\/09\/Greenvilleflickranthonyquintano-66d710c4d56f3-768x432.png?width=700 700w, https:\/\/bdc2020.o0bc.com\/wp-content\/uploads\/2024\/09\/Greenvilleflickranthonyquintano-66d710c4d56f3-768x432.png?width=800 800w, https:\/\/bdc2020.o0bc.com\/wp-content\/uploads\/2024\/09\/Greenvilleflickranthonyquintano-66d710c4d56f3-768x432.png?width=900 900w\" sizes=\"(max-width: 768px) 100vw, 768px\"\/>\t\t\t\t\t<\/p>\n<div class=\"m-article-list__content\">\n<h4 class=\"m-article-list__headline t-amp__list-headline\">\n\t\t\t\t\t\t\t<span class=\"m-article-list__link a-link a-link--inline a-link--text-link a-link--text-link-dark\"><\/p>\n<p>\t\t\t\t\t\t\t3 destinos da Nova Inglaterra s\u00e3o tend\u00eancia para escapadelas de outono no HomeToGo\t\t\t\t\t\t\t<\/span><br \/>\n\t\t\t\t\t\t<\/h4>\n<\/p><\/div>\n<p>\t\t\t\t<\/a>\n\t\t\t<\/li>\n<\/ul>\n<\/div>\n<p>Paul Veneto iniciou sua jornada de caminhada, chamada <a href=\"https:\/\/www.pauliespush.com\/\">Empurr\u00e3o de Paulie<\/a>no Memorial do 11 de Setembro do Boston Public Garden em 18 de agosto, com o objetivo de chegar ao Marco Zero na cidade de Nova York em 11 de setembro. <\/p>\n<p>Um total de <a href=\"https:\/\/www.911memorial.org\/connect\/blog\/meaningful-adjacencies-brave-flight-crews-911#:~:text=In%20honor%20of%20Aviation%20Week,their%20lives%20on%20September%2011.\">36 membros da tripula\u00e7\u00e3o de voo perderam suas vidas<\/a> durante os ataques terroristas de 11 de setembro de 2001, que envolveram quatro avi\u00f5es comerciais. Na \u00e9poca, Veneto era comiss\u00e1rio de bordo regular no condenado voo 175 da United de Boston para Los Angeles, mas tirou o dia de folga, <a href=\"https:\/\/www.boston.com\/news\/local-news\/2021\/09\/12\/ex-flight-attendant-pushing-airline-cart-gets-to-nyc-on-9-11\/\">informou a Associated Press<\/a>. A culpa de seu sobrevivente resultou em um v\u00edcio de 15 anos em medicamentos prescritos, informou a AP.<\/p>\n<p>Veneto chamou as tripula\u00e7\u00f5es de voo de \u201cprimeiros, primeiros a responder\u201d aos ataques terroristas em um <a href=\"https:\/\/www.boston.com\/news\/local-news\/2021\/09\/09\/paul-veneto-paulis-push-honor-flight-attendants-9-11-2001\/\">hist\u00f3ria anterior do Boston.com<\/a>. Veneto disse ao Boston.com que ficou s\u00f3brio em 2015 e depois disso come\u00e7ou a treinar para o Paulie&#8217;s Push.<\/p>\n<p>Durante o Empurr\u00e3o de Paulie, Veneto faz <a href=\"https:\/\/www.facebook.com\/Pauliespush\/videos\/1270208613969965\">paradas para falar com os torcedores<\/a> e alguns at\u00e9 se juntam a ele na estrada. Por exemplo, Veneto est\u00e1 atualmente em Connecticut, onde bombeiros caminharam com ele de Bridgeport para Fairfield e o Corpo de Bombeiros de Fairfield e a Pol\u00edcia de Fairfield \u201cnos trouxeram para a cidade com tantas luzes piscantes que parecia quase presidencial\u201d, Veneto postou em <a href=\"https:\/\/www.facebook.com\/Pauliespush\/posts\/pfbid02PKziZY7GNMWN1zLdjSxyX8ZmBseAmUZVxqiiRiYMBYJhtoE3YkLM634qYexSUwASl\">Facebook<\/a>. <\/p>\n<p>Seu primeiro \u201cempurr\u00e3o\u201d foi em 2021, <a href=\"https:\/\/www.boston.com\/tag\/logan-airport\/\">Aeroporto Internacional Logan<\/a> ao Marco Zero a tempo do 20\u00ba anivers\u00e1rio dos ataques terroristas e homenageou a tripula\u00e7\u00e3o do voo 175 da United Airlines, que caiu na Torre Sul. <\/p>\n<p>Veneto fez viagens subsequentes em 2022, do Aeroporto Internacional de Dulles ao Memorial Nacional do Pent\u00e1gono em homenagem \u00e0 tripula\u00e7\u00e3o do voo 77 da American Airlines que se chocou contra o Pent\u00e1gono e do Aeroporto Internacional Newark Liberty ao Memorial Nacional do Voo 93 em Stoystown, Pensilv\u00e2nia, em homenagem \u00e0 tripula\u00e7\u00e3o do voo 93 da United Airlines, que caiu em um campo em Shanksville.<\/p>\n<p>A jornada deste ano homenageia o voo 11 da American, o primeiro avi\u00e3o sequestrado em 11 de setembro, que decolou de Boston e atingiu a Torre Norte. Sua rota segue uma rota semelhante \u00e0 da caminhada original em 2021, passando por Massachusetts, Connecticut e Nova York antes de chegar ao Marco Zero, de acordo com seu site. <\/p>\n<p>\u201cTudo o que eu sempre quis realmente \u2026 foi aten\u00e7\u00e3o nacional porque essa \u00e9 a chave para essa coisa toda\u201d, ele disse ao Boston.com durante uma hist\u00f3ria anterior. \u201cEsses familiares, esses tripulantes, s\u00e3o de todo o pa\u00eds e cada um de seus parentes em todo esse pa\u00eds deveria ouvir, e eles v\u00e3o ouvir, finalmente, que seu familiar \u2026 foi um her\u00f3i em 11\/9.\u201d<\/p>\n<p>Os apoiadores podem fazer doa\u00e7\u00f5es para a viagem do Veneto e para as fam\u00edlias dos membros da tripula\u00e7\u00e3o que morreram em 11 de setembro em seu <a href=\"https:\/\/www.pauliespush.com\/\">site<\/a> e acompanhar o progresso do Veneto neste <a href=\"https:\/\/www.pauliespush.com\/map\">mapa<\/a>.<\/p>\n<div class=\"m-block m-generic-cta\t m-generic-cta--post-content\t m-generic-cta--dark\t m-generic-cta--homepage\t m-generic-cta--email-signup\t\t m-generic-cta-block-style--default \tt-amp__generic-cta\"><\/p>\n<div class=\"m-generic-cta__wrap\">\n<div class=\"m-generic-cta__content\">\n<h3 class=\"m-generic-cta__title\">Boston.com Hoje<\/h3>\n<p class=\"m-generic-cta__subtitle\">Inscreva-se para receber as \u00faltimas manchetes na sua caixa de entrada todas as manh\u00e3s.<\/p>\n<\/p><\/div>\n<\/p><\/div>\n<\/div><\/div>\n<p><script>\n\t\tvar consent=\"grant\";\n\t\t\/* The above code is parsing the JSON data from the local storage and storing it in a variable. *\/\n\t\t\t\t\tconst onetrustStorageConsent = JSON.parse(localStorage.getItem( 'consent_one_trust_bdc' ) );\n\t\t\tif ( ( onetrustStorageConsent !== null ) ) {\n\t\t\t\t\/* Checking to see if the user has consented to the use of cookies.\n\t\t\t\t* If they have not, it is deleting the cookie.\n\t\t\t\t* This will comment for now, until further notice.\n\t\t\t\t*\/\n\t\t\t\t\/\/if ( onetrustStorageConsent.C0002 === false ) {\n\t\t\t\t\/\/\tdocument.cookie=\"_fbp=;expires=Thu, 01 Jan 2010 00:00:00 UTC; path=\/; domain=.boston.com\";\n\t\t\t\t\/\/}\n\t\t\t\t\/* Checking if the user has given consent for the cookie C0002.\n\t\t\t\t* If the user has given consent, the variable consent will be set to 'grant'.\n\t\t\t\t* If the user has not given consent,the variable consent will be set to 'revoke'.\n\t\t\t\t* Documentation https:\/\/developers.facebook.com\/docs\/meta-pixel\/implementation\/gdpr\n\t\t\t\t*\/\n\t\t\t\tif ( onetrustStorageConsent.C0002 !== true ) {\n\t\t\t\t\tconsent=\"revoke\";\n\t\t\t\t}\n\t\t\t}\n\t\t\t\t!function(f,b,e,v,n,t,s)\n\t\t{if(f.fbq)return;n=f.fbq=function(){n.callMethod?\n\t\tn.callMethod.apply(n,arguments):n.queue.push(arguments)};\n\t\tif(!f._fbq)f._fbq=n;n.push=n;n.loaded=!0;n.version='2.0';\n\t\tn.queue=[];t=b.createElement(e);t.async=!0;\n\t\tt.src=v;s=b.getElementsByTagName(e)[0];\n\t\ts.parentNode.insertBefore(t,s)}(window, document,'script',\n\t\t'https:\/\/connect.facebook.net\/en_US\/fbevents.js');\n\t\tfbq('consent', consent);\n\t\tfbq('init', '989222871864976');\n\t\tfbq('track', 'PageView');\n\t<\/script><script type=\"module\">\n\t\tvar consent=\"grant\";\n\t\t\/* The above code is parsing the JSON data from the local storage and storing it in a variable. *\/\n\t\t\tconst onetrustStorageConsent = JSON.parse(localStorage.getItem( 'consent_one_trust_bdc' ) );\n\t\t\t\/* Checking to see if the user has consented to the use of cookies.\n\t\t\t* If they have not, it is deleting the cookie.\n\t\t\t* This will comment for now, until further notice.\n\t\t\t*\/\n\t\t\t\/\/if ( onetrustStorageConsent.C0002 === false ) {\n\t\t\t\/\/\tdocument.cookie=\"_fbp=;expires=Thu, 01 Jan 2010 00:00:00 UTC; path=\/; domain=.boston.com\";\n\t\t\t\/\/}\n\t\t\t\/* Checking if the user has given consent for the cookie C0002.\n\t\t\t* If the user has given consent, the variable consent will be set to 'grant'.\n\t\t\t* If the user has not given consent,the variable consent will be set to 'revoke'.\n\t\t\t* Documentation https:\/\/developers.facebook.com\/docs\/meta-pixel\/implementation\/gdpr\n\t\t\t*\/\n\t\t\tif ( ( onetrustStorageConsent !== null ) && (onetrustStorageConsent.C0002 !== true ) ) {\n\t\t\t\tconsent=\"revoke\";\n\t\t\t}\n\t\t\t\t!function(f,b,e,v,n,t,s){if(f.fbq)return;n=f.fbq=function()\n\t\t{n.callMethod? n.callMethod.apply(n,arguments):n.queue.push(arguments)}\n\t\t;if(!f._fbq)f._fbq=n;\n\t\tn.push=n;n.loaded=!0;n.version='2.0';n.queue=[];t=b.createElement(e);t.async=!0;\n\t\tt.src=v;s=b.getElementsByTagName(e)[0];s.parentNode.insertBefore(t,s)}(window,\n\t\tdocument,'script','https:\/\/connect.facebook.net\/en_US\/fbevents.js');\n\t\tfbq('consent', consent);\n\t\tfbq('init', '813236348753005');\n\t\tfbq('track', \"PageView\");\n\t<\/script><br \/>\n<br \/><br \/>\n<br \/><a href=\"https:\/\/www.boston.com\/travel\/travel\/2024\/09\/04\/retired-flight-attendant-pushing-a-beverage-cart-from-boston-to-nyc\/\">Source link <\/a><\/p>","protected":false},"excerpt":{"rendered":"<p>Viagem Ele chegar\u00e1 ao Marco Zero em 11 de setembro. Paul Veneto empurrando um carrinho de bebidas de Boston para Nova York. Empurr\u00e3o de Paulie Uma comiss\u00e1ria de bordo aposentada&hellip;<\/p>","protected":false},"author":1,"featured_media":31816,"comment_status":"closed","ping_status":"open","sticky":false,"template":"","format":"standard","meta":{"content-type":"","footnotes":""},"categories":[1],"tags":[],"class_list":["post-31815","post","type-post","status-publish","format-standard","has-post-thumbnail","hentry","category-uncategorized"],"_links":{"self":[{"href":"https:\/\/tvbrazilusa.com\/pt\/wp-json\/wp\/v2\/posts\/31815","targetHints":{"allow":["GET"]}}],"collection":[{"href":"https:\/\/tvbrazilusa.com\/pt\/wp-json\/wp\/v2\/posts"}],"about":[{"href":"https:\/\/tvbrazilusa.com\/pt\/wp-json\/wp\/v2\/types\/post"}],"author":[{"embeddable":true,"href":"https:\/\/tvbrazilusa.com\/pt\/wp-json\/wp\/v2\/users\/1"}],"replies":[{"embeddable":true,"href":"https:\/\/tvbrazilusa.com\/pt\/wp-json\/wp\/v2\/comments?post=31815"}],"version-history":[{"count":1,"href":"https:\/\/tvbrazilusa.com\/pt\/wp-json\/wp\/v2\/posts\/31815\/revisions"}],"predecessor-version":[{"id":31817,"href":"https:\/\/tvbrazilusa.com\/pt\/wp-json\/wp\/v2\/posts\/31815\/revisions\/31817"}],"wp:featuredmedia":[{"embeddable":true,"href":"https:\/\/tvbrazilusa.com\/pt\/wp-json\/wp\/v2\/media\/31816"}],"wp:attachment":[{"href":"https:\/\/tvbrazilusa.com\/pt\/wp-json\/wp\/v2\/media?parent=31815"}],"wp:term":[{"taxonomy":"category","embeddable":true,"href":"https:\/\/tvbrazilusa.com\/pt\/wp-json\/wp\/v2\/categories?post=31815"},{"taxonomy":"post_tag","embeddable":true,"href":"https:\/\/tvbrazilusa.com\/pt\/wp-json\/wp\/v2\/tags?post=31815"}],"curies":[{"name":"wp","href":"https:\/\/api.w.org\/{rel}","templated":true}]}}