{"id":31818,"date":"2024-09-04T18:12:49","date_gmt":"2024-09-04T18:12:49","guid":{"rendered":"https:\/\/tvbrazilusa.com\/2024\/09\/04\/governo-lula-desconvida-mst-do-desfile-de-7-de-setembro-em-brasilia\/"},"modified":"2024-09-04T18:24:12","modified_gmt":"2024-09-04T18:24:12","slug":"governo-lula-desconvida-mst-do-desfile-de-7-de-setembro-em-brasilia","status":"publish","type":"post","link":"https:\/\/tvbrazilusa.com\/pt\/2024\/09\/04\/governo-lula-desconvida-mst-do-desfile-de-7-de-setembro-em-brasilia\/","title":{"rendered":"Governo Lula desconvida MST do desfile de 7 de setembro em Bras\u00edlia"},"content":{"rendered":"<p> <script async src=\"https:\/\/pagead2.googlesyndication.com\/pagead\/js\/adsbygoogle.js?client=ca-pub-8864793242727901\"\r\n     crossorigin=\"anonymous\"><\/script><br \/>\n<\/p>\n<div>\n<p><em><sub>Cr\u00e9ditos: depositphotos.com \/ joelfotos<\/sub><\/em><\/p>\n<p>O governo do presidente Luiz In\u00e1cio Lula da Silva (Lula) decidiu cancelar o convite feito ao Movimento dos Trabalhadores Rurais Sem Terra (MST) para participar do desfile de 7 de Setembro em Bras\u00edlia. A decis\u00e3o foi tomada ap\u00f3s a pol\u00eamica gerada nas redes sociais.<\/p>\n<p>Com isso, dois representantes do MST, que estariam presentes no evento, n\u00e3o participar\u00e3o mais. A inten\u00e7\u00e3o inicial do Pal\u00e1cio do Planalto era permitir uma participa\u00e7\u00e3o simb\u00f3lica do movimento ao lado de grupos envolvidos no resgate e no amparo das v\u00edtimas das enchentes no Rio Grande do Sul.<\/p>\n<h2 class=\"wp-block-heading\">Desfile do 7 de Setembro: Democracia e Independ\u00eancia<\/h2>\n<p>O tema do desfile deste ano ser\u00e1 \u201cDemocracia e Independ\u00eancia! \u00c9 o Brasil no Rumo Certo\u201d. O evento na capital federal ser\u00e1 dividido em quatro eixos principais:<\/p>\n<ul class=\"wp-block-list\">\n<li>Atletas ol\u00edmpicos<\/li>\n<li>Vacina\u00e7\u00e3o<\/li>\n<li>Brasil no G20<\/li>\n<li>Reconstru\u00e7\u00e3o do Rio Grande do Sul<\/li>\n<\/ul>\n<p>Al\u00e9m dos quatro eixos, o destaque do evento ser\u00e1 a presen\u00e7a de v\u00e1rias figuras importantes, incluindo pol\u00edticos, membros das For\u00e7as Armadas e representantes de diversos setores da sociedade.<\/p>\n<h2 class=\"wp-block-heading\">O que motivou a desist\u00eancia do convite ao MST?<\/h2>\n<p>A desist\u00eancia do convite ao MST ocorreu devido \u00e0 controv\u00e9rsia que a iniciativa gerou, especialmente nas redes sociais. O Pal\u00e1cio do Planalto decidiu recuar para evitar tumultos e focar na harmonia do evento.<\/p>\n<p>A participa\u00e7\u00e3o do MST gerou debates acalorados na internet, com muitos questionamentos sobre a presen\u00e7a do movimento num evento oficial e festivo que celebra a independ\u00eancia do Brasil.<\/p>\n<h2 class=\"wp-block-heading\">Quais s\u00e3o os custos previstos para o desfile?<\/h2>\n<p>Para o ato deste ano, as For\u00e7as Armadas solicitaram um or\u00e7amento adicional de R$ 10 milh\u00f5es para transportar tropas at\u00e9 a Esplanada dos Minist\u00e9rios. Essa solicita\u00e7\u00e3o foi aprovada pela Casa Civil, com uma distribui\u00e7\u00e3o do montante de R$ 3,3 milh\u00f5es para o Ex\u00e9rcito. O restante ser\u00e1 dividido entre a Marinha e a Aeron\u00e1utica.<\/p>\n<p>\u00c9 importante notar que, no m\u00eas passado, o governo Lula j\u00e1 havia reservado cerca de R$ 8 milh\u00f5es para os preparativos do desfile de 7 de Setembro.<\/p>\n<h2 class=\"wp-block-heading\">Participa\u00e7\u00e3o das For\u00e7as Armadas e outras organiza\u00e7\u00f5es<\/h2>\n<p>O evento contar\u00e1 com a presen\u00e7a de importantes membros das For\u00e7as Armadas, como os comandantes Marcos Sampaio Olsen (Marinha), Tom\u00e1s Paiva (Ex\u00e9rcito) e Marcelo Damasceno (Aeron\u00e1utica), al\u00e9m do ministro da Defesa, Jos\u00e9 Mucio. A cerim\u00f4nia ter\u00e1 desfiles e apresenta\u00e7\u00f5es que simbolizam a integra\u00e7\u00e3o e a for\u00e7a do pa\u00eds.<\/p>\n<p>A falta de participa\u00e7\u00e3o do MST n\u00e3o dever\u00e1 afetar significativamente a programa\u00e7\u00e3o do evento, que seguir\u00e1 conforme planejado, enfatizando os pilares de democracia, independ\u00eancia e uni\u00e3o.<\/p>\n<h3 class=\"wp-block-heading\">Conclus\u00e3o<\/h3>\n<p>A decis\u00e3o do governo Lula de recuar no convite ao MST para o desfile de 7 de Setembro em Bras\u00edlia foi influenciada pelas repercuss\u00f5es negativas nas redes sociais. O evento seguir\u00e1 com outros grupos simb\u00f3licos, destacando a import\u00e2ncia da democracia e da independ\u00eancia do Brasil.<\/p>\n<\/p><\/div>\n<p><br \/>\n<br \/><a href=\"https:\/\/terrabrasilnoticias.com\/2024\/09\/governo-lula-desconvida-mst-do-desfile-de-7-de-setembro-em-brasilia\/\">Source link <\/a><\/p>","protected":false},"excerpt":{"rendered":"<p>Cr\u00e9ditos: depositphotos.com \/ joelfotos O governo do presidente Luiz In\u00e1cio Lula da Silva (Lula) decidiu cancelar o convite feito ao Movimento dos Trabalhadores Rurais Sem Terra (MST) para participar do&hellip;<\/p>","protected":false},"author":1,"featured_media":31819,"comment_status":"closed","ping_status":"open","sticky":false,"template":"","format":"standard","meta":{"content-type":"","footnotes":""},"categories":[16],"tags":[],"class_list":["post-31818","post","type-post","status-publish","format-standard","has-post-thumbnail","hentry","category-noticias"],"_links":{"self":[{"href":"https:\/\/tvbrazilusa.com\/pt\/wp-json\/wp\/v2\/posts\/31818","targetHints":{"allow":["GET"]}}],"collection":[{"href":"https:\/\/tvbrazilusa.com\/pt\/wp-json\/wp\/v2\/posts"}],"about":[{"href":"https:\/\/tvbrazilusa.com\/pt\/wp-json\/wp\/v2\/types\/post"}],"author":[{"embeddable":true,"href":"https:\/\/tvbrazilusa.com\/pt\/wp-json\/wp\/v2\/users\/1"}],"replies":[{"embeddable":true,"href":"https:\/\/tvbrazilusa.com\/pt\/wp-json\/wp\/v2\/comments?post=31818"}],"version-history":[{"count":1,"href":"https:\/\/tvbrazilusa.com\/pt\/wp-json\/wp\/v2\/posts\/31818\/revisions"}],"predecessor-version":[{"id":31820,"href":"https:\/\/tvbrazilusa.com\/pt\/wp-json\/wp\/v2\/posts\/31818\/revisions\/31820"}],"wp:featuredmedia":[{"embeddable":true,"href":"https:\/\/tvbrazilusa.com\/pt\/wp-json\/wp\/v2\/media\/31819"}],"wp:attachment":[{"href":"https:\/\/tvbrazilusa.com\/pt\/wp-json\/wp\/v2\/media?parent=31818"}],"wp:term":[{"taxonomy":"category","embeddable":true,"href":"https:\/\/tvbrazilusa.com\/pt\/wp-json\/wp\/v2\/categories?post=31818"},{"taxonomy":"post_tag","embeddable":true,"href":"https:\/\/tvbrazilusa.com\/pt\/wp-json\/wp\/v2\/tags?post=31818"}],"curies":[{"name":"wp","href":"https:\/\/api.w.org\/{rel}","templated":true}]}}