{"id":31840,"date":"2024-09-04T18:50:41","date_gmt":"2024-09-04T18:50:41","guid":{"rendered":"https:\/\/tvbrazilusa.com\/2024\/09\/04\/josh-mcdaniels-sobre-como-ele-interpretou-as-instrucoes-enigmaticas-de-bill-belichick-para-o-ataque-dos-patriots\/"},"modified":"2024-09-04T18:57:46","modified_gmt":"2024-09-04T18:57:46","slug":"josh-mcdaniels-sobre-como-ele-interpretou-as-instrucoes-enigmaticas-de-bill-belichick-para-o-ataque-dos-patriots","status":"publish","type":"post","link":"https:\/\/tvbrazilusa.com\/pt\/2024\/09\/04\/josh-mcdaniels-sobre-como-ele-interpretou-as-instrucoes-enigmaticas-de-bill-belichick-para-o-ataque-dos-patriots\/","title":{"rendered":"Josh McDaniels sobre como ele interpretou as instru\u00e7\u00f5es enigm\u00e1ticas de Bill Belichick para o ataque dos Patriots"},"content":{"rendered":"<p> <script async src=\"https:\/\/pagead2.googlesyndication.com\/pagead\/js\/adsbygoogle.js?client=ca-pub-8864793242727901\"\r\n     crossorigin=\"anonymous\"><\/script><br \/>\n<\/p>\n<div id=\"\">\n<header class=\"m-article-header m-article-header--standard\">\n\t\t\t\t\t\t\t\t\t\t\t\t<span id=\"article-header-primary-term\"><br \/>\n\t\t\t\t\t\t\t\t<a class=\"a-term a-term--primary\" href=\"https:\/\/www.boston.com\/tag\/new-england-patriots\/\"><\/p>\n<p>\t\t\t\t\t\t\t\tPatriotas\t\t\t\t\t\t\t\t<\/a><br \/>\n\t\t\t\t\t\t\t<\/span><\/p>\n<h2 class=\"m-article-header__sub-headline\">McDaniels tamb\u00e9m falou sobre o que ele considerava a melhor qualidade de Belichick como treinador principal, do ponto de vista de um assistente.<\/h2>\n<figure class=\"a-photo m-article-header__photo\"><figcaption class=\"a-photo__caption\">\n<p>\tBill Belichick e Josh McDaniels em dezembro de 2019.<em> Jim Davis\/Equipe Globe<\/em>\t<\/figcaption><\/figure>\n<\/header>\n<p>A parceria de Bill Belichick e Josh McDaniels provou ser um grande sucesso para os Patriots durante seus anos de sobreposi\u00e7\u00e3o na Nova Inglaterra, com o \u00faltimo orquestrando um ataque liderado por Tom Brady em v\u00e1rios Super Bowls.<\/p>\n<p>Mas, como McDaniels explicou recentemente durante uma entrevista no programa \u201c<a href=\"https:\/\/youtu.be\/8604tjOseus?si=DFV_iAcs9o9R1Doj\">Jogos com Nomes<\/a>\u201d podcast, as instru\u00e7\u00f5es espec\u00edficas de Belichick sobre o que ele queria para o plano de jogo ofensivo podiam ser um tanto vagas \u00e0s vezes.<\/p>\n<p>Em meio a uma longa retrospectiva do <a href=\"https:\/\/www.pro-football-reference.com\/boxscores\/201501100nwe.htm\">Vit\u00f3ria dos Patriots no playoff da rodada divisional sobre os Ravens<\/a> em janeiro de 2015, McDaniels deu uma olhada nas contribui\u00e7\u00f5es ocasionalmente enigm\u00e1ticas de Belichick.<\/p>\n<p>\u201cLembro que Bill teve uma conversa comigo na ter\u00e7a-feira daquela semana\u201d, disse McDaniels. \u201cEssas eram sempre conversas complicadas. Ele disse: &#8216;N\u00e3o sei quanto tempo queremos gastar brincando no jogo de corrida.&#8217; Sempre que ele me dizia algo assim, eu sempre dizia: &#8216;OK, bem, me diga o que isso significa? Tipo, voc\u00ea n\u00e3o quer que eu coloque nenhuma corrida em [the game plan]? Como sempre?&#8217;<\/p>\n<p>\u201c&#8217;Bem, n\u00e3o, n\u00e3o estou dizendo isso. N\u00e3o acho que vamos passar muito tempo correndo com a bola&#8217;\u201d, McDaniels citou como resposta de Belichick.<\/p>\n<p>\u201cEnt\u00e3o ele ia embora e eu ficava tipo, &#8216;Ainda n\u00e3o sei o que estou fazendo aqui&#8217;\u201d, lembrou McDaniels com uma risada retrospectiva. Ele tamb\u00e9m explicou como isso teria um efeito cascata na discuss\u00e3o do plano de jogo com outros treinadores assistentes.<\/p>\n<p>\u201cFoi dif\u00edcil entrar l\u00e1 e contar a Dante [Scarnecchia]porque voc\u00ea est\u00e1 tendo essa conversa e pensa, &#8216;OK, aqui vamos n\u00f3s. Estou prestes a entrar l\u00e1 e dizer ao t\u00e9cnico da linha ofensiva \u2014 que \u00e9 um dos melhores t\u00e9cnicos da linha ofensiva na hist\u00f3ria do futebol profissional \u2014 que n\u00e3o vamos correr com a bola neste jogo.&#8217; Voc\u00ea tem que tentar e refinar isso.\u201d<\/p>\n<figure class=\"wp-block-embed is-type-rich is-provider-twitter wp-block-embed-twitter\"\/>\n<p>Ainda assim, nem tudo no trabalho de Belichick foi t\u00e3o estressante quanto pode parecer aos f\u00e3s.<\/p>\n<p>McDaniels falou bastante sobre a estrutura dos Patriots na temporada de 2014 e sobre t\u00f3picos mais gerais, incluindo o papel de Belichick em delegar e facilitar como treinador principal.<\/p>\n<p>Um ponto que tanto McDaniels quanto Edelman enfatizaram foi a diferen\u00e7a na percep\u00e7\u00e3o externa de Belichick em compara\u00e7\u00e3o com a forma como as pessoas no pr\u00e9dio dos Patriots realmente viam trabalhar para ele.<\/p>\n<p>\u201cAchei que nossa sala de reuni\u00e3o de equipe era muito confort\u00e1vel. As pessoas pensam nele como um cara realmente dif\u00edcil de ser voc\u00ea mesmo, e foi quase o oposto para n\u00f3s\u201d, disse McDaniels sobre seu antigo chefe.<\/p>\n<p>\u201cVoc\u00ea poderia ser voc\u00ea mesmo\u201d, ele acrescentou. \u201cBill foi assistente por muito tempo, ent\u00e3o ele entendeu que n\u00e3o ser\u00edamos todos iguais.\u201d<\/p>\n<p>Segundo McDaniels, Belichick fez um \u201ctrabalho tremendo\u201d ao coletar constantemente informa\u00e7\u00f5es de seus treinadores assistentes e analisar (e depois reanalisar) o elenco do time.<\/p>\n<p>\u201cEle era o melhor ouvinte\u201d, disse McDaniels sobre seu antigo chefe. \u201cEra isso que era a m\u00e1gica para ele, porque ele abria m\u00e3o da responsabilidade de fazer isso, e ent\u00e3o, quando nos reun\u00edamos, era quando ele ouvia. Ele estava t\u00e3o concentrado em reunir o que voc\u00ea tinha que ele n\u00e3o tinha, ele n\u00e3o sabia. Ele n\u00e3o estava na sala do receptor. Ele n\u00e3o estava conosco em nossas inspe\u00e7\u00f5es ou algo assim, ent\u00e3o ele realmente n\u00e3o tinha esse conhecimento \u00edntimo, e ent\u00e3o ele simplesmente o absorvia e tentava se ajudar a tomar boas decis\u00f5es.\u201d<\/p>\n<p>Edelman concordou, expressando sua desaprova\u00e7\u00e3o sobre o que ele via como um equ\u00edvoco mais amplo sobre seu antigo treinador.<\/p>\n<p>\u201cFico perplexo com essa narrativa que todos t\u00eam de que o treinador Belichick n\u00e3o era inclusivo\u201d, disse Edelman.<\/p>\n<p>\u201cEle era um cara que pegava informa\u00e7\u00f5es de qualquer um\u201d, continuou o wide receiver aposentado. \u201cEu lembro que ele vinha at\u00e9 mim no meio de um jogo, &#8216;Ei, o que voc\u00ea est\u00e1 vendo?&#8217; E se voc\u00ea desse a ele a informa\u00e7\u00e3o certa, ele continuava voltando para voc\u00ea.\u201d<\/p>\n<p>Havia apenas uma regra, segundo Edelman e McDaniels: atenha-se aos fatos.<\/p>\n<p>\u201cS\u00f3 n\u00e3o invente uma hist\u00f3ria\u201d, Edelman lembrou, \u201cporque se voc\u00ea fizer isso uma vez, ele nunca mais voltar\u00e1 para voc\u00ea\u201d.<\/p>\n<div class=\"m-block m-generic-cta\t m-generic-cta--post-content\t m-generic-cta--dark\t m-generic-cta--homepage\t m-generic-cta--email-signup\t\t m-generic-cta-block-style--default \tt-amp__generic-cta\"><\/p>\n<div class=\"m-generic-cta__wrap\">\n<div class=\"m-generic-cta__content\">\n<h3 class=\"m-generic-cta__title\">Inscreva-se para receber atualiza\u00e7\u00f5es dos Patriots\ud83c\udfc8<\/h3>\n<p class=\"m-generic-cta__subtitle\">Receba not\u00edcias de \u00faltima hora e an\u00e1lises na sua caixa de entrada durante a temporada de futebol.<\/p>\n<\/p><\/div>\n<\/p><\/div>\n<\/div><\/div>\n<p><script>\n\t\tvar consent=\"grant\";\n\t\t\/* The above code is parsing the JSON data from the local storage and storing it in a variable. *\/\n\t\t\t\t\tconst onetrustStorageConsent = JSON.parse(localStorage.getItem( 'consent_one_trust_bdc' ) );\n\t\t\tif ( ( onetrustStorageConsent !== null ) ) {\n\t\t\t\t\/* Checking to see if the user has consented to the use of cookies.\n\t\t\t\t* If they have not, it is deleting the cookie.\n\t\t\t\t* This will comment for now, until further notice.\n\t\t\t\t*\/\n\t\t\t\t\/\/if ( onetrustStorageConsent.C0002 === false ) {\n\t\t\t\t\/\/\tdocument.cookie=\"_fbp=;expires=Thu, 01 Jan 2010 00:00:00 UTC; path=\/; domain=.boston.com\";\n\t\t\t\t\/\/}\n\t\t\t\t\/* Checking if the user has given consent for the cookie C0002.\n\t\t\t\t* If the user has given consent, the variable consent will be set to 'grant'.\n\t\t\t\t* If the user has not given consent,the variable consent will be set to 'revoke'.\n\t\t\t\t* Documentation https:\/\/developers.facebook.com\/docs\/meta-pixel\/implementation\/gdpr\n\t\t\t\t*\/\n\t\t\t\tif ( onetrustStorageConsent.C0002 !== true ) {\n\t\t\t\t\tconsent=\"revoke\";\n\t\t\t\t}\n\t\t\t}\n\t\t\t\t!function(f,b,e,v,n,t,s)\n\t\t{if(f.fbq)return;n=f.fbq=function(){n.callMethod?\n\t\tn.callMethod.apply(n,arguments):n.queue.push(arguments)};\n\t\tif(!f._fbq)f._fbq=n;n.push=n;n.loaded=!0;n.version='2.0';\n\t\tn.queue=[];t=b.createElement(e);t.async=!0;\n\t\tt.src=v;s=b.getElementsByTagName(e)[0];\n\t\ts.parentNode.insertBefore(t,s)}(window, document,'script',\n\t\t'https:\/\/connect.facebook.net\/en_US\/fbevents.js');\n\t\tfbq('consent', consent);\n\t\tfbq('init', '989222871864976');\n\t\tfbq('track', 'PageView');\n\t<\/script><script type=\"module\">\n\t\tvar consent=\"grant\";\n\t\t\/* The above code is parsing the JSON data from the local storage and storing it in a variable. *\/\n\t\t\tconst onetrustStorageConsent = JSON.parse(localStorage.getItem( 'consent_one_trust_bdc' ) );\n\t\t\t\/* Checking to see if the user has consented to the use of cookies.\n\t\t\t* If they have not, it is deleting the cookie.\n\t\t\t* This will comment for now, until further notice.\n\t\t\t*\/\n\t\t\t\/\/if ( onetrustStorageConsent.C0002 === false ) {\n\t\t\t\/\/\tdocument.cookie=\"_fbp=;expires=Thu, 01 Jan 2010 00:00:00 UTC; path=\/; domain=.boston.com\";\n\t\t\t\/\/}\n\t\t\t\/* Checking if the user has given consent for the cookie C0002.\n\t\t\t* If the user has given consent, the variable consent will be set to 'grant'.\n\t\t\t* If the user has not given consent,the variable consent will be set to 'revoke'.\n\t\t\t* Documentation https:\/\/developers.facebook.com\/docs\/meta-pixel\/implementation\/gdpr\n\t\t\t*\/\n\t\t\tif ( ( onetrustStorageConsent !== null ) && (onetrustStorageConsent.C0002 !== true ) ) {\n\t\t\t\tconsent=\"revoke\";\n\t\t\t}\n\t\t\t\t!function(f,b,e,v,n,t,s){if(f.fbq)return;n=f.fbq=function()\n\t\t{n.callMethod? n.callMethod.apply(n,arguments):n.queue.push(arguments)}\n\t\t;if(!f._fbq)f._fbq=n;\n\t\tn.push=n;n.loaded=!0;n.version='2.0';n.queue=[];t=b.createElement(e);t.async=!0;\n\t\tt.src=v;s=b.getElementsByTagName(e)[0];s.parentNode.insertBefore(t,s)}(window,\n\t\tdocument,'script','https:\/\/connect.facebook.net\/en_US\/fbevents.js');\n\t\tfbq('consent', consent);\n\t\tfbq('init', '813236348753005');\n\t\tfbq('track', \"PageView\");\n\t<\/script><br \/>\n<br \/><br \/>\n<br \/><a href=\"https:\/\/www.boston.com\/sports\/new-england-patriots\/2024\/09\/04\/josh-mcdaniels-bill-belichick-patriots-stories\/\">Source link <\/a><\/p>","protected":false},"excerpt":{"rendered":"<p>Patriotas McDaniels tamb\u00e9m falou sobre o que ele considerava a melhor qualidade de Belichick como treinador principal, do ponto de vista de um assistente. Bill Belichick e Josh McDaniels em&hellip;<\/p>","protected":false},"author":1,"featured_media":31841,"comment_status":"closed","ping_status":"open","sticky":false,"template":"","format":"standard","meta":{"content-type":"","footnotes":""},"categories":[1],"tags":[],"class_list":["post-31840","post","type-post","status-publish","format-standard","has-post-thumbnail","hentry","category-uncategorized"],"_links":{"self":[{"href":"https:\/\/tvbrazilusa.com\/pt\/wp-json\/wp\/v2\/posts\/31840","targetHints":{"allow":["GET"]}}],"collection":[{"href":"https:\/\/tvbrazilusa.com\/pt\/wp-json\/wp\/v2\/posts"}],"about":[{"href":"https:\/\/tvbrazilusa.com\/pt\/wp-json\/wp\/v2\/types\/post"}],"author":[{"embeddable":true,"href":"https:\/\/tvbrazilusa.com\/pt\/wp-json\/wp\/v2\/users\/1"}],"replies":[{"embeddable":true,"href":"https:\/\/tvbrazilusa.com\/pt\/wp-json\/wp\/v2\/comments?post=31840"}],"version-history":[{"count":1,"href":"https:\/\/tvbrazilusa.com\/pt\/wp-json\/wp\/v2\/posts\/31840\/revisions"}],"predecessor-version":[{"id":31842,"href":"https:\/\/tvbrazilusa.com\/pt\/wp-json\/wp\/v2\/posts\/31840\/revisions\/31842"}],"wp:featuredmedia":[{"embeddable":true,"href":"https:\/\/tvbrazilusa.com\/pt\/wp-json\/wp\/v2\/media\/31841"}],"wp:attachment":[{"href":"https:\/\/tvbrazilusa.com\/pt\/wp-json\/wp\/v2\/media?parent=31840"}],"wp:term":[{"taxonomy":"category","embeddable":true,"href":"https:\/\/tvbrazilusa.com\/pt\/wp-json\/wp\/v2\/categories?post=31840"},{"taxonomy":"post_tag","embeddable":true,"href":"https:\/\/tvbrazilusa.com\/pt\/wp-json\/wp\/v2\/tags?post=31840"}],"curies":[{"name":"wp","href":"https:\/\/api.w.org\/{rel}","templated":true}]}}