{"id":31870,"date":"2024-09-04T19:43:37","date_gmt":"2024-09-04T19:43:37","guid":{"rendered":"https:\/\/tvbrazilusa.com\/2024\/09\/04\/partido-de-tabata-amaral-aciona-justica-contra-pablo-marcal-novamente\/"},"modified":"2024-09-04T19:44:21","modified_gmt":"2024-09-04T19:44:21","slug":"partido-de-tabata-amaral-aciona-justica-contra-pablo-marcal-novamente","status":"publish","type":"post","link":"https:\/\/tvbrazilusa.com\/pt\/2024\/09\/04\/partido-de-tabata-amaral-aciona-justica-contra-pablo-marcal-novamente\/","title":{"rendered":"Partido de Tabata Amaral aciona justi\u00e7a contra Pablo Mar\u00e7al novamente"},"content":{"rendered":"<p> <script async src=\"https:\/\/pagead2.googlesyndication.com\/pagead\/js\/adsbygoogle.js?client=ca-pub-8864793242727901\"\r\n     crossorigin=\"anonymous\"><\/script><br \/>\n<\/p>\n<div>\n<p>O candidato Pablo Mar\u00e7al (PRTB) est\u00e1 no centro de uma pol\u00eamica ap\u00f3s o Partido Socialista Brasileiro (PSB), atrav\u00e9s da deputada Tabata Amaral, protocolar uma not\u00edcia-crime por falsidade ideol\u00f3gica eleitoral. Mar\u00e7al \u00e9 acusado de esconder patrim\u00f4nio significativo da Justi\u00e7a Eleitoral, conforme apontado por uma reportagem da Folha de S. Paulo.<\/p>\n<p>De acordo com a reportagem, Mar\u00e7al teria omitido informa\u00e7\u00f5es cr\u00edticas sobre seu patrim\u00f4nio. Empresas, im\u00f3veis e at\u00e9 mesmo aeronaves registradas em seu nome e de suas pessoas jur\u00eddicas n\u00e3o constam na declara\u00e7\u00e3o de bens enviada ao Tribunal Superior Eleitoral (TSE). As revela\u00e7\u00f5es da Folha apontam para um montante de pelo menos R$ 135 milh\u00f5es n\u00e3o declarados.<\/p>\n<h2 class=\"wp-block-heading\">Not\u00edcia-Crime Contra Pablo Mar\u00e7al<\/h2>\n<p>O PSB solicitou que a not\u00edcia-crime seja encaminhada ao Minist\u00e9rio P\u00fablico Eleitoral. A expectativa \u00e9 que um inqu\u00e9rito seja aberto para investigar a veracidade das acusa\u00e7\u00f5es. Segundo o partido, a oculta\u00e7\u00e3o de patrim\u00f4nio pode ser caracterizada como falsidade ideol\u00f3gica em contexto eleitoral, gerando graves consequ\u00eancias ao candidato.<\/p>\n<h2 class=\"wp-block-heading\">O Que Dizem As Outras Reportagens?<\/h2>\n<p>Al\u00e9m da mat\u00e9ria da Folha de S. Paulo, outras reportagens do UOL e do Metr\u00f3poles tamb\u00e9m denunciaram inconsist\u00eancias na declara\u00e7\u00e3o de bens de Mar\u00e7al. O UOL revelou que uma das empresas do candidato n\u00e3o foi mencionada, enquanto o Metr\u00f3poles mostrou que o valor de outras empresas foi significativamente reduzido na declara\u00e7\u00e3o.<\/p>\n<p>Nesses contextos, a assessoria de Mar\u00e7al admitiu erros e afirmou que as corre\u00e7\u00f5es seriam feitas. No entanto, n\u00e3o houve envio de uma nota oficial para a reportagem da Folha, configurando um cen\u00e1rio de incerteza sobre a autenticidade das retifica\u00e7\u00f5es.<\/p>\n<h2 class=\"wp-block-heading\">Quais Outras A\u00e7\u00f5es Envolvem Pablo Mar\u00e7al na Justi\u00e7a?<\/h2>\n<p>O PSB j\u00e1 tem duas outras a\u00e7\u00f5es contra Mar\u00e7al na Justi\u00e7a. Uma delas questiona um suposto abuso de poder ao promover um campeonato de cortes para disseminar seu conte\u00fado nas redes sociais. Esse evento culminou na derrubada das contas do candidato nas plataformas digitais.<\/p>\n<p>A segunda a\u00e7\u00e3o aborda o disparo em massa de e-mails pedindo para que as pessoas seguissem Mar\u00e7al em novas contas. O PSB alega que esse disparo foi feito para pessoas que participaram dos cursos oferecidos pelo influencer, mas que n\u00e3o autorizaram o uso de seus dados para fins de campanha.<\/p>\n<h2 class=\"wp-block-heading\">Pablo Mar\u00e7al e a Rea\u00e7\u00e3o do P\u00fablico<\/h2>\n<p>O p\u00fablico segue dividido quanto \u00e0s atitudes de Mar\u00e7al. Enquanto alguns de seus seguidores defendem o candidato, acusando as reportagens de serem politicamente motivadas, outros pedem por mais transpar\u00eancia e \u00e9tica na pol\u00edtica. As redes sociais se tornaram um campo de batalha onde opini\u00f5es sobre o caso s\u00e3o trocadas com fervor.<\/p>\n<p>Vale lembrar que Pablo Mar\u00e7al tem um hist\u00f3rico controverso de declara\u00e7\u00f5es pol\u00eamicas e \u00e9 conhecido por promover conte\u00fado motivacional e empresarial. A sua atua\u00e7\u00e3o nas elei\u00e7\u00f5es anteriores j\u00e1 havia gerado discuss\u00f5es acaloradas entre seus apoiadores e opositores.<\/p>\n<p>A seguir, listamos as principais consequ\u00eancias que Mar\u00e7al pode enfrentar se as acusa\u00e7\u00f5es forem comprovadas:<\/p>\n<ul class=\"wp-block-list\">\n<li>Poss\u00edvel inelegibilidade para futuras elei\u00e7\u00f5es.<\/li>\n<li>Multas consider\u00e1veis caso seja multado pelo TSE.<\/li>\n<li>Abertura de investiga\u00e7\u00f5es criminais relacionadas \u00e0 falsidade ideol\u00f3gica.<\/li>\n<\/ul>\n<p>Fique atento \u00e0s pr\u00f3ximas atualiza\u00e7\u00f5es desse caso e acompanhe como as investiga\u00e7\u00f5es ir\u00e3o se desenrolar nos pr\u00f3ximos meses. Qual ser\u00e1 o desfecho dessa situa\u00e7\u00e3o para Pablo Mar\u00e7al?<\/p>\n<h3 class=\"wp-block-heading\">Outros Candidatos Envolvidos em Controv\u00e9rsias<\/h3>\n<p>Este n\u00e3o \u00e9 um caso isolado na pol\u00edtica brasileira. Outros candidatos tamb\u00e9m enfrentam problemas judiciais, e essas situa\u00e7\u00f5es levantam quest\u00f5es importantes sobre a transpar\u00eancia e a \u00e9tica no cen\u00e1rio eleitoral brasileiro. Casos como o de Mar\u00e7al destacam a necessidade de uma fiscaliza\u00e7\u00e3o mais rigorosa e de uma maior consci\u00eancia dos eleitores sobre quem, de fato, est\u00e3o escolhendo para represent\u00e1-los.<\/p>\n<\/p><\/div>\n<p><br \/>\n<br \/><a href=\"https:\/\/terrabrasilnoticias.com\/2024\/09\/partido-de-tabata-amaral-aciona-justica-contra-pablo-marcal-novamente\/\">Source link <\/a><\/p>","protected":false},"excerpt":{"rendered":"<p>O candidato Pablo Mar\u00e7al (PRTB) est\u00e1 no centro de uma pol\u00eamica ap\u00f3s o Partido Socialista Brasileiro (PSB), atrav\u00e9s da deputada Tabata Amaral, protocolar uma not\u00edcia-crime por falsidade ideol\u00f3gica eleitoral. Mar\u00e7al&hellip;<\/p>","protected":false},"author":1,"featured_media":31871,"comment_status":"closed","ping_status":"open","sticky":false,"template":"","format":"standard","meta":{"content-type":"","footnotes":""},"categories":[16],"tags":[],"class_list":["post-31870","post","type-post","status-publish","format-standard","has-post-thumbnail","hentry","category-noticias"],"_links":{"self":[{"href":"https:\/\/tvbrazilusa.com\/pt\/wp-json\/wp\/v2\/posts\/31870","targetHints":{"allow":["GET"]}}],"collection":[{"href":"https:\/\/tvbrazilusa.com\/pt\/wp-json\/wp\/v2\/posts"}],"about":[{"href":"https:\/\/tvbrazilusa.com\/pt\/wp-json\/wp\/v2\/types\/post"}],"author":[{"embeddable":true,"href":"https:\/\/tvbrazilusa.com\/pt\/wp-json\/wp\/v2\/users\/1"}],"replies":[{"embeddable":true,"href":"https:\/\/tvbrazilusa.com\/pt\/wp-json\/wp\/v2\/comments?post=31870"}],"version-history":[{"count":1,"href":"https:\/\/tvbrazilusa.com\/pt\/wp-json\/wp\/v2\/posts\/31870\/revisions"}],"predecessor-version":[{"id":31872,"href":"https:\/\/tvbrazilusa.com\/pt\/wp-json\/wp\/v2\/posts\/31870\/revisions\/31872"}],"wp:featuredmedia":[{"embeddable":true,"href":"https:\/\/tvbrazilusa.com\/pt\/wp-json\/wp\/v2\/media\/31871"}],"wp:attachment":[{"href":"https:\/\/tvbrazilusa.com\/pt\/wp-json\/wp\/v2\/media?parent=31870"}],"wp:term":[{"taxonomy":"category","embeddable":true,"href":"https:\/\/tvbrazilusa.com\/pt\/wp-json\/wp\/v2\/categories?post=31870"},{"taxonomy":"post_tag","embeddable":true,"href":"https:\/\/tvbrazilusa.com\/pt\/wp-json\/wp\/v2\/tags?post=31870"}],"curies":[{"name":"wp","href":"https:\/\/api.w.org\/{rel}","templated":true}]}}