{"id":31911,"date":"2024-09-04T20:23:04","date_gmt":"2024-09-04T20:23:04","guid":{"rendered":"https:\/\/tvbrazilusa.com\/2024\/09\/04\/cassar-um-ministro-do-stf-nao-e-bom-diz-bolsonaro-paulo-figueiredo\/"},"modified":"2024-09-04T20:40:37","modified_gmt":"2024-09-04T20:40:37","slug":"cassar-um-ministro-do-stf-nao-e-bom-diz-bolsonaro-paulo-figueiredo","status":"publish","type":"post","link":"https:\/\/tvbrazilusa.com\/pt\/2024\/09\/04\/cassar-um-ministro-do-stf-nao-e-bom-diz-bolsonaro-paulo-figueiredo\/","title":{"rendered":"Cassar um ministro do STF \u201cn\u00e3o \u00e9 bom\u201d, diz Bolsonaro &#8211; Paulo Figueiredo"},"content":{"rendered":"<p> <script async src=\"https:\/\/pagead2.googlesyndication.com\/pagead\/js\/adsbygoogle.js?client=ca-pub-8864793242727901\"\r\n     crossorigin=\"anonymous\"><\/script><br \/>\n<\/p>\n<div id=\"wtr-content\" data-bg=\"#FFFFFF\" data-fg=\"#006d91\" data-width=\"25\" data-mute=\"1\" data-fgopacity=\"1.00\" data-mutedopacity=\"0.5\" data-placement=\"bottom\" data-placement-offset=\"0\" data-content-offset=\"262\" data-placement-touch=\"bottom\" data-placement-offset-touch=\"0\" data-transparent=\"\" data-shadow=\"0\" data-touch=\"1\" data-non-touch=\"1\" data-comments=\"0\" data-commentsbg=\"transparent\" data-location=\"page\" data-mutedfg=\"#006d91\" data-endfg=\"#006d91\" data-rtl=\"\">\n<h3 class=\"wp-block-heading\">Ex-presidente afirma ser \u201chumilhante\u201d falar em impeachment; oposi\u00e7\u00e3o ao governo Lula enviar\u00e1 pedido contra Moraes ao Senado em 9 de setembro<\/h3>\n<p>O ex-presidente\u00a0Jair Bolsonaro\u00a0(PL) disse nesta 4\u00aa feira (4.set.2024) que\u00a0<em>\u201ccassar um ministro n\u00e3o \u00e9 bom\u201d e<\/em>\u00a0\u00e9\u00a0<em>\u201chumilhante falar em impeachment\u201d<\/em>\u00a0de ministro do STF (Supremo Tribunal Federal). Durante entrevista ao canal\u00a0<em>AuriVerde Brasil<\/em>, Bolsonaro pediu, sem citar nominalmente Alexandre de Moraes, que o ministro\u00a0<em>\u201cabaixe um pouquinho a guarda e tire esse cora\u00e7\u00e3o de maldade da tua frente\u201d<\/em>.<\/p>\n<p><em>\u201cPe\u00e7o a Deus que toque o cora\u00e7\u00e3o dos 11 ministros e os 11 ministros busquem uma alternativa entre voc\u00eas. \u00c9 humilhante falar em impeachment, eu sei disso. Cassar um ministro n\u00e3o \u00e9 bom. Agora, esse ministro, por favor, abaixe um pouquinho a guarda, tire esse cora\u00e7\u00e3o de maldade da tua frente\u201d<\/em>, disse Bolsonaro.\u00a0<\/p>\n<p>A fala faz refer\u00eancia ao pedido de\u00a0impeachment\u00a0contra o ministro pela\u00a0oposi\u00e7\u00e3o ao governo de\u00a0Luiz In\u00e1cio Lula da Silva\u00a0(PT). A organiza\u00e7\u00e3o acontece desde que a\u00a0<em>Folha de S. Paulo<\/em>\u00a0divulgou troca de mensagens da equipe de Moraes, que teria investigado bolsonaristas de forma extraoficial pelo TSE (Tribunal Superior Eleitoral).<\/p>\n<p>Contudo, se intensificou ap\u00f3s a suspens\u00e3o do X, determinada pelo ministro na \u00faltima 6\u00aa feira (30.ago). Bolsonaro criticou a decis\u00e3o de Moraes, que foi\u00a0confirmada\u00a0na 2\u00aa feira (2.set) pela 1\u00aa turma do tribunal.<\/p>\n<p>Para o ex-presidente, a determina\u00e7\u00e3o de\u00a0<em>\u201ccensurar o X\u201d<\/em>\u00a0e de\u00a0<em>\u201cprender gente\u201d \u2013<\/em>em refer\u00eancia aos julgamentos dos presos no dia 8 de janeiro de 2022\u2013 geram uma\u00a0<em>\u201cdesconfian\u00e7a enorme\u201d<\/em>\u00a0no STF.\u00a0<\/p>\n<p><em>\u201cA gente n\u00e3o quer isso. A gente quer um supremo vibrante, a gente quer um supremo que aja, que defenda a Constitui\u00e7\u00e3o\u201d<\/em>, disse Bolsonaro.<\/p>\n<p>Para o ex-presidente, todos querem ter o prazer de conversar com um ministro do STF,\u00a0<em>\u201cmas eles t\u00eam que se ajudar\u201d<\/em>.<\/p>\n<h3 class=\"wp-block-heading\"><strong>Impeachment de ministro do STF<\/strong><\/h3>\n<p>O rito de impeachment de um ministro do Supremo \u00e9 semelhante ao realizado no caso de presidentes da Rep\u00fablica. A situa\u00e7\u00e3o seria in\u00e9dita, uma vez que nunca um magistrado da Corte foi destitu\u00eddo.<\/p>\n<p>Uma das diferen\u00e7as \u00e9 quem d\u00e1 in\u00edcio ao processo. No caso de presidentes, o pedido deve ser aceito pelo l\u00edder da C\u00e2mara dos Deputados. J\u00e1 para ministros do STF, por quem estiver no comando do Senado. Hoje, o senador\u00a0Rodrigo Pacheco\u00a0(PSD-MG).<\/p>\n<p>A lei que regulamenta o processo de impeachment \u00e9 de 1950. O texto indica 5 hip\u00f3teses para que um ministro do STF seja destitu\u00eddo. S\u00e3o elas:<\/p>\n<ul class=\"wp-block-list\">\n<li>alterar, por qualquer forma, exceto por via de recurso, a decis\u00e3o ou voto j\u00e1 proferido em sess\u00e3o do Tribunal;<\/li>\n<li>proferir julgamento, quando, por lei, seja suspeito na causa;<\/li>\n<li>exercer atividade pol\u00edtico-partid\u00e1ria;<\/li>\n<li>ser patentemente desidioso (agir com neglig\u00eancia) no cumprimento dos deveres do cargo;<\/li>\n<li>proceder de modo incompat\u00edvel com a honra, dignidade e decoro de suas fun\u00e7\u00f5es.<\/li>\n<\/ul>\n<p>Caso o presidente do Senado acate o pedido, o processo de impeachment \u00e9 iniciado. \u201c<em>Recebida a den\u00fancia pela mesa do Senado, ser\u00e1 lida no expediente da sess\u00e3o seguinte e despachada a uma comiss\u00e3o especial, eleita para opinar sobre a mesma<\/em>\u201d, diz a lei.<\/p>\n<p>Essa comiss\u00e3o deve se reunir em at\u00e9 48 horas e eleger o presidente e relator. Em at\u00e9 10 dias, deve ser produzido um parecer \u201c<em>sobre se a den\u00fancia deve ser, ou n\u00e3o, julgada objeto de delibera\u00e7\u00e3o<\/em>\u201d.<\/p>\n<p>Se a Casa considerar que a den\u00fancia \u00e9 procedente, o denunciado vai:<\/p>\n<ul class=\"wp-block-list\">\n<li>ficar suspenso do exerc\u00edcio das suas fun\u00e7\u00f5es at\u00e9 a senten\u00e7a final;<\/li>\n<li>ficar sujeito a acusa\u00e7\u00e3o criminal;<\/li>\n<li>perder, at\u00e9 a senten\u00e7a final, 1\/3 dos vencimentos, que lhe ser\u00e1 pago no caso de absolvi\u00e7\u00e3o.<\/li>\n<\/ul>\n<p>Depois de todo esse tr\u00e2mite, o plen\u00e1rio do Senado se re\u00fane para o julgamento do impeachment. Ser\u00e1 lido processo e, em seguida, os presentes ouvem testemunhas do caso.<\/p>\n<p>\u201c<em>O acusador e o acusado, ou os seus procuradores, poder\u00e3o reinquirir as testemunhas, contest\u00e1-las sem interromp\u00ea-las e requerer a sua acarea\u00e7\u00e3o. Qualquer senador poder\u00e1 requerer sejam feitas as perguntas que julgar necess\u00e1rias<\/em>\u201d, diz a lei.<\/p>\n<p>H\u00e1 um debate oral e, na sequ\u00eancia, a vota\u00e7\u00e3o em si, que ser\u00e1 nominal. Os senadores devem responder \u201c<em>sim<\/em>\u201d ou \u201c<em>n\u00e3o<\/em>\u201d \u00e0 seguinte pergunta: \u201c<em>Cometeu o acusado o crime que lhe \u00e9 imputado e deve ser condenado \u00e0 perda do seu cargo?<\/em>\u201d.<\/p>\n<p>Se a resposta afirmativa obtiver, pelo menos, 2\/3 ter\u00e7os dos votos dos senadores presentes, haver\u00e1 uma nova consulta ao plen\u00e1rio sobre o tempo durante o qual o condenado deve ficar inabilitado para o exerc\u00edcio de qualquer fun\u00e7\u00e3o p\u00fablica. Esse tempo n\u00e3o pode ultrapassar 5 anos.<\/p>\n<p><strong><a href=\"https:\/\/www.poder360.com.br\/poder-justica\/cassar-um-ministro-do-stf-nao-e-bom-diz-bolsonaro\/\">Source link<\/a><\/strong><\/p>\n<\/div>\n<p><br \/>\n<br \/><a href=\"https:\/\/paulofigueiredoshow.com\/cassar-um-ministro-do-stf-nao-e-bom-diz-bolsonaro\/\">Source link <\/a><\/p>","protected":false},"excerpt":{"rendered":"<p>Ex-presidente afirma ser \u201chumilhante\u201d falar em impeachment; oposi\u00e7\u00e3o ao governo Lula enviar\u00e1 pedido contra Moraes ao Senado em 9 de setembro O ex-presidente\u00a0Jair Bolsonaro\u00a0(PL) disse nesta 4\u00aa feira (4.set.2024) que\u00a0\u201ccassar&hellip;<\/p>","protected":false},"author":1,"featured_media":31912,"comment_status":"closed","ping_status":"open","sticky":false,"template":"","format":"standard","meta":{"content-type":"","footnotes":""},"categories":[16],"tags":[17746,136,238,5220,1011,425],"class_list":["post-31911","post","type-post","status-publish","format-standard","has-post-thumbnail","hentry","category-noticias","tag-7-9","tag-bolsonaro","tag-impeachment","tag-manifestacao","tag-ministro","tag-moraes"],"_links":{"self":[{"href":"https:\/\/tvbrazilusa.com\/pt\/wp-json\/wp\/v2\/posts\/31911","targetHints":{"allow":["GET"]}}],"collection":[{"href":"https:\/\/tvbrazilusa.com\/pt\/wp-json\/wp\/v2\/posts"}],"about":[{"href":"https:\/\/tvbrazilusa.com\/pt\/wp-json\/wp\/v2\/types\/post"}],"author":[{"embeddable":true,"href":"https:\/\/tvbrazilusa.com\/pt\/wp-json\/wp\/v2\/users\/1"}],"replies":[{"embeddable":true,"href":"https:\/\/tvbrazilusa.com\/pt\/wp-json\/wp\/v2\/comments?post=31911"}],"version-history":[{"count":1,"href":"https:\/\/tvbrazilusa.com\/pt\/wp-json\/wp\/v2\/posts\/31911\/revisions"}],"predecessor-version":[{"id":31913,"href":"https:\/\/tvbrazilusa.com\/pt\/wp-json\/wp\/v2\/posts\/31911\/revisions\/31913"}],"wp:featuredmedia":[{"embeddable":true,"href":"https:\/\/tvbrazilusa.com\/pt\/wp-json\/wp\/v2\/media\/31912"}],"wp:attachment":[{"href":"https:\/\/tvbrazilusa.com\/pt\/wp-json\/wp\/v2\/media?parent=31911"}],"wp:term":[{"taxonomy":"category","embeddable":true,"href":"https:\/\/tvbrazilusa.com\/pt\/wp-json\/wp\/v2\/categories?post=31911"},{"taxonomy":"post_tag","embeddable":true,"href":"https:\/\/tvbrazilusa.com\/pt\/wp-json\/wp\/v2\/tags?post=31911"}],"curies":[{"name":"wp","href":"https:\/\/api.w.org\/{rel}","templated":true}]}}