{"id":31916,"date":"2024-09-04T19:36:14","date_gmt":"2024-09-04T19:36:14","guid":{"rendered":"https:\/\/tvbrazilusa.com\/2024\/09\/04\/pai-foi-alvo-de-tiro-que-matou-menina-em-providence-dizem-promotores\/"},"modified":"2024-09-04T20:46:18","modified_gmt":"2024-09-04T20:46:18","slug":"pai-foi-alvo-de-tiro-que-matou-menina-em-providence-dizem-promotores","status":"publish","type":"post","link":"https:\/\/tvbrazilusa.com\/pt\/2024\/09\/04\/pai-foi-alvo-de-tiro-que-matou-menina-em-providence-dizem-promotores\/","title":{"rendered":"Pai foi alvo de tiro que matou menina em Providence, dizem promotores"},"content":{"rendered":"<p> <script async src=\"https:\/\/pagead2.googlesyndication.com\/pagead\/js\/adsbygoogle.js?client=ca-pub-8864793242727901\"\r\n     crossorigin=\"anonymous\"><\/script><br \/>\n<\/p>\n<div id=\"\">\n<header class=\"m-article-header m-article-header--standard\">\n\t\t\t\t\t\t\t\t\t\t\t\t<span id=\"article-header-primary-term\"><br \/>\n\t\t\t\t\t\t\t\t<a class=\"a-term a-term--primary\" href=\"https:\/\/www.boston.com\/tag\/crime\/\"><\/p>\n<p>\t\t\t\t\t\t\t\tCrime\t\t\t\t\t\t\t\t<\/a><br \/>\n\t\t\t\t\t\t\t<\/span><\/p>\n<h2 class=\"m-article-header__sub-headline\">Ny&#8217;eil Pires \u201clutou por sua vida\u201d antes de sucumbir aos ferimentos, disse o procurador-geral adjunto especial.<\/h2>\n<figure class=\"a-photo m-article-header__photo\"><figcaption class=\"a-photo__caption\">\n\t<em> <\/em>\t<\/figcaption><\/figure>\n<\/header>\n<p>Os promotores dizem que os dois atiradores que atiraram e mataram uma menina de 7 anos em Providence na semana passada tinham como alvo o pai dela.<\/p>\n<p>Durante a acusa\u00e7\u00e3o dos dois supostos atiradores na ter\u00e7a-feira, o <a href=\"https:\/\/www.providencejournal.com\/story\/news\/crime\/2024\/09\/03\/two-men-face-murder-charges-in-fatal-shooting-of-nyeil-pires-7\/75058787007\/\"><em>Di\u00e1rio da Provid\u00eancia<\/em> <\/a>informou que a procuradora-geral adjunta especial Alison Bittl disse que a filha, Ny&#8217;eil Pires, \u201clutou por sua vida\u201d no hospital por mais de tr\u00eas dias antes de morrer na segunda-feira. <\/p>\n<p>A menina foi baleada em Providence enquanto estava sentada em um carro com seu pai, Nelson Pires, e seu irm\u00e3o, o <a href=\"https:\/\/www.boston.com\/news\/crime\/2024\/09\/03\/7-year-old-girl-shot-in-providence-has-died\/\">Departamento de Pol\u00edcia de Providence<\/a> disse. Na quinta-feira \u00e0 noite <a href=\"https:\/\/www.boston.com\/news\/local-news\/2024\/08\/30\/girl-7-in-critical-condition-after-being-shot-in-providence\/\">tiroteio na rua Florence<\/a> deixou-a em estado cr\u00edtico e ela morreu mais tarde no Hospital Infantil Hasbro.<\/p>\n<p>A pol\u00edcia prendeu dois suspeitos, Shaheem Nathaniel, 26, e Ahmari Cabrera, 19, na sexta-feira. <\/p>\n<p>De acordo com o Gabinete do Procurador-Geral de Rhode Island, Nathaniel e Cabrera foram indiciados na ter\u00e7a-feira no Tribunal Distrital de Providence. <\/p>\n<p>As autoridades indiciaram ambos por 11 acusa\u00e7\u00f5es, incluindo o assassinato de Ny&#8217;eil Pires e agress\u00e3o com inten\u00e7\u00e3o de cometer assassinato contra seu pai, Nelson Pires.<\/p>\n<p>Outras acusa\u00e7\u00f5es incluem porte de pistola 9 mm e calibre .45 sem licen\u00e7a e posse de uma arma fantasma. <\/p>\n<p>As autoridades disseram que a pr\u00f3xima data de tribunal de Cabrera \u00e9 uma confer\u00eancia de status em 9 de setembro. O caso de Nathaniel foi transferido para o Tribunal Superior a pedido de seu advogado. Sua pr\u00f3xima audi\u00eancia para determina\u00e7\u00e3o de advogado e audi\u00eancia de fian\u00e7a \u00e9 na quinta-feira, 5 de setembro. <\/p>\n<p><iframe src=\"https:\/\/www.google.com\/maps\/embed?pb=!1m14!1m8!1m3!1d7022.734108356095!2d-71.444211!3d41.823101!3m2!1i1024!2i768!4f13.1!3m3!1m2!1s0x89e4459692b7da0b%3A0xaa4f4d3aa8707a24!2sFlorence%20St%2C%20Providence%2C%20RI%2002909!5e1!3m2!1sen!2sus!4v1725472215253!5m2!1sen!2sus\" width=\"600\" height=\"450\" style=\"border:0;\" allowfullscreen=\"\" loading=\"lazy\" referrerpolicy=\"no-referrer-when-downgrade\"><\/iframe><\/p>\n<div class=\"m-block m-generic-cta\t m-generic-cta--post-content\t m-generic-cta--dark\t m-generic-cta--homepage\t m-generic-cta--email-signup\t\t m-generic-cta-block-style--default \tt-amp__generic-cta\"><\/p>\n<div class=\"m-generic-cta__wrap\">\n<div class=\"m-generic-cta__content\">\n<h3 class=\"m-generic-cta__title\">Boston.com Hoje<\/h3>\n<p class=\"m-generic-cta__subtitle\">Inscreva-se para receber as \u00faltimas manchetes na sua caixa de entrada todas as manh\u00e3s.<\/p>\n<\/p><\/div>\n<\/p><\/div>\n<\/div><\/div>\n<p><script>\n\t\tvar consent=\"grant\";\n\t\t\/* The above code is parsing the JSON data from the local storage and storing it in a variable. *\/\n\t\t\t\t\tconst onetrustStorageConsent = JSON.parse(localStorage.getItem( 'consent_one_trust_bdc' ) );\n\t\t\tif ( ( onetrustStorageConsent !== null ) ) {\n\t\t\t\t\/* Checking to see if the user has consented to the use of cookies.\n\t\t\t\t* If they have not, it is deleting the cookie.\n\t\t\t\t* This will comment for now, until further notice.\n\t\t\t\t*\/\n\t\t\t\t\/\/if ( onetrustStorageConsent.C0002 === false ) {\n\t\t\t\t\/\/\tdocument.cookie=\"_fbp=;expires=Thu, 01 Jan 2010 00:00:00 UTC; path=\/; domain=.boston.com\";\n\t\t\t\t\/\/}\n\t\t\t\t\/* Checking if the user has given consent for the cookie C0002.\n\t\t\t\t* If the user has given consent, the variable consent will be set to 'grant'.\n\t\t\t\t* If the user has not given consent,the variable consent will be set to 'revoke'.\n\t\t\t\t* Documentation https:\/\/developers.facebook.com\/docs\/meta-pixel\/implementation\/gdpr\n\t\t\t\t*\/\n\t\t\t\tif ( onetrustStorageConsent.C0002 !== true ) {\n\t\t\t\t\tconsent=\"revoke\";\n\t\t\t\t}\n\t\t\t}\n\t\t\t\t!function(f,b,e,v,n,t,s)\n\t\t{if(f.fbq)return;n=f.fbq=function(){n.callMethod?\n\t\tn.callMethod.apply(n,arguments):n.queue.push(arguments)};\n\t\tif(!f._fbq)f._fbq=n;n.push=n;n.loaded=!0;n.version='2.0';\n\t\tn.queue=[];t=b.createElement(e);t.async=!0;\n\t\tt.src=v;s=b.getElementsByTagName(e)[0];\n\t\ts.parentNode.insertBefore(t,s)}(window, document,'script',\n\t\t'https:\/\/connect.facebook.net\/en_US\/fbevents.js');\n\t\tfbq('consent', consent);\n\t\tfbq('init', '989222871864976');\n\t\tfbq('track', 'PageView');\n\t<\/script><script type=\"module\">\n\t\tvar consent=\"grant\";\n\t\t\/* The above code is parsing the JSON data from the local storage and storing it in a variable. *\/\n\t\t\tconst onetrustStorageConsent = JSON.parse(localStorage.getItem( 'consent_one_trust_bdc' ) );\n\t\t\t\/* Checking to see if the user has consented to the use of cookies.\n\t\t\t* If they have not, it is deleting the cookie.\n\t\t\t* This will comment for now, until further notice.\n\t\t\t*\/\n\t\t\t\/\/if ( onetrustStorageConsent.C0002 === false ) {\n\t\t\t\/\/\tdocument.cookie=\"_fbp=;expires=Thu, 01 Jan 2010 00:00:00 UTC; path=\/; domain=.boston.com\";\n\t\t\t\/\/}\n\t\t\t\/* Checking if the user has given consent for the cookie C0002.\n\t\t\t* If the user has given consent, the variable consent will be set to 'grant'.\n\t\t\t* If the user has not given consent,the variable consent will be set to 'revoke'.\n\t\t\t* Documentation https:\/\/developers.facebook.com\/docs\/meta-pixel\/implementation\/gdpr\n\t\t\t*\/\n\t\t\tif ( ( onetrustStorageConsent !== null ) && (onetrustStorageConsent.C0002 !== true ) ) {\n\t\t\t\tconsent=\"revoke\";\n\t\t\t}\n\t\t\t\t!function(f,b,e,v,n,t,s){if(f.fbq)return;n=f.fbq=function()\n\t\t{n.callMethod? n.callMethod.apply(n,arguments):n.queue.push(arguments)}\n\t\t;if(!f._fbq)f._fbq=n;\n\t\tn.push=n;n.loaded=!0;n.version='2.0';n.queue=[];t=b.createElement(e);t.async=!0;\n\t\tt.src=v;s=b.getElementsByTagName(e)[0];s.parentNode.insertBefore(t,s)}(window,\n\t\tdocument,'script','https:\/\/connect.facebook.net\/en_US\/fbevents.js');\n\t\tfbq('consent', consent);\n\t\tfbq('init', '813236348753005');\n\t\tfbq('track', \"PageView\");\n\t<\/script><br \/>\n<br \/><br \/>\n<br \/><a href=\"https:\/\/www.boston.com\/news\/crime\/2024\/09\/04\/father-was-target-of-shooting-that-killed-girl-in-providence-prosecutors-say\/\">Source link <\/a><\/p>","protected":false},"excerpt":{"rendered":"<p>Crime Ny&#8217;eil Pires \u201clutou por sua vida\u201d antes de sucumbir aos ferimentos, disse o procurador-geral adjunto especial. Os promotores dizem que os dois atiradores que atiraram e mataram uma menina&hellip;<\/p>","protected":false},"author":1,"featured_media":31917,"comment_status":"closed","ping_status":"open","sticky":false,"template":"","format":"standard","meta":{"content-type":"","footnotes":""},"categories":[1],"tags":[],"class_list":["post-31916","post","type-post","status-publish","format-standard","has-post-thumbnail","hentry","category-uncategorized"],"_links":{"self":[{"href":"https:\/\/tvbrazilusa.com\/pt\/wp-json\/wp\/v2\/posts\/31916","targetHints":{"allow":["GET"]}}],"collection":[{"href":"https:\/\/tvbrazilusa.com\/pt\/wp-json\/wp\/v2\/posts"}],"about":[{"href":"https:\/\/tvbrazilusa.com\/pt\/wp-json\/wp\/v2\/types\/post"}],"author":[{"embeddable":true,"href":"https:\/\/tvbrazilusa.com\/pt\/wp-json\/wp\/v2\/users\/1"}],"replies":[{"embeddable":true,"href":"https:\/\/tvbrazilusa.com\/pt\/wp-json\/wp\/v2\/comments?post=31916"}],"version-history":[{"count":1,"href":"https:\/\/tvbrazilusa.com\/pt\/wp-json\/wp\/v2\/posts\/31916\/revisions"}],"predecessor-version":[{"id":31918,"href":"https:\/\/tvbrazilusa.com\/pt\/wp-json\/wp\/v2\/posts\/31916\/revisions\/31918"}],"wp:featuredmedia":[{"embeddable":true,"href":"https:\/\/tvbrazilusa.com\/pt\/wp-json\/wp\/v2\/media\/31917"}],"wp:attachment":[{"href":"https:\/\/tvbrazilusa.com\/pt\/wp-json\/wp\/v2\/media?parent=31916"}],"wp:term":[{"taxonomy":"category","embeddable":true,"href":"https:\/\/tvbrazilusa.com\/pt\/wp-json\/wp\/v2\/categories?post=31916"},{"taxonomy":"post_tag","embeddable":true,"href":"https:\/\/tvbrazilusa.com\/pt\/wp-json\/wp\/v2\/tags?post=31916"}],"curies":[{"name":"wp","href":"https:\/\/api.w.org\/{rel}","templated":true}]}}