{"id":31951,"date":"2024-09-04T21:31:39","date_gmt":"2024-09-04T21:31:39","guid":{"rendered":"https:\/\/tvbrazilusa.com\/2024\/09\/04\/deputada-estadual-de-cambridge-parece-manter-seu-assento-apos-desafiante-declarar-vitoria\/"},"modified":"2024-09-04T21:41:43","modified_gmt":"2024-09-04T21:41:43","slug":"deputada-estadual-de-cambridge-parece-manter-seu-assento-apos-desafiante-declarar-vitoria","status":"publish","type":"post","link":"https:\/\/tvbrazilusa.com\/pt\/2024\/09\/04\/deputada-estadual-de-cambridge-parece-manter-seu-assento-apos-desafiante-declarar-vitoria\/","title":{"rendered":"Deputada estadual de Cambridge parece manter seu assento ap\u00f3s desafiante declarar vit\u00f3ria"},"content":{"rendered":"<p> <script async src=\"https:\/\/pagead2.googlesyndication.com\/pagead\/js\/adsbygoogle.js?client=ca-pub-8864793242727901\"\r\n     crossorigin=\"anonymous\"><\/script><br \/>\n<\/p>\n<div id=\"\">\n<header class=\"m-article-header m-article-header--standard\">\n\t\t\t\t\t\t\t\t\t\t\t\t<span id=\"article-header-primary-term\"><br \/>\n\t\t\t\t\t\t\t\t<a class=\"a-term a-term--primary\" href=\"https:\/\/www.boston.com\/tag\/politics\/\"><\/p>\n<p>\t\t\t\t\t\t\t\tPol\u00edtica\t\t\t\t\t\t\t\t<\/a><br \/>\n\t\t\t\t\t\t\t<\/span><\/p>\n<h2 class=\"m-article-header__sub-headline\">O estudante de p\u00f3s-gradua\u00e7\u00e3o Evan MacKay teria declarado vit\u00f3ria na ter\u00e7a-feira \u00e0 noite, mas novos resultados na quarta-feira indicam que o deputado estadual Majorie Decker permanecer\u00e1 na legislatura estadual.<\/h2>\n<figure class=\"a-photo m-article-header__photo\"><figcaption class=\"a-photo__caption\">\n<p>\tA atual Marjorie Decker fez um discurso de concess\u00e3o em Cambridge na ter\u00e7a-feira \u00e0 noite. Novos resultados na quarta-feira sinalizaram que ela permanecer\u00e1 na legislatura. <em> (Danielle Parhizkaran\/Equipe Globe)<\/em>\t<\/figcaption><\/figure>\n<\/header>\n<p>A deputada estadual Marjorie Decker manter\u00e1 seu assento na legislatura estadual representando Cambridge ap\u00f3s uma disputa democrata acirrada. <a href=\"https:\/\/www.boston.com\/news\/politics\/2024\/09\/03\/live-updates-massachusetts-sept-3-primary-election-results\/\">ter\u00e7a-feira prim\u00e1ria<\/a> entre ela e um estudante de p\u00f3s-gradua\u00e7\u00e3o e organizador progressista da Universidade de Harvard.<\/p>\n<p>Apesar de supostamente ter declarado vit\u00f3ria na ter\u00e7a-feira \u00e0 noite, o desafiante Evan MacKay n\u00e3o obteve votos suficientes para desbancar Decker, de acordo com os resultados divulgados na quarta-feira.<\/p>\n<p>Decker representa o 25\u00ba Distrito de Middlesex desde 2012.<\/p>\n<p>De acordo com o novo n\u00e3o oficial <a href=\"https:\/\/www.cambridgema.gov\/-\/media\/Files\/electioncommission\/2024stateprimary\/25thmiddlesex942024.pdf\">resultados<\/a>Decker venceu com 3.472 votos contra 3.431 de MacKay. <\/p>\n<p>Decker n\u00e3o ter\u00e1 um desafiante republicano em novembro, ent\u00e3o as prim\u00e1rias de ter\u00e7a-feira praticamente garantem que ela permane\u00e7a na legislatura estadual.<\/p>\n<p>A Comiss\u00e3o Eleitoral de Cambridge compartilhou resultados n\u00e3o oficiais na ter\u00e7a-feira, sinalizando que MacKay venceu com 3.354 votos contra 3.314 de Decker. A comiss\u00e3o ent\u00e3o se reuniu na quarta-feira \u00e0 tarde para revisar as c\u00e9dulas provis\u00f3rias e contar manualmente cerca de 250 outras c\u00e9dulas.<\/p>\n<div class=\"wp-block-image\">\n<figure class=\"alignright size-full is-resized\"><img fetchpriority=\"high\" decoding=\"async\" width=\"2560\" height=\"1707\" src=\"https:\/\/bdc2020.o0bc.com\/wp-content\/uploads\/2024\/09\/6SJEIZCMLWJNA4TCXSABB2WAK4-66d8c92a0784c-scaled.jpg\" alt=\"\" class=\"wp-image-31562221\" style=\"width:400px;height:auto\" srcset=\"https:\/\/bdc2020.o0bc.com\/wp-content\/uploads\/2024\/09\/6SJEIZCMLWJNA4TCXSABB2WAK4-66d8c92a0784c-scaled.jpg?width=200 200w, https:\/\/bdc2020.o0bc.com\/wp-content\/uploads\/2024\/09\/6SJEIZCMLWJNA4TCXSABB2WAK4-66d8c92a0784c-scaled.jpg?width=300 300w, https:\/\/bdc2020.o0bc.com\/wp-content\/uploads\/2024\/09\/6SJEIZCMLWJNA4TCXSABB2WAK4-66d8c92a0784c-scaled.jpg?width=400 400w, https:\/\/bdc2020.o0bc.com\/wp-content\/uploads\/2024\/09\/6SJEIZCMLWJNA4TCXSABB2WAK4-66d8c92a0784c-scaled.jpg?width=500 500w, https:\/\/bdc2020.o0bc.com\/wp-content\/uploads\/2024\/09\/6SJEIZCMLWJNA4TCXSABB2WAK4-66d8c92a0784c-scaled.jpg?width=600 600w, https:\/\/bdc2020.o0bc.com\/wp-content\/uploads\/2024\/09\/6SJEIZCMLWJNA4TCXSABB2WAK4-66d8c92a0784c-scaled.jpg?width=700 700w, https:\/\/bdc2020.o0bc.com\/wp-content\/uploads\/2024\/09\/6SJEIZCMLWJNA4TCXSABB2WAK4-66d8c92a0784c-scaled.jpg?width=800 800w, https:\/\/bdc2020.o0bc.com\/wp-content\/uploads\/2024\/09\/6SJEIZCMLWJNA4TCXSABB2WAK4-66d8c92a0784c-scaled.jpg?width=900 900w\" sizes=\"(max-width: 2560px) 100vw, 2560px\"\/><figcaption class=\"wp-element-caption\">Evan MacKay, candidato democrata \u00e0 reelei\u00e7\u00e3o como representante estadual no 25\u00ba Distrito de Middlesex, conversa com volunt\u00e1rios antes de fazer campanha em Cambridge em julho. <em>(Danielle Parhizkaran\/Equipe Globe)<\/em><\/figcaption><\/figure>\n<\/div>\n<p>Na noite das elei\u00e7\u00f5es, MacKay teria declarado vit\u00f3ria em seu partido em Cambridge, dizendo \u201cnosso movimento venceu esta elei\u00e7\u00e3o\u201d. <em>O Globo de Boston<\/em> <a href=\"https:\/\/www.bostonglobe.com\/2024\/09\/03\/metro\/massachusetts-primary-election-results\/\">relatado<\/a>. Decker n\u00e3o admitiu formalmente, e seu consultor de campanha disse ao <em>Globo<\/em> que a comemora\u00e7\u00e3o de MacKay foi precipitada.<\/p>\n<p>\u201cDeclarar vit\u00f3ria \u00e9 irrespons\u00e1vel\u201d, disse o consultor Jason Cincotti ao jornal. \u201c\u00c9 imprudente e incorreto. Estamos esperando que todos os votos sejam contados.\u201d<\/p>\n<p>O Dia de Cambridge <a href=\"https:\/\/www.cambridgeday.com\/2024\/09\/04\/incumbent-rep-marjorie-decker-keeps-her-seat-with-hand-count-of-ballots-from-state-primary\/\">relatado<\/a> que os resultados das elei\u00e7\u00f5es ser\u00e3o certificados at\u00e9 s\u00e1bado, mas que n\u00e3o se espera que as contagens mudem.<\/p>\n<p>Nenhum dos candidatos retornou um pedido de coment\u00e1rio na tarde de quarta-feira.<\/p>\n<div class=\"m-block m-generic-cta\t m-generic-cta--post-content\t m-generic-cta--dark\t m-generic-cta--homepage\t m-generic-cta--email-signup\t\t m-generic-cta-block-style--default \tt-amp__generic-cta\"><\/p>\n<div class=\"m-generic-cta__wrap\">\n<div class=\"m-generic-cta__content\">\n<h3 class=\"m-generic-cta__title\">Boston.com Hoje<\/h3>\n<p class=\"m-generic-cta__subtitle\">Inscreva-se para receber as \u00faltimas manchetes na sua caixa de entrada todas as manh\u00e3s.<\/p>\n<\/p><\/div>\n<\/p><\/div>\n<\/div><\/div>\n<p><script>\n\t\tvar consent=\"grant\";\n\t\t\/* The above code is parsing the JSON data from the local storage and storing it in a variable. *\/\n\t\t\t\t\tconst onetrustStorageConsent = JSON.parse(localStorage.getItem( 'consent_one_trust_bdc' ) );\n\t\t\tif ( ( onetrustStorageConsent !== null ) ) {\n\t\t\t\t\/* Checking to see if the user has consented to the use of cookies.\n\t\t\t\t* If they have not, it is deleting the cookie.\n\t\t\t\t* This will comment for now, until further notice.\n\t\t\t\t*\/\n\t\t\t\t\/\/if ( onetrustStorageConsent.C0002 === false ) {\n\t\t\t\t\/\/\tdocument.cookie=\"_fbp=;expires=Thu, 01 Jan 2010 00:00:00 UTC; path=\/; domain=.boston.com\";\n\t\t\t\t\/\/}\n\t\t\t\t\/* Checking if the user has given consent for the cookie C0002.\n\t\t\t\t* If the user has given consent, the variable consent will be set to 'grant'.\n\t\t\t\t* If the user has not given consent,the variable consent will be set to 'revoke'.\n\t\t\t\t* Documentation https:\/\/developers.facebook.com\/docs\/meta-pixel\/implementation\/gdpr\n\t\t\t\t*\/\n\t\t\t\tif ( onetrustStorageConsent.C0002 !== true ) {\n\t\t\t\t\tconsent=\"revoke\";\n\t\t\t\t}\n\t\t\t}\n\t\t\t\t!function(f,b,e,v,n,t,s)\n\t\t{if(f.fbq)return;n=f.fbq=function(){n.callMethod?\n\t\tn.callMethod.apply(n,arguments):n.queue.push(arguments)};\n\t\tif(!f._fbq)f._fbq=n;n.push=n;n.loaded=!0;n.version='2.0';\n\t\tn.queue=[];t=b.createElement(e);t.async=!0;\n\t\tt.src=v;s=b.getElementsByTagName(e)[0];\n\t\ts.parentNode.insertBefore(t,s)}(window, document,'script',\n\t\t'https:\/\/connect.facebook.net\/en_US\/fbevents.js');\n\t\tfbq('consent', consent);\n\t\tfbq('init', '989222871864976');\n\t\tfbq('track', 'PageView');\n\t<\/script><script type=\"module\">\n\t\tvar consent=\"grant\";\n\t\t\/* The above code is parsing the JSON data from the local storage and storing it in a variable. *\/\n\t\t\tconst onetrustStorageConsent = JSON.parse(localStorage.getItem( 'consent_one_trust_bdc' ) );\n\t\t\t\/* Checking to see if the user has consented to the use of cookies.\n\t\t\t* If they have not, it is deleting the cookie.\n\t\t\t* This will comment for now, until further notice.\n\t\t\t*\/\n\t\t\t\/\/if ( onetrustStorageConsent.C0002 === false ) {\n\t\t\t\/\/\tdocument.cookie=\"_fbp=;expires=Thu, 01 Jan 2010 00:00:00 UTC; path=\/; domain=.boston.com\";\n\t\t\t\/\/}\n\t\t\t\/* Checking if the user has given consent for the cookie C0002.\n\t\t\t* If the user has given consent, the variable consent will be set to 'grant'.\n\t\t\t* If the user has not given consent,the variable consent will be set to 'revoke'.\n\t\t\t* Documentation https:\/\/developers.facebook.com\/docs\/meta-pixel\/implementation\/gdpr\n\t\t\t*\/\n\t\t\tif ( ( onetrustStorageConsent !== null ) && (onetrustStorageConsent.C0002 !== true ) ) {\n\t\t\t\tconsent=\"revoke\";\n\t\t\t}\n\t\t\t\t!function(f,b,e,v,n,t,s){if(f.fbq)return;n=f.fbq=function()\n\t\t{n.callMethod? n.callMethod.apply(n,arguments):n.queue.push(arguments)}\n\t\t;if(!f._fbq)f._fbq=n;\n\t\tn.push=n;n.loaded=!0;n.version='2.0';n.queue=[];t=b.createElement(e);t.async=!0;\n\t\tt.src=v;s=b.getElementsByTagName(e)[0];s.parentNode.insertBefore(t,s)}(window,\n\t\tdocument,'script','https:\/\/connect.facebook.net\/en_US\/fbevents.js');\n\t\tfbq('consent', consent);\n\t\tfbq('init', '813236348753005');\n\t\tfbq('track', \"PageView\");\n\t<\/script><br \/>\n<br \/><br \/>\n<br \/><a href=\"https:\/\/www.boston.com\/news\/politics\/2024\/09\/04\/cambridge-state-rep-appears-to-keeps-her-seat-after-challenger-declares-victory\/\">Source link <\/a><\/p>","protected":false},"excerpt":{"rendered":"<p>Pol\u00edtica O estudante de p\u00f3s-gradua\u00e7\u00e3o Evan MacKay teria declarado vit\u00f3ria na ter\u00e7a-feira \u00e0 noite, mas novos resultados na quarta-feira indicam que o deputado estadual Majorie Decker permanecer\u00e1 na legislatura estadual.&hellip;<\/p>","protected":false},"author":1,"featured_media":31952,"comment_status":"closed","ping_status":"open","sticky":false,"template":"","format":"standard","meta":{"content-type":"","footnotes":""},"categories":[1],"tags":[],"class_list":["post-31951","post","type-post","status-publish","format-standard","has-post-thumbnail","hentry","category-uncategorized"],"_links":{"self":[{"href":"https:\/\/tvbrazilusa.com\/pt\/wp-json\/wp\/v2\/posts\/31951","targetHints":{"allow":["GET"]}}],"collection":[{"href":"https:\/\/tvbrazilusa.com\/pt\/wp-json\/wp\/v2\/posts"}],"about":[{"href":"https:\/\/tvbrazilusa.com\/pt\/wp-json\/wp\/v2\/types\/post"}],"author":[{"embeddable":true,"href":"https:\/\/tvbrazilusa.com\/pt\/wp-json\/wp\/v2\/users\/1"}],"replies":[{"embeddable":true,"href":"https:\/\/tvbrazilusa.com\/pt\/wp-json\/wp\/v2\/comments?post=31951"}],"version-history":[{"count":1,"href":"https:\/\/tvbrazilusa.com\/pt\/wp-json\/wp\/v2\/posts\/31951\/revisions"}],"predecessor-version":[{"id":31953,"href":"https:\/\/tvbrazilusa.com\/pt\/wp-json\/wp\/v2\/posts\/31951\/revisions\/31953"}],"wp:featuredmedia":[{"embeddable":true,"href":"https:\/\/tvbrazilusa.com\/pt\/wp-json\/wp\/v2\/media\/31952"}],"wp:attachment":[{"href":"https:\/\/tvbrazilusa.com\/pt\/wp-json\/wp\/v2\/media?parent=31951"}],"wp:term":[{"taxonomy":"category","embeddable":true,"href":"https:\/\/tvbrazilusa.com\/pt\/wp-json\/wp\/v2\/categories?post=31951"},{"taxonomy":"post_tag","embeddable":true,"href":"https:\/\/tvbrazilusa.com\/pt\/wp-json\/wp\/v2\/tags?post=31951"}],"curies":[{"name":"wp","href":"https:\/\/api.w.org\/{rel}","templated":true}]}}