{"id":31954,"date":"2024-09-04T21:40:08","date_gmt":"2024-09-04T21:40:08","guid":{"rendered":"https:\/\/tvbrazilusa.com\/2024\/09\/04\/exigencias-progressistas-o-plano-de-expansao-de-banda-larga-do-governo-biden-harris-nao-conectou-nenhum-americano-paulo-figueiredo\/"},"modified":"2024-09-04T21:48:50","modified_gmt":"2024-09-04T21:48:50","slug":"exigencias-progressistas-o-plano-de-expansao-de-banda-larga-do-governo-biden-harris-nao-conectou-nenhum-americano-paulo-figueiredo","status":"publish","type":"post","link":"https:\/\/tvbrazilusa.com\/pt\/2024\/09\/04\/exigencias-progressistas-o-plano-de-expansao-de-banda-larga-do-governo-biden-harris-nao-conectou-nenhum-americano-paulo-figueiredo\/","title":{"rendered":"Exig\u00eancias Progressistas: O plano de expans\u00e3o de banda larga do governo Biden-Harris n\u00e3o conectou nenhum americano &#8211; Paulo Figueiredo"},"content":{"rendered":"<p> <script async src=\"https:\/\/pagead2.googlesyndication.com\/pagead\/js\/adsbygoogle.js?client=ca-pub-8864793242727901\"\r\n     crossorigin=\"anonymous\"><\/script><br \/>\n<\/p>\n<div id=\"wtr-content\" data-bg=\"#FFFFFF\" data-fg=\"#006d91\" data-width=\"25\" data-mute=\"1\" data-fgopacity=\"1.00\" data-mutedopacity=\"0.5\" data-placement=\"bottom\" data-placement-offset=\"0\" data-content-offset=\"262\" data-placement-touch=\"bottom\" data-placement-offset-touch=\"0\" data-transparent=\"\" data-shadow=\"0\" data-touch=\"1\" data-non-touch=\"1\" data-comments=\"0\" data-commentsbg=\"transparent\" data-location=\"page\" data-mutedfg=\"#006d91\" data-endfg=\"#006d91\" data-rtl=\"\">\n<pre class=\"wp-block-preformatted has-small-font-size\">Foto - Cameron Smith<\/pre>\n<p>As exig\u00eancias progressistas t\u00eam atrasado a expans\u00e3o da banda larga promovida pela administra\u00e7\u00e3o Biden-Harris, resultando no fato de que nenhum americano foi conectado 1.024 dias ap\u00f3s a aprova\u00e7\u00e3o do projeto de infraestrutura.<\/p>\n<p>Inclu\u00eddo no projeto de lei de US$ 1,2 trilh\u00e3o para Investimento em Infraestrutura e Empregos est\u00e1 um fundo de US$ 42,5 bilh\u00f5es destinado a expandir drasticamente o acesso \u00e0 internet nos Estados Unidos, conhecido como Programa de Equidade, Acesso e Implanta\u00e7\u00e3o de Banda Larga (BEAD). No entanto, esse programa falhou em conectar qualquer pessoa desde que o projeto foi aprovado.<\/p>\n<p>Durante o discurso sobre o Estado da Uni\u00e3o em 2021, o presidente Joe Biden designou a vice-presidente Kamala Harris para liderar o esfor\u00e7o, afirmando que \u201csabia que seria conclu\u00eddo\u201d. Biden chegou a comparar o programa de banda larga ao que Franklin Delano Roosevelt fez com a eletricidade durante o discurso na Conven\u00e7\u00e3o Nacional Democrata em agosto.<\/p>\n<p>Apesar das declara\u00e7\u00f5es otimistas de Biden, Harris e senadores democratas sobre o sucesso do programa, alguns ativistas progressistas consideram a iniciativa uma oportunidade perdida, especialmente com as elei\u00e7\u00f5es de 2024 se aproximando. Lynlee Thorne, diretora pol\u00edtica do grupo de campanha democrata Rural Groundgame, afirmou: \u201cAs pessoas precisam ver resultados concretos. J\u00e1 passamos do ponto de conquistar votos apenas com promessas.\u201d<\/p>\n<p>Senadores republicanos, como JD Vance (R-OH), que foi indicado \u00e0 vice-presid\u00eancia por Donald Trump, destacaram que o programa pode estar sendo prejudicado pelas exig\u00eancias progressistas da administra\u00e7\u00e3o Biden-Harris, que incluem:<\/p>\n<ul class=\"wp-block-list\">\n<li>Requisitos trabalhistas onerosos que discriminam trabalhadores de forma a negar comunidades, especialmente em \u00e1reas rurais, o acesso a servi\u00e7os de banda larga confi\u00e1veis;<\/li>\n<li>Incentivo a redes governamentais em detrimento de investimentos privados;<\/li>\n<li>Proibi\u00e7\u00e3o de projetos que n\u00e3o utilizem fibra \u00f3ptica de receber financiamento do BEAD, priorizando a implanta\u00e7\u00e3o de cabos de fibra \u00f3ptica em vez da internet sem fio;<\/li>\n<li>Exig\u00eancias para acessibilidade e regula\u00e7\u00e3o de tarifas, o que causou atrasos significativos na implanta\u00e7\u00e3o da banda larga na Virg\u00ednia;<\/li>\n<li>Os projetos eleg\u00edveis devem considerar riscos relacionados ao clima, algo que n\u00e3o estava previsto no texto original do projeto de infraestrutura;<\/li>\n<li>Um processo inconsistente de isen\u00e7\u00e3o para garantir a r\u00e1pida compra de produtos e suprimentos de banda larga de trabalhadores e empresas americanas.<\/li>\n<\/ul>\n<p>As exig\u00eancias do programa de banda larga levaram mais de 30 executivos do setor de telecomunica\u00e7\u00f5es a reclamar com a secret\u00e1ria de Com\u00e9rcio, Gina Raimondo, alegando que a exig\u00eancia de acessibilidade prejudicava o sucesso do BEAD.<\/p>\n<p>\u201cN\u00f3s e nossos membros queremos sinceramente que esse programa funcione, mas acreditamos que a administra\u00e7\u00e3o de sua ag\u00eancia sobre a exig\u00eancia de servi\u00e7os de baixo custo coloca o sucesso geral do BEAD em risco\u201d, escreveram os executivos de telecomunica\u00e7\u00f5es ao gabinete de Biden-Harris.<\/p>\n<p>Misty Ann Giles, chefe do Departamento de Administra\u00e7\u00e3o de Montana e respons\u00e1vel pelos esfor\u00e7os de banda larga no estado, comentou: \u201c\u00c9 meu trabalho dizer \u00e0s empresas quanto elas devem cobrar? Eu diria que n\u00e3o.\u201d Ela ainda acrescentou que o governo Biden-Harris est\u00e1 \u201cimpondo uma pol\u00edtica social\u201d.<\/p>\n<p>Essas exig\u00eancias rigorosas podem permitir que uma futura administra\u00e7\u00e3o de Trump reescreva as regras de implanta\u00e7\u00e3o do BEAD, facilitando a expans\u00e3o da banda larga.<\/p>\n<p>\u201cTalvez nem precisemos levantar quest\u00f5es sobre regula\u00e7\u00e3o de tarifas\u201d, disse o deputado Bob Latta (R-OH), presidente do subcomit\u00ea de telecomunica\u00e7\u00f5es da C\u00e2mara de Energia e Com\u00e9rcio.<\/p>\n<p>Thorne lamentou que as v\u00e1rias exig\u00eancias da administra\u00e7\u00e3o Biden-Harris tenham dificultado o progresso da expans\u00e3o do acesso \u00e0 banda larga. \u201cColocamos essas barreiras rid\u00edculas para realmente entregar isso \u00e0s pessoas\u201d, disse Thorne. \u201cO que as pessoas precisam ver s\u00e3o os projetos em andamento, com obras de fato.\u201d<\/p>\n<p><strong><a href=\"https:\/\/www.breitbart.com\/politics\/2024\/09\/04\/biden-harris-broadband-push-connects-zero-americans-thanks-progressive-mandates\/\">Source link<\/a><\/strong><\/p>\n<\/div>\n<p><br \/>\n<br \/><a href=\"https:\/\/paulofigueiredoshow.com\/exigencias-progressistas-o-plano-de-expansao-de-banda-larga-do-governo-biden-harris-nao-conectou-nenhum-americano\/\">Source link <\/a><\/p>","protected":false},"excerpt":{"rendered":"<p>Foto &#8211; Cameron Smith As exig\u00eancias progressistas t\u00eam atrasado a expans\u00e3o da banda larga promovida pela administra\u00e7\u00e3o Biden-Harris, resultando no fato de que nenhum americano foi conectado 1.024 dias ap\u00f3s&hellip;<\/p>","protected":false},"author":1,"featured_media":13503,"comment_status":"closed","ping_status":"open","sticky":false,"template":"","format":"standard","meta":{"content-type":"","footnotes":""},"categories":[16],"tags":[17751,17752,747,1534,592,336,1535],"class_list":["post-31954","post","type-post","status-publish","format-standard","has-post-thumbnail","hentry","category-noticias","tag-banda-larga","tag-bead","tag-biden","tag-democratas","tag-eua","tag-governo","tag-kamala"],"_links":{"self":[{"href":"https:\/\/tvbrazilusa.com\/pt\/wp-json\/wp\/v2\/posts\/31954","targetHints":{"allow":["GET"]}}],"collection":[{"href":"https:\/\/tvbrazilusa.com\/pt\/wp-json\/wp\/v2\/posts"}],"about":[{"href":"https:\/\/tvbrazilusa.com\/pt\/wp-json\/wp\/v2\/types\/post"}],"author":[{"embeddable":true,"href":"https:\/\/tvbrazilusa.com\/pt\/wp-json\/wp\/v2\/users\/1"}],"replies":[{"embeddable":true,"href":"https:\/\/tvbrazilusa.com\/pt\/wp-json\/wp\/v2\/comments?post=31954"}],"version-history":[{"count":1,"href":"https:\/\/tvbrazilusa.com\/pt\/wp-json\/wp\/v2\/posts\/31954\/revisions"}],"predecessor-version":[{"id":31955,"href":"https:\/\/tvbrazilusa.com\/pt\/wp-json\/wp\/v2\/posts\/31954\/revisions\/31955"}],"wp:featuredmedia":[{"embeddable":true,"href":"https:\/\/tvbrazilusa.com\/pt\/wp-json\/wp\/v2\/media\/13503"}],"wp:attachment":[{"href":"https:\/\/tvbrazilusa.com\/pt\/wp-json\/wp\/v2\/media?parent=31954"}],"wp:term":[{"taxonomy":"category","embeddable":true,"href":"https:\/\/tvbrazilusa.com\/pt\/wp-json\/wp\/v2\/categories?post=31954"},{"taxonomy":"post_tag","embeddable":true,"href":"https:\/\/tvbrazilusa.com\/pt\/wp-json\/wp\/v2\/tags?post=31954"}],"curies":[{"name":"wp","href":"https:\/\/api.w.org\/{rel}","templated":true}]}}