{"id":31956,"date":"2024-09-04T21:44:04","date_gmt":"2024-09-04T21:44:04","guid":{"rendered":"https:\/\/tvbrazilusa.com\/2024\/09\/04\/bill-belichick-se-junta-oficialmente-ao-instagram-ou-instaface-como-ele-o-chamou\/"},"modified":"2024-09-04T21:54:06","modified_gmt":"2024-09-04T21:54:06","slug":"bill-belichick-se-junta-oficialmente-ao-instagram-ou-instaface-como-ele-o-chamou","status":"publish","type":"post","link":"https:\/\/tvbrazilusa.com\/pt\/2024\/09\/04\/bill-belichick-se-junta-oficialmente-ao-instagram-ou-instaface-como-ele-o-chamou\/","title":{"rendered":"Bill Belichick se junta oficialmente ao Instagram\u2026 ou &#8216;InstaFace&#8217;, como ele o chamou"},"content":{"rendered":"<p> <script async src=\"https:\/\/pagead2.googlesyndication.com\/pagead\/js\/adsbygoogle.js?client=ca-pub-8864793242727901\"\r\n     crossorigin=\"anonymous\"><\/script><br \/>\n<\/p>\n<div id=\"\">\n<header class=\"m-article-header m-article-header--standard\">\n\t\t\t\t\t\t\t\t\t\t\t\t<span id=\"article-header-primary-term\"><br \/>\n\t\t\t\t\t\t\t\t<a class=\"a-term a-term--primary\" href=\"https:\/\/www.boston.com\/tag\/new-england-patriots\/\"><\/p>\n<p>\t\t\t\t\t\t\t\tPatriotas\t\t\t\t\t\t\t\t<\/a><br \/>\n\t\t\t\t\t\t\t<\/span><\/p>\n<h2 class=\"m-article-header__sub-headline\">&#8220;Ol\u00e1 a todos. Surpresos em me ver aqui? Eu tamb\u00e9m.&#8221;<\/h2>\n<figure class=\"a-photo m-article-header__photo\"><figcaption class=\"a-photo__caption\">\n<p>\tBill Belichick est\u00e1 oficialmente se juntando \u00e0s m\u00eddias sociais antes da temporada de 2024 da NFL. <em>  Matthew J. Lee \/ The Boston Globe<\/em>\t<\/figcaption><\/figure>\n<\/header>\n<p>Bill Belichick tem oito t\u00edtulos do Super Bowl em seu curr\u00edculo como treinador da NFL, gra\u00e7as ao imenso conhecimento do jogo, ao trabalho meticuloso de prepara\u00e7\u00e3o e \u00e0 capacidade de desvendar aparentemente os maiores pontos fortes de qualquer time advers\u00e1rio. <\/p>\n<p>Mas, apesar de toda a sua experi\u00eancia na sala de cinema e na lateral do campo, ele n\u00e3o \u00e9 exatamente<a href=\"https:\/\/www.youtube.com\/watch?v=wFHLVGeQmV8\" target=\"_blank\" rel=\"noreferrer noopener\"> um f\u00e3 de tecnologia<\/a>nem \u00e9 um especialista em m\u00eddias sociais. <\/p>\n<p>\u201cEu realmente n\u00e3o sei nem me importo com m\u00eddias sociais\u201d, Belichick<a target=\"_blank\" href=\"https:\/\/www.boston.com\/sports\/new-england-patriots\/2021\/09\/17\/bill-belichick-social-media-damien-harris-fumble\/\" rel=\"noreferrer noopener\"> disse em setembro de 2021.<\/a> \u201cEu nem sei o que est\u00e1 l\u00e1 fora ou n\u00e3o, ent\u00e3o isso \u00e9 irrelevante para mim. N\u00e3o importa. Jog\u00e1vamos futebol antes de existirem as m\u00eddias sociais, e isso tamb\u00e9m n\u00e3o importava naquela \u00e9poca.\u201d<\/p>\n<figure class=\"wp-block-embed is-type-rich is-provider-twitter wp-block-embed-twitter\"\/>\n<p>Mas depois de anos ignorando as m\u00eddias sociais <a href=\"https:\/\/www.youtube.com\/watch?v=x7U2ew9nMxo\" target=\"_blank\" rel=\"noreferrer noopener\">e sites como \u201cSnapFace\u201d,<\/a> Belichick parece estar se adaptando aos tempos em sua nova fun\u00e7\u00e3o como analista de futebol e personalidade da TV. <\/p>\n<p>O ex-t\u00e9cnico principal dos Patriots <a href=\"https:\/\/x.com\/PatMcAfeeShow\/status\/1831404629508469085\" target=\"_blank\" rel=\"noreferrer noopener\">anunciado durante sua apari\u00e7\u00e3o semanal no \u201cThe Pat McAfee Show\u201d <\/a>que ele estava oficialmente se juntando ao Instagram \u2014 ou como ele chamou no programa, \u201cInstaFace\u201d. <\/p>\n<p>Pouco depois de Belichick anunciar a not\u00edcia, um v\u00eddeo oficial foi publicado em sua conta oficial do Instagram. <\/p>\n<blockquote class=\"instagram-media\" data-instgrm-captioned=\"\" data-instgrm-permalink=\"https:\/\/www.instagram.com\/p\/C_gb4USJflM\/?utm_source=ig_embed&#038;utm_campaign=loading\" data-instgrm-version=\"14\" style=\" background:#FFF; border:0; border-radius:3px; box-shadow:0 0 1px 0 rgba(0,0,0,0.5),0 1px 10px 0 rgba(0,0,0,0.15); margin: 1px; max-width:540px; min-width:326px; padding:0; width:99.375%; width:-webkit-calc(100% - 2px); width:calc(100% - 2px);\"\/>\n<p>\u201cOl\u00e1 a todos. Surpresos em me ver aqui? Eu tamb\u00e9m\u201d, disse Belichick no v\u00eddeo. \u201cNos \u00faltimos meses e sem estar com um time, n\u00e3o tive oportunidades de expressar meus pensamentos em um momento de aviso. <\/p>\n<p>\u201cEnt\u00e3o agora estou mudando isso. Tentei entrar no SnapFace. N\u00e3o consegui encontr\u00e1-lo. Decidi que este era um bom lugar para eu pousar, para que eu pudesse falar com voc\u00eas e compartilhar o que estou fazendo. Porque h\u00e1 muita coisa acontecendo. Ent\u00e3o aqui estou.\u201d<\/p>\n<p>Na tarde de quarta-feira, Belichick segue 12 contas em sua p\u00e1gina do Instagram: Tom Brady, Peyton e Eli Manning, Pat McAfee, Omaha Productions, seu ex-assistente Berj Najarian, NFL Films, sua namorada Jordon Hudson, The 33rd Team e sua pr\u00f3pria funda\u00e7\u00e3o.<\/p>\n<p>Seja em aparelhos de TV, podcasts, transmiss\u00f5es de v\u00eddeo ou agora nas redes sociais, <a href=\"https:\/\/www.boston.com\/sports\/nfl\/2024\/08\/29\/bill-belichicks-media-blitz-will-be-more-expansive-than-anticipated\/\" target=\"_blank\" rel=\"noreferrer noopener\">Belichick ser\u00e1 um rosto conhecido em v\u00e1rios ve\u00edculos durante a temporada de 2024 da NFL. <\/a><\/p>\n<p>Junto com sua nova conta no Instagram, Belichick ir\u00e1:<\/p>\n<figure class=\"wp-block-embed is-type-rich is-provider-twitter wp-block-embed-twitter\">\n<div class=\"wp-block-embed__wrapper\">\n<blockquote class=\"twitter-tweet\" data-width=\"500\" data-dnt=\"true\">\n<p lang=\"en\" dir=\"ltr\">O que Bill Belichick tem reservado para esta temporada:<\/p>\n<p>\ud83c\udfc8Consultor estrat\u00e9gico com <a href=\"https:\/\/twitter.com\/The33rdTeamFB?ref_src=twsrc%5Etfw\">@The33rdTeamFB<\/a>.<\/p>\n<p>\ud83c\udfc8Ligado <a href=\"https:\/\/twitter.com\/PatMcAfeeShow?ref_src=twsrc%5Etfw\">@PatMcAfeeShow<\/a> uma vez por semana durante a temporada.<\/p>\n<p>\ud83c\udfc8No ManningCast com Peyton e Eli durante o primeiro tempo dos jogos.<\/p>\n<p>\ud83c\udfc8Programa semanal de sexta-feira com Peyton Manning analisando os pr\u00f3ximos\u2026 <a href=\"https:\/\/t.co\/K2Cv781OoM\">https:\/\/t.co\/K2Cv781OoM<\/a><\/p>\n<p>-Adam Schefter (@AdamSchefter) <a href=\"https:\/\/twitter.com\/AdamSchefter\/status\/1831299639783358733?ref_src=twsrc%5Etfw\">4 de setembro de 2024<\/a><\/p><\/blockquote>\n<\/div>\n<\/figure>\n<p>Tanto descanso e relaxamento durante a pausa de Belichick como treinador da NFL.<\/p>\n<div class=\"m-block m-generic-cta\t m-generic-cta--post-content\t m-generic-cta--dark\t m-generic-cta--homepage\t m-generic-cta--email-signup\t\t m-generic-cta-block-style--default \tt-amp__generic-cta\"><\/p>\n<div class=\"m-generic-cta__wrap\">\n<div class=\"m-generic-cta__content\">\n<h3 class=\"m-generic-cta__title\">Boston.com Hoje<\/h3>\n<p class=\"m-generic-cta__subtitle\">Inscreva-se para receber as \u00faltimas manchetes na sua caixa de entrada todas as manh\u00e3s.<\/p>\n<\/p><\/div>\n<\/p><\/div>\n<\/div><\/div>\n<p><script async src=\"\/\/platform.twitter.com\/widgets.js\" charset=\"utf-8\"><\/script><script>\n\t\tvar consent=\"grant\";\n\t\t\/* The above code is parsing the JSON data from the local storage and storing it in a variable. *\/\n\t\t\t\t\tconst onetrustStorageConsent = JSON.parse(localStorage.getItem( 'consent_one_trust_bdc' ) );\n\t\t\tif ( ( onetrustStorageConsent !== null ) ) {\n\t\t\t\t\/* Checking to see if the user has consented to the use of cookies.\n\t\t\t\t* If they have not, it is deleting the cookie.\n\t\t\t\t* This will comment for now, until further notice.\n\t\t\t\t*\/\n\t\t\t\t\/\/if ( onetrustStorageConsent.C0002 === false ) {\n\t\t\t\t\/\/\tdocument.cookie=\"_fbp=;expires=Thu, 01 Jan 2010 00:00:00 UTC; path=\/; domain=.boston.com\";\n\t\t\t\t\/\/}\n\t\t\t\t\/* Checking if the user has given consent for the cookie C0002.\n\t\t\t\t* If the user has given consent, the variable consent will be set to 'grant'.\n\t\t\t\t* If the user has not given consent,the variable consent will be set to 'revoke'.\n\t\t\t\t* Documentation https:\/\/developers.facebook.com\/docs\/meta-pixel\/implementation\/gdpr\n\t\t\t\t*\/\n\t\t\t\tif ( onetrustStorageConsent.C0002 !== true ) {\n\t\t\t\t\tconsent=\"revoke\";\n\t\t\t\t}\n\t\t\t}\n\t\t\t\t!function(f,b,e,v,n,t,s)\n\t\t{if(f.fbq)return;n=f.fbq=function(){n.callMethod?\n\t\tn.callMethod.apply(n,arguments):n.queue.push(arguments)};\n\t\tif(!f._fbq)f._fbq=n;n.push=n;n.loaded=!0;n.version='2.0';\n\t\tn.queue=[];t=b.createElement(e);t.async=!0;\n\t\tt.src=v;s=b.getElementsByTagName(e)[0];\n\t\ts.parentNode.insertBefore(t,s)}(window, document,'script',\n\t\t'https:\/\/connect.facebook.net\/en_US\/fbevents.js');\n\t\tfbq('consent', consent);\n\t\tfbq('init', '989222871864976');\n\t\tfbq('track', 'PageView');\n\t<\/script><script type=\"module\">\n\t\tvar consent=\"grant\";\n\t\t\/* The above code is parsing the JSON data from the local storage and storing it in a variable. *\/\n\t\t\tconst onetrustStorageConsent = JSON.parse(localStorage.getItem( 'consent_one_trust_bdc' ) );\n\t\t\t\/* Checking to see if the user has consented to the use of cookies.\n\t\t\t* If they have not, it is deleting the cookie.\n\t\t\t* This will comment for now, until further notice.\n\t\t\t*\/\n\t\t\t\/\/if ( onetrustStorageConsent.C0002 === false ) {\n\t\t\t\/\/\tdocument.cookie=\"_fbp=;expires=Thu, 01 Jan 2010 00:00:00 UTC; path=\/; domain=.boston.com\";\n\t\t\t\/\/}\n\t\t\t\/* Checking if the user has given consent for the cookie C0002.\n\t\t\t* If the user has given consent, the variable consent will be set to 'grant'.\n\t\t\t* If the user has not given consent,the variable consent will be set to 'revoke'.\n\t\t\t* Documentation https:\/\/developers.facebook.com\/docs\/meta-pixel\/implementation\/gdpr\n\t\t\t*\/\n\t\t\tif ( ( onetrustStorageConsent !== null ) && (onetrustStorageConsent.C0002 !== true ) ) {\n\t\t\t\tconsent=\"revoke\";\n\t\t\t}\n\t\t\t\t!function(f,b,e,v,n,t,s){if(f.fbq)return;n=f.fbq=function()\n\t\t{n.callMethod? n.callMethod.apply(n,arguments):n.queue.push(arguments)}\n\t\t;if(!f._fbq)f._fbq=n;\n\t\tn.push=n;n.loaded=!0;n.version='2.0';n.queue=[];t=b.createElement(e);t.async=!0;\n\t\tt.src=v;s=b.getElementsByTagName(e)[0];s.parentNode.insertBefore(t,s)}(window,\n\t\tdocument,'script','https:\/\/connect.facebook.net\/en_US\/fbevents.js');\n\t\tfbq('consent', consent);\n\t\tfbq('init', '813236348753005');\n\t\tfbq('track', \"PageView\");\n\t<\/script><script async src=\"\/\/www.instagram.com\/embed.js\"><\/script><br \/>\n<br \/><br \/>\n<br \/><a href=\"https:\/\/www.boston.com\/sports\/new-england-patriots\/2024\/09\/04\/bill-belichick-instagram-instaface-social-media-nfl-football-espn\/\">Source link <\/a><\/p>","protected":false},"excerpt":{"rendered":"<p>Patriotas &#8220;Ol\u00e1 a todos. Surpresos em me ver aqui? Eu tamb\u00e9m.&#8221; Bill Belichick est\u00e1 oficialmente se juntando \u00e0s m\u00eddias sociais antes da temporada de 2024 da NFL. Matthew J. Lee&hellip;<\/p>","protected":false},"author":1,"featured_media":31957,"comment_status":"closed","ping_status":"open","sticky":false,"template":"","format":"standard","meta":{"content-type":"","footnotes":""},"categories":[1],"tags":[],"class_list":["post-31956","post","type-post","status-publish","format-standard","has-post-thumbnail","hentry","category-uncategorized"],"_links":{"self":[{"href":"https:\/\/tvbrazilusa.com\/pt\/wp-json\/wp\/v2\/posts\/31956","targetHints":{"allow":["GET"]}}],"collection":[{"href":"https:\/\/tvbrazilusa.com\/pt\/wp-json\/wp\/v2\/posts"}],"about":[{"href":"https:\/\/tvbrazilusa.com\/pt\/wp-json\/wp\/v2\/types\/post"}],"author":[{"embeddable":true,"href":"https:\/\/tvbrazilusa.com\/pt\/wp-json\/wp\/v2\/users\/1"}],"replies":[{"embeddable":true,"href":"https:\/\/tvbrazilusa.com\/pt\/wp-json\/wp\/v2\/comments?post=31956"}],"version-history":[{"count":1,"href":"https:\/\/tvbrazilusa.com\/pt\/wp-json\/wp\/v2\/posts\/31956\/revisions"}],"predecessor-version":[{"id":31958,"href":"https:\/\/tvbrazilusa.com\/pt\/wp-json\/wp\/v2\/posts\/31956\/revisions\/31958"}],"wp:featuredmedia":[{"embeddable":true,"href":"https:\/\/tvbrazilusa.com\/pt\/wp-json\/wp\/v2\/media\/31957"}],"wp:attachment":[{"href":"https:\/\/tvbrazilusa.com\/pt\/wp-json\/wp\/v2\/media?parent=31956"}],"wp:term":[{"taxonomy":"category","embeddable":true,"href":"https:\/\/tvbrazilusa.com\/pt\/wp-json\/wp\/v2\/categories?post=31956"},{"taxonomy":"post_tag","embeddable":true,"href":"https:\/\/tvbrazilusa.com\/pt\/wp-json\/wp\/v2\/tags?post=31956"}],"curies":[{"name":"wp","href":"https:\/\/api.w.org\/{rel}","templated":true}]}}