{"id":31978,"date":"2024-09-04T22:27:17","date_gmt":"2024-09-04T22:27:17","guid":{"rendered":"https:\/\/tvbrazilusa.com\/2024\/09\/04\/moraes-manda-bloquear-carros-e-aeronaves-da-starlink-no-brasil-paulo-figueiredo\/"},"modified":"2024-09-04T22:44:15","modified_gmt":"2024-09-04T22:44:15","slug":"moraes-manda-bloquear-carros-e-aeronaves-da-starlink-no-brasil-paulo-figueiredo","status":"publish","type":"post","link":"https:\/\/tvbrazilusa.com\/pt\/2024\/09\/04\/moraes-manda-bloquear-carros-e-aeronaves-da-starlink-no-brasil-paulo-figueiredo\/","title":{"rendered":"Moraes manda bloquear carros e aeronaves da Starlink no Brasil &#8211; Paulo Figueiredo"},"content":{"rendered":"<p> <script async src=\"https:\/\/pagead2.googlesyndication.com\/pagead\/js\/adsbygoogle.js?client=ca-pub-8864793242727901\"\r\n     crossorigin=\"anonymous\"><\/script><br \/>\n<\/p>\n<div id=\"wtr-content\" data-bg=\"#FFFFFF\" data-fg=\"#006d91\" data-width=\"25\" data-mute=\"1\" data-fgopacity=\"1.00\" data-mutedopacity=\"0.5\" data-placement=\"bottom\" data-placement-offset=\"0\" data-content-offset=\"262\" data-placement-touch=\"bottom\" data-placement-offset-touch=\"0\" data-transparent=\"\" data-shadow=\"0\" data-touch=\"1\" data-non-touch=\"1\" data-comments=\"0\" data-commentsbg=\"transparent\" data-location=\"page\" data-mutedfg=\"#006d91\" data-endfg=\"#006d91\" data-rtl=\"\">\n<h3 class=\"wp-block-heading\">Empresa perdeu o prazo para recurso. Determina\u00e7\u00e3o tem o objetivo de garantir recursos para pagar multas do X<\/h3>\n<p>Na decis\u00e3o que determinou o bloqueio de contas banc\u00e1rias da empresa Starlink no Brasil, o ministro Alexandre de Moraes, do Supremo Tribunal Federal (STF), autoriza a apreens\u00e3o de autom\u00f3veis e aeronaves da companhia no pa\u00eds. A\u00a0Starlink\u00a0\u00e9 uma das empresas em que o bilion\u00e1rio Elon Musk, dono do X (antigo Twitter), atua como s\u00f3cio.<\/p>\n<p>A Starlink perdeu o prazo para recorrer dos bloqueios. De acordo com o\u00a0Supremo, o prazo final para contestar a determina\u00e7\u00e3o era na segunda-feira (2\/9). Com isso, a \u00e1rea t\u00e9cnica do Supremo deu seguimento a decis\u00e3o e comunicou o Banco Central sobre o bloqueio dos valores da empresa no sistema banc\u00e1rio.<\/p>\n<p>Al\u00e9m disso, foi comunicada a ordem para bloqueio de ve\u00edculos por meio do Sistema Nacional de Indisponibilidade de Bens. A Ag\u00eancia Nacional de Avia\u00e7\u00e3o Civil (Anac) e a Capit\u00e2nia dos Portos foram informadas sobre o bloqueio de aeronaves e embarca\u00e7\u00f5es da Starlink.<\/p>\n<p>O magistrado tamb\u00e9m determinou o bloqueio de im\u00f3veis, o que pode afetar as opera\u00e7\u00f5es da empresa, atingindo os gateways, que s\u00e3o estruturas f\u00edsicas necess\u00e1rias para permitir que os clientes naveguem com a internet via sat\u00e9lite. Atualmente, a companhia tem cerca de 10 gateways pelo pa\u00eds.<\/p>\n<p><strong><a href=\"https:\/\/www.correiobraziliense.com.br\/politica\/2024\/09\/6934142-moraes-manda-bloquear-carros-e-aeronaves-da-starlink-no-brasil.html\">Source link<\/a><\/strong><\/p>\n<\/div>\n<p><br \/>\n<br \/><a href=\"https:\/\/paulofigueiredoshow.com\/moraes-manda-bloquear-carros-e-aeronaves-da-starlink-no-brasil\/\">Source link <\/a><\/p>","protected":false},"excerpt":{"rendered":"<p>Empresa perdeu o prazo para recurso. Determina\u00e7\u00e3o tem o objetivo de garantir recursos para pagar multas do X Na decis\u00e3o que determinou o bloqueio de contas banc\u00e1rias da empresa Starlink&hellip;<\/p>","protected":false},"author":1,"featured_media":31979,"comment_status":"closed","ping_status":"open","sticky":false,"template":"","format":"standard","meta":{"content-type":"","footnotes":""},"categories":[16],"tags":[17754,4890,123,1751,17755,425,1173,17756,17581,4895,4188],"class_list":["post-31978","post","type-post","status-publish","format-standard","has-post-thumbnail","hentry","category-noticias","tag-aeronaves","tag-bloqueio","tag-brasil","tag-carros","tag-congelamento","tag-moraes","tag-musk","tag-spacex","tag-starlink","tag-twitter","tag-x"],"_links":{"self":[{"href":"https:\/\/tvbrazilusa.com\/pt\/wp-json\/wp\/v2\/posts\/31978","targetHints":{"allow":["GET"]}}],"collection":[{"href":"https:\/\/tvbrazilusa.com\/pt\/wp-json\/wp\/v2\/posts"}],"about":[{"href":"https:\/\/tvbrazilusa.com\/pt\/wp-json\/wp\/v2\/types\/post"}],"author":[{"embeddable":true,"href":"https:\/\/tvbrazilusa.com\/pt\/wp-json\/wp\/v2\/users\/1"}],"replies":[{"embeddable":true,"href":"https:\/\/tvbrazilusa.com\/pt\/wp-json\/wp\/v2\/comments?post=31978"}],"version-history":[{"count":1,"href":"https:\/\/tvbrazilusa.com\/pt\/wp-json\/wp\/v2\/posts\/31978\/revisions"}],"predecessor-version":[{"id":31980,"href":"https:\/\/tvbrazilusa.com\/pt\/wp-json\/wp\/v2\/posts\/31978\/revisions\/31980"}],"wp:featuredmedia":[{"embeddable":true,"href":"https:\/\/tvbrazilusa.com\/pt\/wp-json\/wp\/v2\/media\/31979"}],"wp:attachment":[{"href":"https:\/\/tvbrazilusa.com\/pt\/wp-json\/wp\/v2\/media?parent=31978"}],"wp:term":[{"taxonomy":"category","embeddable":true,"href":"https:\/\/tvbrazilusa.com\/pt\/wp-json\/wp\/v2\/categories?post=31978"},{"taxonomy":"post_tag","embeddable":true,"href":"https:\/\/tvbrazilusa.com\/pt\/wp-json\/wp\/v2\/tags?post=31978"}],"curies":[{"name":"wp","href":"https:\/\/api.w.org\/{rel}","templated":true}]}}