{"id":31984,"date":"2024-09-04T22:42:52","date_gmt":"2024-09-04T22:42:52","guid":{"rendered":"https:\/\/tvbrazilusa.com\/2024\/09\/04\/pedro-tem-lesao-grave-e-cortado-da-selecao-e-esta-fora-da-temporada-no-flamengo\/"},"modified":"2024-09-04T22:56:14","modified_gmt":"2024-09-04T22:56:14","slug":"pedro-tem-lesao-grave-e-cortado-da-selecao-e-esta-fora-da-temporada-no-flamengo","status":"publish","type":"post","link":"https:\/\/tvbrazilusa.com\/pt\/2024\/09\/04\/pedro-tem-lesao-grave-e-cortado-da-selecao-e-esta-fora-da-temporada-no-flamengo\/","title":{"rendered":"Pedro tem les\u00e3o grave, \u00e9 cortado da sele\u00e7\u00e3o e est\u00e1 fora da temporada no Flamengo"},"content":{"rendered":"<p> <script async src=\"https:\/\/pagead2.googlesyndication.com\/pagead\/js\/adsbygoogle.js?client=ca-pub-8864793242727901\"\r\n     crossorigin=\"anonymous\"><\/script><br \/>\n<\/p>\n<div>\n<p><em><sub>foto: Rafael Ribeiro \/ CBF<\/sub><\/em><\/p>\n<p>O atacante Pedro, do Flamengo, sofreu um entorse no joelho esquerdo durante o treinamento da sele\u00e7\u00e3o brasileira nesta quarta-feira. Al\u00e9m disso, exames detectaram uma ruptura do ligamento cruzado anterior, situa\u00e7\u00e3o que o afastar\u00e1 dos gramados por tempo indeterminado.<\/p>\n<p>Essa les\u00e3o chega em um momento cr\u00edtico, dado que Pedro acabara de se recuperar de uma contus\u00e3o no m\u00fasculo posterior da coxa esquerda, ocorrida no dia 15 de agosto, durante a partida de ida das oitavas de final da Libertadores contra o Bol\u00edvar. O atacante retornou aos campos apenas no \u00faltimo domingo, quando o Flamengo enfrentou o Corinthians.<\/p>\n<h2 class=\"wp-block-heading\">Les\u00e3o de Pedro \u00e9 um Grande Desafio para Dorival Jr.<\/h2>\n<p>Com a les\u00e3o de Pedro, Dorival Jr. precisa repensar a escala\u00e7\u00e3o para a partida contra o Equador. O t\u00e9cnico da sele\u00e7\u00e3o brasileira j\u00e1 teve que lidar com as baixas de Yan Couto e Savinho, que foram cortados por les\u00f5es antes mesmo da apresenta\u00e7\u00e3o.<\/p>\n<p>Pedro iniciou o treino t\u00e1tico como titular, mas sentiu a les\u00e3o logo no come\u00e7o da atividade. Para preencher essa lacuna, Endrick, atacante do Real Madrid, foi o escolhido.<\/p>\n<p>Al\u00e9m disso, a aus\u00eancia de Pedro \u00e9 uma preocupa\u00e7\u00e3o adicional para o treinador, que j\u00e1 estava ajustando a equipe para ficar competitiva nas Eliminat\u00f3rias Sul-Americanas para a Copa do Mundo de 2026.<\/p>\n<h2 class=\"wp-block-heading\">Quem Ir\u00e1 Substituir Pedro no Pr\u00f3ximo Jogo?<\/h2>\n<p>Com Pedro fora do pr\u00f3ximo jogo, a sele\u00e7\u00e3o brasileira escalada por Dorival Jr. conta com:<\/p>\n<ul class=\"wp-block-list\">\n<li><strong>Goleiro:<\/strong> Alisson<\/li>\n<li><strong>Defensores:<\/strong> Danilo, \u00c9der Milit\u00e3o, Marquinhos, Guilherme Arana<\/li>\n<li><strong>Meio-campistas:<\/strong> Andr\u00e9, Bruno Guimar\u00e3es, Lucas Paquet\u00e1<\/li>\n<li><strong>Atacantes:<\/strong> Rodrygo, Vini Jr., Endrick<\/li>\n<\/ul>\n<p>Dessa forma, a responsabilidade de enfrentar o Equador recai sobre este grupo. A partida ocorrer\u00e1 na pr\u00f3xima sexta-feira, \u00e0s 22h (hor\u00e1rio de Bras\u00edlia), no Est\u00e1dio Couto Pereira, em Curitiba, v\u00e1lida pela 7\u00aa rodada das Eliminat\u00f3rias Sul-Americanas.<\/p>\n<h2 class=\"wp-block-heading\">Quais s\u00e3o as Perspectivas da Sele\u00e7\u00e3o sem Pedro?<\/h2>\n<p>Mesmo sem Pedro, a sele\u00e7\u00e3o brasileira possui um elenco forte e competitivo. A presen\u00e7a de jogadores como Rodrygo e Vini Jr. refor\u00e7a a capacidade ofensiva do time. Ainda assim, a din\u00e2mica de jogo certamente ser\u00e1 afetada sem o camisa 9.<\/p>\n<p>Endrick, que substituir\u00e1 Pedro, tem muito a mostrar e \u00e9 visto como um jovem talento promissor. Sua integra\u00e7\u00e3o ao time titular trar\u00e1 uma nova din\u00e2mica e esperan\u00e7as renovadas para os torcedores.<\/p>\n<p>O momento \u00e9 de uni\u00e3o e adapta\u00e7\u00e3o para superar mais essa adversidade. As expectativas s\u00e3o altas, e todos estar\u00e3o de olho nessa partida crucial para as pretens\u00f5es da sele\u00e7\u00e3o brasileira na caminhada rumo \u00e0 Copa do Mundo de 2026.<\/p>\n<h2 class=\"wp-block-heading\">Impacto da Les\u00e3o de Pedro no Flamengo<\/h2>\n<p>Al\u00e9m do impacto na sele\u00e7\u00e3o, a les\u00e3o de Pedro tamb\u00e9m preocupa o Flamengo. Pedro \u00e9 uma pe\u00e7a-chave no elenco rubro-negro, e sua aus\u00eancia ser\u00e1 sentida no clube carioca.<\/p>\n<p>Para o Flamengo, ser\u00e1 necess\u00e1rio encontrar solu\u00e7\u00f5es internas para substituir seu atacante estrela enquanto ele se recupera. A expectativa \u00e9 que o departamento m\u00e9dico do clube fa\u00e7a de tudo para acelerar a recupera\u00e7\u00e3o de Pedro.<\/p>\n<p>No entanto, a torcida do Flamengo sabe que o tempo de recupera\u00e7\u00e3o de uma les\u00e3o de ligamento cruzado anterior n\u00e3o \u00e9 curto, o que adiciona um grau de incerteza aos pr\u00f3ximos compromissos do time.<\/p>\n<p>Com todos esses desafios, tanto a sele\u00e7\u00e3o brasileira quanto o Flamengo ter\u00e3o que mostrar resili\u00eancia e capacidade de adapta\u00e7\u00e3o em um momento cr\u00edtico.<\/p>\n<\/p><\/div>\n<p><br \/>\n<br \/><a href=\"https:\/\/terrabrasilnoticias.com\/2024\/09\/pedro-tem-lesao-grave-e-cortado-da-selecao-e-esta-fora-da-temporada-no-flamengo\/\">Source link <\/a><\/p>","protected":false},"excerpt":{"rendered":"<p>foto: Rafael Ribeiro \/ CBF O atacante Pedro, do Flamengo, sofreu um entorse no joelho esquerdo durante o treinamento da sele\u00e7\u00e3o brasileira nesta quarta-feira. Al\u00e9m disso, exames detectaram uma ruptura&hellip;<\/p>","protected":false},"author":1,"featured_media":31985,"comment_status":"closed","ping_status":"open","sticky":false,"template":"","format":"standard","meta":{"content-type":"","footnotes":""},"categories":[16],"tags":[],"class_list":["post-31984","post","type-post","status-publish","format-standard","has-post-thumbnail","hentry","category-noticias"],"_links":{"self":[{"href":"https:\/\/tvbrazilusa.com\/pt\/wp-json\/wp\/v2\/posts\/31984","targetHints":{"allow":["GET"]}}],"collection":[{"href":"https:\/\/tvbrazilusa.com\/pt\/wp-json\/wp\/v2\/posts"}],"about":[{"href":"https:\/\/tvbrazilusa.com\/pt\/wp-json\/wp\/v2\/types\/post"}],"author":[{"embeddable":true,"href":"https:\/\/tvbrazilusa.com\/pt\/wp-json\/wp\/v2\/users\/1"}],"replies":[{"embeddable":true,"href":"https:\/\/tvbrazilusa.com\/pt\/wp-json\/wp\/v2\/comments?post=31984"}],"version-history":[{"count":1,"href":"https:\/\/tvbrazilusa.com\/pt\/wp-json\/wp\/v2\/posts\/31984\/revisions"}],"predecessor-version":[{"id":31986,"href":"https:\/\/tvbrazilusa.com\/pt\/wp-json\/wp\/v2\/posts\/31984\/revisions\/31986"}],"wp:featuredmedia":[{"embeddable":true,"href":"https:\/\/tvbrazilusa.com\/pt\/wp-json\/wp\/v2\/media\/31985"}],"wp:attachment":[{"href":"https:\/\/tvbrazilusa.com\/pt\/wp-json\/wp\/v2\/media?parent=31984"}],"wp:term":[{"taxonomy":"category","embeddable":true,"href":"https:\/\/tvbrazilusa.com\/pt\/wp-json\/wp\/v2\/categories?post=31984"},{"taxonomy":"post_tag","embeddable":true,"href":"https:\/\/tvbrazilusa.com\/pt\/wp-json\/wp\/v2\/tags?post=31984"}],"curies":[{"name":"wp","href":"https:\/\/api.w.org\/{rel}","templated":true}]}}