{"id":32007,"date":"2024-09-04T22:51:24","date_gmt":"2024-09-04T22:51:24","guid":{"rendered":"https:\/\/tvbrazilusa.com\/2024\/09\/04\/tom-brady-teria-recebido-seguranca-quase-presidencial-cronograma-de-treinos-de-17-jogos-na-fox\/"},"modified":"2024-09-04T23:41:59","modified_gmt":"2024-09-04T23:41:59","slug":"tom-brady-teria-recebido-seguranca-quase-presidencial-cronograma-de-treinos-de-17-jogos-na-fox","status":"publish","type":"post","link":"https:\/\/tvbrazilusa.com\/pt\/2024\/09\/04\/tom-brady-teria-recebido-seguranca-quase-presidencial-cronograma-de-treinos-de-17-jogos-na-fox\/","title":{"rendered":"Tom Brady teria recebido &#8216;seguran\u00e7a quase presidencial&#8217;, cronograma de treinos de 17 jogos na Fox"},"content":{"rendered":"<p> <script async src=\"https:\/\/pagead2.googlesyndication.com\/pagead\/js\/adsbygoogle.js?client=ca-pub-8864793242727901\"\r\n     crossorigin=\"anonymous\"><\/script><br \/>\n<\/p>\n<div id=\"\">\n<header class=\"m-article-header m-article-header--standard\">\n\t\t\t\t\t\t\t\t\t\t\t\t<span id=\"article-header-primary-term\"><br \/>\n\t\t\t\t\t\t\t\t<a class=\"a-term a-term--primary\" href=\"https:\/\/www.boston.com\/tag\/new-england-patriots\/\"><\/p>\n<p>\t\t\t\t\t\t\t\tPatriotas\t\t\t\t\t\t\t\t<\/a><br \/>\n\t\t\t\t\t\t\t<\/span><\/p>\n<h2 class=\"m-article-header__sub-headline\">&#8220;Eu sou o novato. Quero ser um bom companheiro de equipe.&#8221;<\/h2>\n<figure class=\"a-photo m-article-header__photo\"><figcaption class=\"a-photo__caption\">\n<p>\tTom Brady far\u00e1 sua estreia na transmiss\u00e3o no domingo em Cleveland. <em> Scott Strazzante \/ San Francisco Chronicle via AP<\/em>\t<\/figcaption><\/figure>\n<\/header>\n<p>O comprometimento incans\u00e1vel de Tom Brady com a prepara\u00e7\u00e3o para o jogo, o estudo de filmes e sua dieta desempenharam pap\u00e9is importantes em sua ascens\u00e3o como o maior QB da hist\u00f3ria da NFL.<\/p>\n<p>E com base em duas novas hist\u00f3rias de ambos <em><a target=\"_blank\" href=\"https:\/\/www.nytimes.com\/athletic\/5742638\/2024\/09\/04\/tom-brady-fox-nfl-broadcast-preparations\/\" rel=\"noreferrer noopener\">O Atl\u00e9tico <\/a><\/em>e <em><a target=\"_blank\" href=\"https:\/\/frontofficesports.com\/tom-bradys-tv-era-is-here-hes-put-in-the-work\/\" rel=\"noreferrer noopener\">Esportes do Front Office<\/a><\/em>parece que a natureza exigente de Brady e seus h\u00e1bitos de pr\u00e1tica meticulosos foram transferidos para sua mais recente aventura como analista-chefe de transmiss\u00f5es da NFL na Fox. <\/p>\n<p>Brady, <a href=\"https:\/\/www.bostonglobe.com\/2023\/02\/01\/sports\/what-can-we-expect-tom-brady-an-nfl-analyst-fox-sports\/\" target=\"_blank\" rel=\"noreferrer noopener\">que assinou um contrato de 10 anos e US$ 375 milh\u00f5es com a Fox em maio de 2022<\/a>est\u00e1 pronto para finalmente fazer sua estreia na transmiss\u00e3o no domingo. Mas o sete vezes campe\u00e3o do Super Bowl tem trabalhado duro para aprimorar sua arte na frente de um microfone. <\/p>\n<p>De acordo com Michael McCarthy, do Front Office Sports, Brady recebeu &#8220;um n\u00edvel de seguran\u00e7a quase presidencial&#8221; sempre que chegava ao est\u00fadio principal da Fox em Los Angeles, com o est\u00fadio &#8220;completamente fechado&#8221; para dar privacidade a Brady, trabalhar com os produtores da rede e outros talentos no ar, e conhecer a equipe de produ\u00e7\u00e3o. <\/p>\n<p>\u201cEu sou o novato\u201d, Brady disse a um de seus novos colegas na Fox, segundo Andrew Marchand da <em>O Atl\u00e9tico<\/em>. \u201cQuero ser um bom companheiro de equipe.\u201d<\/p>\n<p>Brady j\u00e1 fez algumas apari\u00e7\u00f5es em transmiss\u00f5es ao vivo de futebol, incluindo tr\u00eas jogos de pr\u00e9-temporada em agosto e uma breve apari\u00e7\u00e3o na cobertura da Fox do jogo do campeonato da UFL em junho. <\/p>\n<figure class=\"wp-block-embed is-type-rich is-provider-twitter wp-block-embed-twitter\"\/>\n<p>Mas o Front Office Sports relatou que Brady e seu novo parceiro de jogada a jogada Kevin Burkhardt fizeram treinos para 17 jogos separados para imitar uma temporada completa de cobertura. Brady tamb\u00e9m substituiu as transmiss\u00f5es da NBC para ver como eles lidavam com a cobertura dos jogos.<\/p>\n<p>\u201cEm janeiro, em Miami, onde tem uma casa, ele observou a produ\u00e7\u00e3o da NBC ao ficar ao lado [Chris] Collinsworth e o locutor narrativo Mike Tirico na cabine e entrando no caminh\u00e3o com seu produtor principal, Rob Hyland\u201d, observou Marchand em <em>O Atl\u00e9tico<\/em>. \u201cAl\u00e9m da conveni\u00eancia do local, a raz\u00e3o pela qual Brady observou a equipe da NBC em vez da Fox foi em parte por defer\u00eancia a [Greg] Olsen, que est\u00e1 sendo transferido para [Fox\u2019s] Time n\u00famero 2 com a chegada de Brady.\u201d <\/p>\n<p>O primeiro jogo oficial de Brady na cabine de transmiss\u00e3o da Fox ser\u00e1 a narra\u00e7\u00e3o do jogo Cowboys x Browns em Cleveland, com in\u00edcio previsto para 16h25.<\/p>\n<div class=\"m-block m-generic-cta\t m-generic-cta--post-content\t m-generic-cta--dark\t m-generic-cta--homepage\t m-generic-cta--email-signup\t\t m-generic-cta-block-style--default \tt-amp__generic-cta\"><\/p>\n<div class=\"m-generic-cta__wrap\">\n<div class=\"m-generic-cta__content\">\n<h3 class=\"m-generic-cta__title\">Boston.com Hoje<\/h3>\n<p class=\"m-generic-cta__subtitle\">Inscreva-se para receber as \u00faltimas manchetes na sua caixa de entrada todas as manh\u00e3s.<\/p>\n<\/p><\/div>\n<\/p><\/div>\n<\/div><\/div>\n<p><script>\n\t\tvar consent=\"grant\";\n\t\t\/* The above code is parsing the JSON data from the local storage and storing it in a variable. *\/\n\t\t\t\t\tconst onetrustStorageConsent = JSON.parse(localStorage.getItem( 'consent_one_trust_bdc' ) );\n\t\t\tif ( ( onetrustStorageConsent !== null ) ) {\n\t\t\t\t\/* Checking to see if the user has consented to the use of cookies.\n\t\t\t\t* If they have not, it is deleting the cookie.\n\t\t\t\t* This will comment for now, until further notice.\n\t\t\t\t*\/\n\t\t\t\t\/\/if ( onetrustStorageConsent.C0002 === false ) {\n\t\t\t\t\/\/\tdocument.cookie=\"_fbp=;expires=Thu, 01 Jan 2010 00:00:00 UTC; path=\/; domain=.boston.com\";\n\t\t\t\t\/\/}\n\t\t\t\t\/* Checking if the user has given consent for the cookie C0002.\n\t\t\t\t* If the user has given consent, the variable consent will be set to 'grant'.\n\t\t\t\t* If the user has not given consent,the variable consent will be set to 'revoke'.\n\t\t\t\t* Documentation https:\/\/developers.facebook.com\/docs\/meta-pixel\/implementation\/gdpr\n\t\t\t\t*\/\n\t\t\t\tif ( onetrustStorageConsent.C0002 !== true ) {\n\t\t\t\t\tconsent=\"revoke\";\n\t\t\t\t}\n\t\t\t}\n\t\t\t\t!function(f,b,e,v,n,t,s)\n\t\t{if(f.fbq)return;n=f.fbq=function(){n.callMethod?\n\t\tn.callMethod.apply(n,arguments):n.queue.push(arguments)};\n\t\tif(!f._fbq)f._fbq=n;n.push=n;n.loaded=!0;n.version='2.0';\n\t\tn.queue=[];t=b.createElement(e);t.async=!0;\n\t\tt.src=v;s=b.getElementsByTagName(e)[0];\n\t\ts.parentNode.insertBefore(t,s)}(window, document,'script',\n\t\t'https:\/\/connect.facebook.net\/en_US\/fbevents.js');\n\t\tfbq('consent', consent);\n\t\tfbq('init', '989222871864976');\n\t\tfbq('track', 'PageView');\n\t<\/script><script type=\"module\">\n\t\tvar consent=\"grant\";\n\t\t\/* The above code is parsing the JSON data from the local storage and storing it in a variable. *\/\n\t\t\tconst onetrustStorageConsent = JSON.parse(localStorage.getItem( 'consent_one_trust_bdc' ) );\n\t\t\t\/* Checking to see if the user has consented to the use of cookies.\n\t\t\t* If they have not, it is deleting the cookie.\n\t\t\t* This will comment for now, until further notice.\n\t\t\t*\/\n\t\t\t\/\/if ( onetrustStorageConsent.C0002 === false ) {\n\t\t\t\/\/\tdocument.cookie=\"_fbp=;expires=Thu, 01 Jan 2010 00:00:00 UTC; path=\/; domain=.boston.com\";\n\t\t\t\/\/}\n\t\t\t\/* Checking if the user has given consent for the cookie C0002.\n\t\t\t* If the user has given consent, the variable consent will be set to 'grant'.\n\t\t\t* If the user has not given consent,the variable consent will be set to 'revoke'.\n\t\t\t* Documentation https:\/\/developers.facebook.com\/docs\/meta-pixel\/implementation\/gdpr\n\t\t\t*\/\n\t\t\tif ( ( onetrustStorageConsent !== null ) && (onetrustStorageConsent.C0002 !== true ) ) {\n\t\t\t\tconsent=\"revoke\";\n\t\t\t}\n\t\t\t\t!function(f,b,e,v,n,t,s){if(f.fbq)return;n=f.fbq=function()\n\t\t{n.callMethod? n.callMethod.apply(n,arguments):n.queue.push(arguments)}\n\t\t;if(!f._fbq)f._fbq=n;\n\t\tn.push=n;n.loaded=!0;n.version='2.0';n.queue=[];t=b.createElement(e);t.async=!0;\n\t\tt.src=v;s=b.getElementsByTagName(e)[0];s.parentNode.insertBefore(t,s)}(window,\n\t\tdocument,'script','https:\/\/connect.facebook.net\/en_US\/fbevents.js');\n\t\tfbq('consent', consent);\n\t\tfbq('init', '813236348753005');\n\t\tfbq('track', \"PageView\");\n\t<\/script><br \/>\n<br \/><br \/>\n<br \/><a href=\"https:\/\/www.boston.com\/sports\/new-england-patriots\/2024\/09\/04\/tom-brady-nfl-fox-broadcasting-new-england-patriots\/\">Source link <\/a><\/p>","protected":false},"excerpt":{"rendered":"<p>Patriotas &#8220;Eu sou o novato. Quero ser um bom companheiro de equipe.&#8221; Tom Brady far\u00e1 sua estreia na transmiss\u00e3o no domingo em Cleveland. Scott Strazzante \/ San Francisco Chronicle via&hellip;<\/p>","protected":false},"author":1,"featured_media":32008,"comment_status":"closed","ping_status":"open","sticky":false,"template":"","format":"standard","meta":{"content-type":"","footnotes":""},"categories":[1],"tags":[],"class_list":["post-32007","post","type-post","status-publish","format-standard","has-post-thumbnail","hentry","category-uncategorized"],"_links":{"self":[{"href":"https:\/\/tvbrazilusa.com\/pt\/wp-json\/wp\/v2\/posts\/32007","targetHints":{"allow":["GET"]}}],"collection":[{"href":"https:\/\/tvbrazilusa.com\/pt\/wp-json\/wp\/v2\/posts"}],"about":[{"href":"https:\/\/tvbrazilusa.com\/pt\/wp-json\/wp\/v2\/types\/post"}],"author":[{"embeddable":true,"href":"https:\/\/tvbrazilusa.com\/pt\/wp-json\/wp\/v2\/users\/1"}],"replies":[{"embeddable":true,"href":"https:\/\/tvbrazilusa.com\/pt\/wp-json\/wp\/v2\/comments?post=32007"}],"version-history":[{"count":1,"href":"https:\/\/tvbrazilusa.com\/pt\/wp-json\/wp\/v2\/posts\/32007\/revisions"}],"predecessor-version":[{"id":32009,"href":"https:\/\/tvbrazilusa.com\/pt\/wp-json\/wp\/v2\/posts\/32007\/revisions\/32009"}],"wp:featuredmedia":[{"embeddable":true,"href":"https:\/\/tvbrazilusa.com\/pt\/wp-json\/wp\/v2\/media\/32008"}],"wp:attachment":[{"href":"https:\/\/tvbrazilusa.com\/pt\/wp-json\/wp\/v2\/media?parent=32007"}],"wp:term":[{"taxonomy":"category","embeddable":true,"href":"https:\/\/tvbrazilusa.com\/pt\/wp-json\/wp\/v2\/categories?post=32007"},{"taxonomy":"post_tag","embeddable":true,"href":"https:\/\/tvbrazilusa.com\/pt\/wp-json\/wp\/v2\/tags?post=32007"}],"curies":[{"name":"wp","href":"https:\/\/api.w.org\/{rel}","templated":true}]}}