{"id":32029,"date":"2024-09-05T00:05:50","date_gmt":"2024-09-05T00:05:50","guid":{"rendered":"https:\/\/tvbrazilusa.com\/2024\/09\/05\/x-suspenso-o-temor-no-stf-por-alexandre-de-moraes-apos-nota-da-embaixada-dos-eua-paulo-figueiredo\/"},"modified":"2024-09-05T00:13:50","modified_gmt":"2024-09-05T00:13:50","slug":"x-suspenso-o-temor-no-stf-por-alexandre-de-moraes-apos-nota-da-embaixada-dos-eua-paulo-figueiredo","status":"publish","type":"post","link":"https:\/\/tvbrazilusa.com\/pt\/2024\/09\/05\/x-suspenso-o-temor-no-stf-por-alexandre-de-moraes-apos-nota-da-embaixada-dos-eua-paulo-figueiredo\/","title":{"rendered":"X Suspenso: o temor no STF por Alexandre de Moraes ap\u00f3s nota da embaixada dos EUA &#8211; Paulo Figueiredo"},"content":{"rendered":"<p> <script async src=\"https:\/\/pagead2.googlesyndication.com\/pagead\/js\/adsbygoogle.js?client=ca-pub-8864793242727901\"\r\n     crossorigin=\"anonymous\"><\/script><br \/>\n<\/p>\n<div id=\"wtr-content\" data-bg=\"#FFFFFF\" data-fg=\"#006d91\" data-width=\"25\" data-mute=\"1\" data-fgopacity=\"1.00\" data-mutedopacity=\"0.5\" data-placement=\"bottom\" data-placement-offset=\"0\" data-content-offset=\"262\" data-placement-touch=\"bottom\" data-placement-offset-touch=\"0\" data-transparent=\"\" data-shadow=\"0\" data-touch=\"1\" data-non-touch=\"1\" data-comments=\"0\" data-commentsbg=\"transparent\" data-location=\"page\" data-mutedfg=\"#006d91\" data-endfg=\"#006d91\" data-rtl=\"\">\n<p>Em sua coluna no Jornal O Globo, Malu Gaspar relata que a nota da embaixada dos EUA sobre a suspens\u00e3o do X gerou preocupa\u00e7\u00e3o no STF, em meio \u00e0 crise entre Alexandre de Moraes e Elon Musk. A embaixada destacou a liberdade de express\u00e3o e afirmou estar monitorando a situa\u00e7\u00e3o. Ministros temem repercuss\u00f5es diplom\u00e1ticas, mas fontes americanas descartam retalia\u00e7\u00f5es, como a revoga\u00e7\u00e3o do visto de Moraes. A tens\u00e3o revela o desconforto na Corte com as decis\u00f5es de Moraes, consideradas excessivas.<\/p>\n<p><strong>LEIA NA \u00cdNTEGRA:<\/strong><\/p>\n<p>A nota da embaixada dos\u00a0Estados Unidos\u00a0em\u00a0Bras\u00edlia\u00a0sobre a\u00a0<strong>suspens\u00e3o do X<\/strong>, publicada na \u00faltima sexta-feira (30), acendeu um sinal de alerta dentro da Corte em meio \u00e0 escalada da crise envolvendo o ministro\u00a0Alexandre de Moraes\u00a0e o bilion\u00e1rio sul-africano\u00a0Elon Musk.<\/p>\n<p>Na nota, a embaixada afirma que o pa\u00eds est\u00e1 \u201cmonitorando a situa\u00e7\u00e3o\u201d e afirma que a \u201cliberdade de express\u00e3o \u00e9 um pilar fundamental em uma democracia saud\u00e1vel\u201d. Ela foi publicada depois da ordem de Moraes para que o X indicasse um representante legal e poucas horas antes do bloqueio da plataforma.<\/p>\n<p>Em suas redes sociais, Musk foi ao X agradecer a \u201cexpress\u00e3o de apoio\u201d e afirmou que \u201cde fato, sem liberdade de express\u00e3o, o p\u00fablico n\u00e3o pode expressar seus pensamentos ou saber a verdade da situa\u00e7\u00e3o, o que torna imposs\u00edvel votar com o conhecimento preciso\u201d.<\/p>\n<p>A linguagem e o timing da comunica\u00e7\u00e3o, sem nem mesmo esperar a suspens\u00e3o do X, foram vistas com surpresa e despertaram a preocupa\u00e7\u00e3o de que houvesse algum risco de retalia\u00e7\u00e3o diplom\u00e1tica, j\u00e1 autoridades americanas n\u00e3o costumam se pronunciar sobre assuntos internos da Corte.<\/p>\n<p>No auge da tens\u00e3o, alguns ministros at\u00e9 cogitaram a possibilidade de o visto americano de Moraes ser cassado, o que poderia n\u00e3o apenas causar constrangimentos para a Suprema Corte a n\u00edvel internacional, mas arrastar os governos\u00a0Lula\u00a0e Biden para o centro da guerra entre Musk e Moraes. Mas a equipe da coluna apurou junto a fontes da diplomacia dos Estados Unidos que essa hip\u00f3tese jamais foi cogitada e nem sequer faria sentido pelas regras do pa\u00eds para a suspens\u00e3o de vistos.<\/p>\n<p>O estresse entre os ministros, por\u00e9m, revela o tamanho da tens\u00e3o interna em rela\u00e7\u00e3o \u00e0s decis\u00f5es de Moraes a respeito do X e da outra empresa de Musk, a Starlink. Na Corte, h\u00e1 muito inc\u00f4modo com a abrang\u00eancia das decis\u00f5es, consideradas\u00a0<strong>exageradas<\/strong>, e a m\u00e1 repercuss\u00e3o junto \u00e0 opini\u00e3o p\u00fablica.<\/p>\n<p>Em um voto apresentado na sess\u00e3o virtual da Primeira Turma do Supremo, na \u00faltima segunda-feira (2), o ministro\u00a0Luiz Fux\u00a0concordou com o bloqueio do X, mas fez ressalvas quanto ao estabelecimento de multa de R$ 50 mil para quem recorresse a \u201csubterf\u00fagios tecnol\u00f3gicos\u201d, como o uso de VPN, para acessar a plataforma.<\/p>\n<p>Para Fux, a multa s\u00f3 seria v\u00e1lida caso usu\u00e1rios do X usassem o VPN para propagar discurso racista, fascista, nazista ou publicar na plataforma mensagens que incitiassem crimes. A imposi\u00e7\u00e3o ampla e geral da multa tamb\u00e9m \u00e9 contestada pela Ordem dos Advogados do\u00a0Brasil\u00a0(OAB), mas n\u00e3o \u00e9 novidade na trajet\u00f3ria de Moraes, que adotou o mesmo procedimento ao\u00a0<strong>bloquear o Telegram em 2022.<\/strong><\/p>\n<p>A discuss\u00e3o interna no Supremo sobre os pr\u00f3ximos passos de Moraes nesse imbr\u00f3glio continua \u2013 mas de acordo com fontes da diplomacia americana, n\u00e3o deve haver mais raz\u00f5es de preocupa\u00e7\u00e3o na Corte com eventual constrangimento em rela\u00e7\u00e3o aos Estados Unidos.<\/p>\n<p>Essas fontes adiantam que a nota da semana passada deve ser a \u00fanica manifesta\u00e7\u00e3o da embaixada americana sobre o tema, que polariza n\u00e3o apenas lulistas e bolsonaristas no Brasil, mas tamb\u00e9m democratas e republicanos nos Estados Unidos.<\/p>\n<p>Pelo menos por ora, est\u00e1 decidido que nenhuma nova nota ser\u00e1 divulgada sobre o tema. A orienta\u00e7\u00e3o \u00e9 responder a eventuais pedidos de posicionamento dizendo que os Estados Unidos n\u00e3o opinam sobre processos judiciais em curso no Brasil.<\/p>\n<p>Em um contexto de elei\u00e7\u00f5es municipais no Brasil e elei\u00e7\u00e3o presidencial nos Estados Unidos, tudo o que os diplomatas n\u00e3o querem \u00e9 passar a impress\u00e3o de que a gest\u00e3o Biden est\u00e1 do lado de Musk e de aliados do ex-presidente\u00a0Jair Bolsonaro, aliado fiel de\u00a0Donald Trump.<\/p>\n<p><strong><a href=\"http:\/\/Em um contexto de elei\u00e7\u00f5es municipais no Brasil e elei\u00e7\u00e3o presidencial nos Estados Unidos, tudo o que os diplomatas n\u00e3o querem \u00e9 passar a impress\u00e3o de que a gest\u00e3o Biden est\u00e1 do lado de Musk e de aliados do ex-presidente Jair Bolsonaro, aliado fiel de Donald Trump.\">Source link<\/a><\/strong><\/p>\n<\/div>\n<p><br \/>\n<br \/><a href=\"https:\/\/paulofigueiredoshow.com\/x-suspenso-o-temor-no-stf-por-alexandre-de-moraes-apos-nota-da-embaixada-dos-eua\/\">Source link <\/a><\/p>","protected":false},"excerpt":{"rendered":"<p>Em sua coluna no Jornal O Globo, Malu Gaspar relata que a nota da embaixada dos EUA sobre a suspens\u00e3o do X gerou preocupa\u00e7\u00e3o no STF, em meio \u00e0 crise&hellip;<\/p>","protected":false},"author":1,"featured_media":4239,"comment_status":"closed","ping_status":"open","sticky":false,"template":"","format":"standard","meta":{"content-type":"","footnotes":""},"categories":[16],"tags":[],"class_list":["post-32029","post","type-post","status-publish","format-standard","has-post-thumbnail","hentry","category-noticias"],"_links":{"self":[{"href":"https:\/\/tvbrazilusa.com\/pt\/wp-json\/wp\/v2\/posts\/32029","targetHints":{"allow":["GET"]}}],"collection":[{"href":"https:\/\/tvbrazilusa.com\/pt\/wp-json\/wp\/v2\/posts"}],"about":[{"href":"https:\/\/tvbrazilusa.com\/pt\/wp-json\/wp\/v2\/types\/post"}],"author":[{"embeddable":true,"href":"https:\/\/tvbrazilusa.com\/pt\/wp-json\/wp\/v2\/users\/1"}],"replies":[{"embeddable":true,"href":"https:\/\/tvbrazilusa.com\/pt\/wp-json\/wp\/v2\/comments?post=32029"}],"version-history":[{"count":1,"href":"https:\/\/tvbrazilusa.com\/pt\/wp-json\/wp\/v2\/posts\/32029\/revisions"}],"predecessor-version":[{"id":32030,"href":"https:\/\/tvbrazilusa.com\/pt\/wp-json\/wp\/v2\/posts\/32029\/revisions\/32030"}],"wp:featuredmedia":[{"embeddable":true,"href":"https:\/\/tvbrazilusa.com\/pt\/wp-json\/wp\/v2\/media\/4239"}],"wp:attachment":[{"href":"https:\/\/tvbrazilusa.com\/pt\/wp-json\/wp\/v2\/media?parent=32029"}],"wp:term":[{"taxonomy":"category","embeddable":true,"href":"https:\/\/tvbrazilusa.com\/pt\/wp-json\/wp\/v2\/categories?post=32029"},{"taxonomy":"post_tag","embeddable":true,"href":"https:\/\/tvbrazilusa.com\/pt\/wp-json\/wp\/v2\/tags?post=32029"}],"curies":[{"name":"wp","href":"https:\/\/api.w.org\/{rel}","templated":true}]}}