{"id":32031,"date":"2024-09-05T00:15:37","date_gmt":"2024-09-05T00:15:37","guid":{"rendered":"https:\/\/tvbrazilusa.com\/2024\/09\/05\/por-que-meu-carro-nao-pega-depois-de-ficar-parado-por-alguns-dias\/"},"modified":"2024-09-05T00:19:36","modified_gmt":"2024-09-05T00:19:36","slug":"por-que-meu-carro-nao-pega-depois-de-ficar-parado-por-alguns-dias","status":"publish","type":"post","link":"https:\/\/tvbrazilusa.com\/pt\/2024\/09\/05\/por-que-meu-carro-nao-pega-depois-de-ficar-parado-por-alguns-dias\/","title":{"rendered":"Por que meu carro n\u00e3o pega depois de ficar parado por alguns dias?"},"content":{"rendered":"<p> <script async src=\"https:\/\/pagead2.googlesyndication.com\/pagead\/js\/adsbygoogle.js?client=ca-pub-8864793242727901\"\r\n     crossorigin=\"anonymous\"><\/script><br \/>\n<\/p>\n<div id=\"\">\n<header class=\"m-article-header m-article-header--standard\">\n\t\t\t\t\t\t\t\t\t\t\t\t<span id=\"article-header-primary-term\"><br \/>\n\t\t\t\t\t\t\t\t<a class=\"a-term a-term--primary\" href=\"https:\/\/www.boston.com\/tag\/how-to\/\"><\/p>\n<p>\t\t\t\t\t\t\t\tComo fazer\t\t\t\t\t\t\t\t<\/a><br \/>\n\t\t\t\t\t\t\t<\/span><\/p>\n<h2 class=\"m-article-header__sub-headline\">John Paul, m\u00e9dico automotivo da AAA Northeast, responde \u00e0 pergunta de um leitor que tem problemas para dar partida no carro.<\/h2>\n<figure class=\"a-photo m-article-header__photo\"><figcaption class=\"a-photo__caption\">\n<p>\tO Car Doctor responde a uma pergunta de um leitor que tem problemas para dar partida no carro.<em> AP Photo\/Gerry Broome, Arquivo<\/em>\t<\/figcaption><\/figure>\n<\/header>\n<p><strong>P. <\/strong>Se meu Ford Taurus ficar parado por tr\u00eas ou quatro dias, ele n\u00e3o pega. Se eu der uma partida r\u00e1pida, ele pega imediatamente. Minha bateria e partida estavam boas e todo o resto foi testado corretamente. Poderia ser um sensor ou bomba de combust\u00edvel?<\/p>\n<p><strong>UM. <\/strong>Se o carro der partida com um pulo e a bateria estiver totalmente carregada, eu procuraria por um problema el\u00e9trico. Em alguns Ford <a href=\"https:\/\/www.boston.com\/tag\/cars\/\">ve\u00edculos<\/a> o cabo de aterramento da bateria \u00e9 conhecido por causar problemas intermitentes de n\u00e3o partida. Um t\u00e9cnico com um volt\u00edmetro realizar\u00e1 um teste de \u201cqueda de voltagem\u201d para determinar a causa do problema intermitente de n\u00e3o partida do seu carro. Se voc\u00ea n\u00e3o puder levar o carro para uma garagem, procure por conex\u00f5es sujas ou corro\u00eddas. Comece com a bateria e trabalhe at\u00e9 onde puder, limpando ao longo do caminho. <\/p>\n<p><strong>P. <\/strong>Tenho um Acura RDX 2018 com apenas 29.000 milhas. Ao aplicar os freios, h\u00e1 um som de batida na frente direita. Verifiquei o pneu e n\u00e3o h\u00e1 danos vis\u00edveis. O rotor do freio tamb\u00e9m parece bom. A garantia expirou h\u00e1 muito tempo. O que pode estar errado? <\/p>\n<p><strong>UM. <\/strong>Um som de batida \u00e9 tipicamente um componente solto ou um rotor de freio fora de forma. O problema pode ser um suporte de pin\u00e7a solto, uma pastilha se movendo ou at\u00e9 mesmo uma pe\u00e7a de suspens\u00e3o. Neste ponto, a \u00fanica coisa a fazer \u00e9 levar o carro a uma oficina, demonstrar o problema e pedir que eles fa\u00e7am uma inspe\u00e7\u00e3o do sistema de freio e suspens\u00e3o.<\/p>\n<p><strong>P. <\/strong>Adicionei cerca de meio gal\u00e3o de fluido azul de limpeza de janelas ao meu l\u00edquido de arrefecimento por engano h\u00e1 alguns dias. Este \u00e9 um carro novo para mim (eu o tenho h\u00e1 seis meses) e me sinto um idiota. Eu causei algum dano? Preciso lavar o sistema e adicionar novo anticongelante ou posso deix\u00e1-lo como est\u00e1?                                                                         <\/p>\n<p><strong>UM. <\/strong>Na verdade, isso \u00e9 uma ocorr\u00eancia bastante comum \u2013 voc\u00ea n\u00e3o \u00e9 um idiota. O fluido do limpador de janelas \u00e9 composto principalmente de \u00e1lcool e \u00e1gua, ent\u00e3o n\u00e3o deve haver nenhum dano ao motor. O que me preocuparia mais \u00e9 que voc\u00ea precisaria adicionar tanto fluido ao sistema de arrefecimento do motor em apenas seis meses. Voc\u00ea deve verificar o sistema de arrefecimento para ver se h\u00e1 um poss\u00edvel vazamento.  <\/p>\n<p><strong>P. <\/strong>Recentemente comprei um Lexus de cinco anos e o levei ao meu pr\u00f3prio mec\u00e2nico para que ele fosse verificado depois que eu o comprei. Quando ela examinou o computador, ela encontrou uma d\u00fazia de c\u00f3digos de falha. Agora o carro funcionava muito bem, e a luz de verifica\u00e7\u00e3o do motor estava apagada. Quando voltei \u00e0 concession\u00e1ria, eles verificaram e substitu\u00edram a bateria. A bateria poderia realmente estar causando todos esses c\u00f3digos? <\/p>\n<p><strong>UM. <\/strong>Uma boa bateria \u00e9 essencial para a opera\u00e7\u00e3o adequada de carros mais novos. A voltagem da bateria baixa ou vari\u00e1vel pode causar todos os tipos de problemas com sistemas controlados por computador. Minha sugest\u00e3o \u00e9 dirigir o carro por algumas centenas de milhas e ent\u00e3o escanear novamente o computador. <\/p>\n<p><strong>P. <\/strong>Ouvi voc\u00ea mencionar as ferramentas WORX no seu programa de r\u00e1dio. Elas s\u00e3o realmente boas? <\/p>\n<p><strong>UM. <\/strong>Tenho v\u00e1rias ferramentas WORX, de um aparador de ervas daninhas e soprador de folhas a uma chave de impacto e esmerilhadeira angular leve, e estou muito feliz com o desempenho geral. Um dos motivos pelos quais gosto delas \u00e9 que todas compartilham a mesma bateria de 20 volts. Ent\u00e3o, as chances de sempre ter uma bateria totalmente carregada s\u00e3o muito boas. <\/p>\n<p><strong>P. <\/strong>Acabei de herdar um Honda CR-V 2014 com apenas 52.000 milhas. Quando estou acelerando normalmente de 25 mph para cerca de 40 mph, \u00e0s vezes sinto o motor atolar e tenho esse tremor\/vibra\u00e7\u00e3o. Outras vezes, o carro funciona muito bem. Como o carro n\u00e3o me custou nada, estou disposto a investir dinheiro nele. Esse \u00e9 um problema conhecido e o que posso fazer para consert\u00e1-lo?<\/p>\n<p><strong>UM. <\/strong>Se o motor estiver funcionando corretamente, eu estaria olhando para um poss\u00edvel problema de transmiss\u00e3o. A Honda emitiu um boletim de servi\u00e7o t\u00e9cnico (n\u00e3o um recall ou extens\u00e3o de garantia) com uma atualiza\u00e7\u00e3o do computador e substitui\u00e7\u00e3o do fluido de transmiss\u00e3o. Em alguns casos, a transmiss\u00e3o pode precisar ser substitu\u00edda. Eu tentaria trocar o fluido de transmiss\u00e3o (use apenas fluido Honda). Em muitos casos, isso cura esse sintoma.<\/p>\n<p><em>John Paul \u00e9 o Car Doctor da AAA Northeast. Ele tem mais de 40 anos de experi\u00eancia no ramo automotivo e \u00e9 um t\u00e9cnico mestre certificado pela ASE. Envie sua pergunta sobre o Car Doctor por e-mail para <\/em><em><a href=\"https:\/\/www.boston.com\/cdn-cgi\/l\/email-protection\" class=\"__cf_email__\" data-cfemail=\"a5cfd5c4d0c9e5c4c4c4cbcad7d1cdc0c4d6d18bc6cac8\">[email\u00a0protected]<\/a><\/em><em>. Ou\u00e7a o podcast do Car Doctor em <\/em><a href=\"http:\/\/johnfpaul.podbean.com\/\"><em>johnfpaul.podbean.com<\/em><\/a><em>.<\/em><\/p>\n<div class=\"m-block m-generic-cta\t m-generic-cta--post-content\t m-generic-cta--dark\t m-generic-cta--homepage\t m-generic-cta--email-signup\t\t m-generic-cta-block-style--default \tt-amp__generic-cta\"><\/p>\n<div class=\"m-generic-cta__wrap\">\n<div class=\"m-generic-cta__content\">\n<h3 class=\"m-generic-cta__title\">Boston.com Hoje<\/h3>\n<p class=\"m-generic-cta__subtitle\">Inscreva-se para receber as \u00faltimas manchetes na sua caixa de entrada todas as manh\u00e3s.<\/p>\n<\/p><\/div>\n<\/p><\/div>\n<\/div><\/div>\n<p><script>\n\t\tvar consent=\"grant\";\n\t\t\/* The above code is parsing the JSON data from the local storage and storing it in a variable. *\/\n\t\t\t\t\tconst onetrustStorageConsent = JSON.parse(localStorage.getItem( 'consent_one_trust_bdc' ) );\n\t\t\tif ( ( onetrustStorageConsent !== null ) ) {\n\t\t\t\t\/* Checking to see if the user has consented to the use of cookies.\n\t\t\t\t* If they have not, it is deleting the cookie.\n\t\t\t\t* This will comment for now, until further notice.\n\t\t\t\t*\/\n\t\t\t\t\/\/if ( onetrustStorageConsent.C0002 === false ) {\n\t\t\t\t\/\/\tdocument.cookie=\"_fbp=;expires=Thu, 01 Jan 2010 00:00:00 UTC; path=\/; domain=.boston.com\";\n\t\t\t\t\/\/}\n\t\t\t\t\/* Checking if the user has given consent for the cookie C0002.\n\t\t\t\t* If the user has given consent, the variable consent will be set to 'grant'.\n\t\t\t\t* If the user has not given consent,the variable consent will be set to 'revoke'.\n\t\t\t\t* Documentation https:\/\/developers.facebook.com\/docs\/meta-pixel\/implementation\/gdpr\n\t\t\t\t*\/\n\t\t\t\tif ( onetrustStorageConsent.C0002 !== true ) {\n\t\t\t\t\tconsent=\"revoke\";\n\t\t\t\t}\n\t\t\t}\n\t\t\t\t!function(f,b,e,v,n,t,s)\n\t\t{if(f.fbq)return;n=f.fbq=function(){n.callMethod?\n\t\tn.callMethod.apply(n,arguments):n.queue.push(arguments)};\n\t\tif(!f._fbq)f._fbq=n;n.push=n;n.loaded=!0;n.version='2.0';\n\t\tn.queue=[];t=b.createElement(e);t.async=!0;\n\t\tt.src=v;s=b.getElementsByTagName(e)[0];\n\t\ts.parentNode.insertBefore(t,s)}(window, document,'script',\n\t\t'https:\/\/connect.facebook.net\/en_US\/fbevents.js');\n\t\tfbq('consent', consent);\n\t\tfbq('init', '989222871864976');\n\t\tfbq('track', 'PageView');\n\t<\/script><script type=\"module\">\n\t\tvar consent=\"grant\";\n\t\t\/* The above code is parsing the JSON data from the local storage and storing it in a variable. *\/\n\t\t\tconst onetrustStorageConsent = JSON.parse(localStorage.getItem( 'consent_one_trust_bdc' ) );\n\t\t\t\/* Checking to see if the user has consented to the use of cookies.\n\t\t\t* If they have not, it is deleting the cookie.\n\t\t\t* This will comment for now, until further notice.\n\t\t\t*\/\n\t\t\t\/\/if ( onetrustStorageConsent.C0002 === false ) {\n\t\t\t\/\/\tdocument.cookie=\"_fbp=;expires=Thu, 01 Jan 2010 00:00:00 UTC; path=\/; domain=.boston.com\";\n\t\t\t\/\/}\n\t\t\t\/* Checking if the user has given consent for the cookie C0002.\n\t\t\t* If the user has given consent, the variable consent will be set to 'grant'.\n\t\t\t* If the user has not given consent,the variable consent will be set to 'revoke'.\n\t\t\t* Documentation https:\/\/developers.facebook.com\/docs\/meta-pixel\/implementation\/gdpr\n\t\t\t*\/\n\t\t\tif ( ( onetrustStorageConsent !== null ) && (onetrustStorageConsent.C0002 !== true ) ) {\n\t\t\t\tconsent=\"revoke\";\n\t\t\t}\n\t\t\t\t!function(f,b,e,v,n,t,s){if(f.fbq)return;n=f.fbq=function()\n\t\t{n.callMethod? n.callMethod.apply(n,arguments):n.queue.push(arguments)}\n\t\t;if(!f._fbq)f._fbq=n;\n\t\tn.push=n;n.loaded=!0;n.version='2.0';n.queue=[];t=b.createElement(e);t.async=!0;\n\t\tt.src=v;s=b.getElementsByTagName(e)[0];s.parentNode.insertBefore(t,s)}(window,\n\t\tdocument,'script','https:\/\/connect.facebook.net\/en_US\/fbevents.js');\n\t\tfbq('consent', consent);\n\t\tfbq('init', '813236348753005');\n\t\tfbq('track', \"PageView\");\n\t<\/script><br \/>\n<br \/><br \/>\n<br \/><a href=\"https:\/\/www.boston.com\/cars\/how-to\/2024\/09\/04\/car-doctor-why-wont-my-car-start-after-sitting-idle-for-a-few-days\/\">Source link <\/a><\/p>","protected":false},"excerpt":{"rendered":"<p>Como fazer John Paul, m\u00e9dico automotivo da AAA Northeast, responde \u00e0 pergunta de um leitor que tem problemas para dar partida no carro. O Car Doctor responde a uma pergunta&hellip;<\/p>","protected":false},"author":1,"featured_media":32032,"comment_status":"closed","ping_status":"open","sticky":false,"template":"","format":"standard","meta":{"content-type":"","footnotes":""},"categories":[1],"tags":[],"class_list":["post-32031","post","type-post","status-publish","format-standard","has-post-thumbnail","hentry","category-uncategorized"],"_links":{"self":[{"href":"https:\/\/tvbrazilusa.com\/pt\/wp-json\/wp\/v2\/posts\/32031","targetHints":{"allow":["GET"]}}],"collection":[{"href":"https:\/\/tvbrazilusa.com\/pt\/wp-json\/wp\/v2\/posts"}],"about":[{"href":"https:\/\/tvbrazilusa.com\/pt\/wp-json\/wp\/v2\/types\/post"}],"author":[{"embeddable":true,"href":"https:\/\/tvbrazilusa.com\/pt\/wp-json\/wp\/v2\/users\/1"}],"replies":[{"embeddable":true,"href":"https:\/\/tvbrazilusa.com\/pt\/wp-json\/wp\/v2\/comments?post=32031"}],"version-history":[{"count":1,"href":"https:\/\/tvbrazilusa.com\/pt\/wp-json\/wp\/v2\/posts\/32031\/revisions"}],"predecessor-version":[{"id":32033,"href":"https:\/\/tvbrazilusa.com\/pt\/wp-json\/wp\/v2\/posts\/32031\/revisions\/32033"}],"wp:featuredmedia":[{"embeddable":true,"href":"https:\/\/tvbrazilusa.com\/pt\/wp-json\/wp\/v2\/media\/32032"}],"wp:attachment":[{"href":"https:\/\/tvbrazilusa.com\/pt\/wp-json\/wp\/v2\/media?parent=32031"}],"wp:term":[{"taxonomy":"category","embeddable":true,"href":"https:\/\/tvbrazilusa.com\/pt\/wp-json\/wp\/v2\/categories?post=32031"},{"taxonomy":"post_tag","embeddable":true,"href":"https:\/\/tvbrazilusa.com\/pt\/wp-json\/wp\/v2\/tags?post=32031"}],"curies":[{"name":"wp","href":"https:\/\/api.w.org\/{rel}","templated":true}]}}