{"id":32063,"date":"2024-09-04T22:32:46","date_gmt":"2024-09-04T22:32:46","guid":{"rendered":"https:\/\/tvbrazilusa.com\/2024\/09\/04\/mais-de-240-cidades-no-brasil-apresentam-umidade-igual-ou-inferior-a-do-deserto-do-saara\/"},"modified":"2024-09-05T01:26:22","modified_gmt":"2024-09-05T01:26:22","slug":"mais-de-240-cidades-no-brasil-apresentam-umidade-igual-ou-inferior-a-do-deserto-do-saara","status":"publish","type":"post","link":"https:\/\/tvbrazilusa.com\/pt\/2024\/09\/04\/mais-de-240-cidades-no-brasil-apresentam-umidade-igual-ou-inferior-a-do-deserto-do-saara\/","title":{"rendered":"Mais de 240 cidades no Brasil apresentam umidade igual ou inferior \u00e0 do deserto do Saara"},"content":{"rendered":"<p> <script async src=\"https:\/\/pagead2.googlesyndication.com\/pagead\/js\/adsbygoogle.js?client=ca-pub-8864793242727901\"\r\n     crossorigin=\"anonymous\"><\/script><br \/>\n<\/p>\n<div>\n<p><em><sub>Cr\u00e9ditos: depositphotos.com \/ leolintang<\/sub><\/em><\/p>\n<p>Em meio \u00e0 pior seca da hist\u00f3ria recente do pa\u00eds e uma onda de calor brutal, o Brasil enfrenta n\u00edveis alarmantes de umidade do ar. De acordo com o Instituto Nacional de Meteorologia (Inmet), em pelo menos 244 cidades, a umidade relativa do ar atingiu \u00edndices compar\u00e1veis ao deserto do Saara.<\/p>\n<p>Nesta ter\u00e7a-feira, os term\u00f4metros mostraram m\u00e1ximas fant\u00e1sticas em diversas regi\u00f5es. No Mato Grosso e Mato Grosso do Sul, as temperaturas chegaram a 40\u00b0C. No interior de S\u00e3o Paulo e Minas Gerais, os term\u00f4metros marcavam at\u00e9 39\u00b0C. Al\u00e9m da alta temperatura, a seca prolongada agrava ainda mais a situa\u00e7\u00e3o.<\/p>\n<h2 class=\"wp-block-heading\">O Brasil Enfrenta Umidade do Ar a N\u00edvel de Deserto<\/h2>\n<p>O deserto do Saara, localizado no norte da \u00c1frica, \u00e9 conhecido por sua extrema aridez, com a umidade do ar variando entre 14% e 20%. Nesta ter\u00e7a-feira, 244 cidades brasileiras registraram \u00edndices de umidade baixa ou iguais a essas, evidenciando como a situa\u00e7\u00e3o \u00e9 cr\u00edtica. No deserto do Atacama, no Chile, conhecido como o mais seco do mundo, a umidade chegou a 5%, e surpreendentemente, dez cidades brasileiras chegaram a \u00edndices pr\u00f3ximos, com 7% de umidade do ar.<\/p>\n<h2 class=\"wp-block-heading\">Por que Isso Est\u00e1 Acontecendo?<\/h2>\n<h3 class=\"wp-block-heading\">Seca Extrema<\/h3>\n<p>Estamos vivendo a maior seca j\u00e1 registrada na hist\u00f3ria recente do Brasil. Todos os estados, exceto o Rio Grande do Sul, est\u00e3o enfrentando condi\u00e7\u00f5es extremamente secas. Especialmente em dez estados, al\u00e9m do Distrito Federal, n\u00e3o chove h\u00e1 mais de cem dias, elevando ainda mais a gravidade da situa\u00e7\u00e3o.<\/p>\n<h3 class=\"wp-block-heading\">Calor Intenso<\/h3>\n<p>Setembro come\u00e7ou com uma onda de calor muito forte, com temperaturas batendo recordes em diversas regi\u00f5es. Esse calor exacerbado, somado \u00e0 falta de chuvas, faz com que a umidade do ar evapore rapidamente, piorando ainda mais a condi\u00e7\u00e3o clim\u00e1tica.<\/p>\n<h3 class=\"wp-block-heading\">Bloqueios Atmosf\u00e9ricos<\/h3>\n<p>Os bloqueios atmosf\u00e9ricos impedem o avan\u00e7o de frentes frias e, consequentemente, das chuvas. Com menos nuvens e precipita\u00e7\u00e3o, a umidade do ar continua caindo drasticamente, agravando o cen\u00e1rio.<\/p>\n<h2 class=\"wp-block-heading\">O Que Pode Acontecer nos Pr\u00f3ximos Dias?<\/h2>\n<p>Especialistas alertam que a situa\u00e7\u00e3o pode piorar nos pr\u00f3ximos dias. As previs\u00f5es indicam continuidades das altas temperaturas e da baixa umidade do ar, aumentando ainda mais os riscos para a sa\u00fade da popula\u00e7\u00e3o. O Inmet emitiu aviso de sinal vermelho para estados como Mato Grosso, Mato Grosso do Sul, S\u00e3o Paulo, Minas Gerais, Goi\u00e1s e o Distrito Federal, com a umidade esperada para cair abaixo de 12%. No restante do pa\u00eds, o alerta \u00e9 amarelo, prevendo umidade em torno de 30%.<\/p>\n<h2 class=\"wp-block-heading\">Dicas para Enfrentar o Tempo Seco<\/h2>\n<ul class=\"wp-block-list\">\n<li>Beba muita \u00e1gua, cerca de dois litros por dia, para manter a hidrata\u00e7\u00e3o do corpo.<\/li>\n<li>Use um umidificador de ar em casa. Alternativamente, coloque uma bacia de \u00e1gua ou uma toalha molhada no ambiente.<\/li>\n<li>Hidrate as mucosas com soro fisiol\u00f3gico pelo menos duas vezes ao dia.<\/li>\n<li>Lave os olhos com soro fisiol\u00f3gico ou col\u00edrios de l\u00e1grima artificial para mant\u00ea-los hidratados.<\/li>\n<li>Evite o consumo excessivo de bebidas alco\u00f3licas, pois podem desidratar ainda mais o corpo.<\/li>\n<li>Mantenha a casa sempre limpa para evitar o ac\u00famulo de poeira.<\/li>\n<li>Evite atividades f\u00edsicas intensas entre 11h e 17h.<\/li>\n<li>Proteja-se do sol e evite o ressecamento da pele e das mucosas.<\/li>\n<\/ul>\n<p>Com os esfor\u00e7os cont\u00ednuos e cuidados adequados, \u00e9 poss\u00edvel minimizar os impactos dessa seca severa e do calor intenso. Entretanto, \u00e9 crucial que as autoridades e a popula\u00e7\u00e3o permane\u00e7am vigilantes e tomem todas as medidas necess\u00e1rias para enfrentar esse desafio clim\u00e1tico sem precedentes.<\/p>\n<\/p><\/div>\n<p><br \/>\n<br \/><a href=\"https:\/\/terrabrasilnoticias.com\/2024\/09\/mais-de-240-cidades-no-brasil-apresentam-umidade-igual-ou-inferior-a-do-deserto-do-saara\/\">Source link <\/a><\/p>","protected":false},"excerpt":{"rendered":"<p>Cr\u00e9ditos: depositphotos.com \/ leolintang Em meio \u00e0 pior seca da hist\u00f3ria recente do pa\u00eds e uma onda de calor brutal, o Brasil enfrenta n\u00edveis alarmantes de umidade do ar. De&hellip;<\/p>","protected":false},"author":1,"featured_media":32064,"comment_status":"closed","ping_status":"open","sticky":false,"template":"","format":"standard","meta":{"content-type":"","footnotes":""},"categories":[16],"tags":[],"class_list":["post-32063","post","type-post","status-publish","format-standard","has-post-thumbnail","hentry","category-noticias"],"_links":{"self":[{"href":"https:\/\/tvbrazilusa.com\/pt\/wp-json\/wp\/v2\/posts\/32063","targetHints":{"allow":["GET"]}}],"collection":[{"href":"https:\/\/tvbrazilusa.com\/pt\/wp-json\/wp\/v2\/posts"}],"about":[{"href":"https:\/\/tvbrazilusa.com\/pt\/wp-json\/wp\/v2\/types\/post"}],"author":[{"embeddable":true,"href":"https:\/\/tvbrazilusa.com\/pt\/wp-json\/wp\/v2\/users\/1"}],"replies":[{"embeddable":true,"href":"https:\/\/tvbrazilusa.com\/pt\/wp-json\/wp\/v2\/comments?post=32063"}],"version-history":[{"count":1,"href":"https:\/\/tvbrazilusa.com\/pt\/wp-json\/wp\/v2\/posts\/32063\/revisions"}],"predecessor-version":[{"id":32065,"href":"https:\/\/tvbrazilusa.com\/pt\/wp-json\/wp\/v2\/posts\/32063\/revisions\/32065"}],"wp:featuredmedia":[{"embeddable":true,"href":"https:\/\/tvbrazilusa.com\/pt\/wp-json\/wp\/v2\/media\/32064"}],"wp:attachment":[{"href":"https:\/\/tvbrazilusa.com\/pt\/wp-json\/wp\/v2\/media?parent=32063"}],"wp:term":[{"taxonomy":"category","embeddable":true,"href":"https:\/\/tvbrazilusa.com\/pt\/wp-json\/wp\/v2\/categories?post=32063"},{"taxonomy":"post_tag","embeddable":true,"href":"https:\/\/tvbrazilusa.com\/pt\/wp-json\/wp\/v2\/tags?post=32063"}],"curies":[{"name":"wp","href":"https:\/\/api.w.org\/{rel}","templated":true}]}}