{"id":32085,"date":"2024-09-05T01:56:16","date_gmt":"2024-09-05T01:56:16","guid":{"rendered":"https:\/\/tvbrazilusa.com\/2024\/09\/05\/bolsonaro-ve-riscos-em-tarcisio-apoiar-nunes-paulo-figueiredo\/"},"modified":"2024-09-05T02:47:57","modified_gmt":"2024-09-05T02:47:57","slug":"bolsonaro-ve-riscos-em-tarcisio-apoiar-nunes-paulo-figueiredo","status":"publish","type":"post","link":"https:\/\/tvbrazilusa.com\/pt\/2024\/09\/05\/bolsonaro-ve-riscos-em-tarcisio-apoiar-nunes-paulo-figueiredo\/","title":{"rendered":"Bolsonaro v\u00ea riscos em Tarc\u00edsio apoiar Nunes &#8211; Paulo Figueiredo"},"content":{"rendered":"<p> <script async src=\"https:\/\/pagead2.googlesyndication.com\/pagead\/js\/adsbygoogle.js?client=ca-pub-8864793242727901\"\r\n     crossorigin=\"anonymous\"><\/script><br \/>\n<\/p>\n<div id=\"wtr-content\" data-bg=\"#FFFFFF\" data-fg=\"#006d91\" data-width=\"25\" data-mute=\"1\" data-fgopacity=\"1.00\" data-mutedopacity=\"0.5\" data-placement=\"bottom\" data-placement-offset=\"0\" data-content-offset=\"262\" data-placement-touch=\"bottom\" data-placement-offset-touch=\"0\" data-transparent=\"\" data-shadow=\"0\" data-touch=\"1\" data-non-touch=\"1\" data-comments=\"0\" data-commentsbg=\"transparent\" data-location=\"page\" data-mutedfg=\"#006d91\" data-endfg=\"#006d91\" data-rtl=\"\">\n<pre class=\"wp-block-preformatted has-small-font-size\">Foto - Rovena Rosa\/Ag\u00eancia Brasil<\/pre>\n<h3 class=\"wp-block-heading\">Entenda a pol\u00eamica envolvendo Bolsonaro, Tarc\u00edsio de Freitas e a disputa eleitoral em S\u00e3o Paulo<\/h3>\n<p>O ex-presidente Jair Bolsonaro teria sugerido ao governador de S\u00e3o Paulo, Tarc\u00edsio de Freitas (Republicanos-SP), que reconsiderasse seu apoio \u00e0 campanha de reelei\u00e7\u00e3o do atual prefeito da capital paulista, Ricardo Nunes (MDB-SP). Segundo informa\u00e7\u00f5es da coluna de Igor Gadelha no Metr\u00f3poles, Bolsonaro afirmou que Tarc\u00edsio estaria \u201cassinando seu atestado de \u00f3bito\u201d pol\u00edtico ao manter o apoio, pois, na vis\u00e3o do ex-presidente, Nunes teria \u201cchances consider\u00e1veis de derrota\u201d nas elei\u00e7\u00f5es.<\/p>\n<p>Apesar do suposto conselho de Bolsonaro, e\u00a0mesmo ap\u00f3s Pablo Mar\u00e7al (PRTB-SP) ter solicitado sua neutralidade na disputa, Tarc\u00edsio teria decidido manter seu apoio a Ricardo Nunes. Ainda de acordo com a coluna, o governador, em conversas com aliados, indicou que Nunes \u201ctem recuperado terreno\u201d e demonstrado \u201cum f\u00f4lego\u201d na campanha.<\/p>\n<p>O Coronel Mello Ara\u00fajo (PL-SP), candidato a vice-prefeito de Nunes, que entra como o nome bolsonarista na chapa. \u201cMinha miss\u00e3o segue conforme combinado e nada mudou\u201d, afirmou Mello. Ele declarou que entrou na disputa a pedido de Bolsonaro e evidenciou que a chapa segue tendo o apoio do ex-presidente.<\/p>\n<p>Apesar de n\u00e3o ter feito declara\u00e7\u00f5es p\u00fablicas sobre a poss\u00edvel insatisfa\u00e7\u00e3o com a candidatura de Nunes, Bolsonaro chegou a dizer que o\u00a0prefeito \u201cn\u00e3o \u00e9 o candidato dos sonhos\u201d.\u00a0O escolhido do ex-presidente para S\u00e3o Paulo era o deputado federal Ricardo Salles (Novo-SP), que tamb\u00e9m foi seu ministro do Meio Ambiente. O nome de Nunes foi resultado de uma decis\u00e3o do presidente do Partido Liberal (PL), Valdemar Costa Neto, e do governador Tarc\u00edsio.<\/p>\n<p><strong><a href=\"https:\/\/www.gazetadopovo.com.br\/vozes\/entrelinhas\/bolsonaro-ve-riscos-em-tarcisio-apoiar-nunes\/\">Source link<\/a><\/strong><\/p>\n<\/div>\n<p><br \/>\n<br \/><a href=\"https:\/\/paulofigueiredoshow.com\/bolsonaro-ve-riscos-em-tarcisio-apoiar-nunes\/\">Source link <\/a><\/p>","protected":false},"excerpt":{"rendered":"<p>Foto &#8211; Rovena Rosa\/Ag\u00eancia Brasil Entenda a pol\u00eamica envolvendo Bolsonaro, Tarc\u00edsio de Freitas e a disputa eleitoral em S\u00e3o Paulo O ex-presidente Jair Bolsonaro teria sugerido ao governador de S\u00e3o&hellip;<\/p>","protected":false},"author":1,"featured_media":32086,"comment_status":"closed","ping_status":"open","sticky":false,"template":"","format":"standard","meta":{"content-type":"","footnotes":""},"categories":[16],"tags":[17767,136,17768,174,1603,4669,292],"class_list":["post-32085","post","type-post","status-publish","format-standard","has-post-thumbnail","hentry","category-noticias","tag-bolsoanro","tag-bolsonaro","tag-mello-araujo","tag-nunes","tag-pl","tag-sao-paulo","tag-tarcisio"],"_links":{"self":[{"href":"https:\/\/tvbrazilusa.com\/pt\/wp-json\/wp\/v2\/posts\/32085","targetHints":{"allow":["GET"]}}],"collection":[{"href":"https:\/\/tvbrazilusa.com\/pt\/wp-json\/wp\/v2\/posts"}],"about":[{"href":"https:\/\/tvbrazilusa.com\/pt\/wp-json\/wp\/v2\/types\/post"}],"author":[{"embeddable":true,"href":"https:\/\/tvbrazilusa.com\/pt\/wp-json\/wp\/v2\/users\/1"}],"replies":[{"embeddable":true,"href":"https:\/\/tvbrazilusa.com\/pt\/wp-json\/wp\/v2\/comments?post=32085"}],"version-history":[{"count":1,"href":"https:\/\/tvbrazilusa.com\/pt\/wp-json\/wp\/v2\/posts\/32085\/revisions"}],"predecessor-version":[{"id":32087,"href":"https:\/\/tvbrazilusa.com\/pt\/wp-json\/wp\/v2\/posts\/32085\/revisions\/32087"}],"wp:featuredmedia":[{"embeddable":true,"href":"https:\/\/tvbrazilusa.com\/pt\/wp-json\/wp\/v2\/media\/32086"}],"wp:attachment":[{"href":"https:\/\/tvbrazilusa.com\/pt\/wp-json\/wp\/v2\/media?parent=32085"}],"wp:term":[{"taxonomy":"category","embeddable":true,"href":"https:\/\/tvbrazilusa.com\/pt\/wp-json\/wp\/v2\/categories?post=32085"},{"taxonomy":"post_tag","embeddable":true,"href":"https:\/\/tvbrazilusa.com\/pt\/wp-json\/wp\/v2\/tags?post=32085"}],"curies":[{"name":"wp","href":"https:\/\/api.w.org\/{rel}","templated":true}]}}