{"id":32148,"date":"2024-09-05T10:07:29","date_gmt":"2024-09-05T10:07:29","guid":{"rendered":"https:\/\/tvbrazilusa.com\/2024\/09\/05\/seu-guia-de-feiras-e-festivais-em-connecticut-para-2024\/"},"modified":"2024-09-05T10:13:55","modified_gmt":"2024-09-05T10:13:55","slug":"seu-guia-de-feiras-e-festivais-em-connecticut-para-2024","status":"publish","type":"post","link":"https:\/\/tvbrazilusa.com\/pt\/2024\/09\/05\/seu-guia-de-feiras-e-festivais-em-connecticut-para-2024\/","title":{"rendered":"Seu guia de feiras e festivais em Connecticut para 2024"},"content":{"rendered":"<script async src=\"https:\/\/pagead2.googlesyndication.com\/pagead\/js\/adsbygoogle.js?client=ca-pub-8864793242727901\"\r\n     crossorigin=\"anonymous\"><\/script>\n<p>NEW HAVEN, Connecticut (WTNH) \u2014 Connecticut ter\u00e1 muitas feiras e festivais excelentes em 2024. De comida, m\u00fasica ao vivo, passeios, jogos e muito mais, h\u00e1 algo para todos! <\/p>\n<p>O News 8 compilou uma lista de eventos, organizados por data, para voc\u00ea conferir com a fam\u00edlia e os amigos.<\/p>\n<h2 class=\"wp-block-heading\">Setembro<\/h2>\n<ul>\n<li><a href=\"https:\/\/www.hebronharvestfair.org\/\" target=\"_blank\" rel=\"noreferrer noopener\">Feira da Colheita de Hebron<\/a> &#8211; 5 a 8 de setembro<\/li>\n<li><a href=\"https:\/\/www.northhaven-fair.com\/\" target=\"_blank\" rel=\"noreferrer noopener\">Feira de North Haven<\/a> &#8211; 5 a 8 de setembro<\/li>\n<li><a href=\"https:\/\/wappingfair.org\/\" target=\"_blank\" rel=\"noreferrer noopener\">Feira de Wapping<\/a> &#8211; 5 a 8 de setembro<\/li>\n<li><a href=\"https:\/\/bethlehemfair.com\/\" target=\"_blank\" rel=\"noreferrer noopener\">Feira de Bel\u00e9m<\/a> &#8211; 6 a 8 de setembro<\/li>\n<li><a href=\"https:\/\/www.stpetersonthegreen.com\/apple-festival\" target=\"_blank\" rel=\"noreferrer noopener\">Festival da Ma\u00e7\u00e3 de S\u00e3o Pedro<\/a> &#8211; 7 a 8 de setembro<\/li>\n<li><a href=\"https:\/\/www.ctberlinfair.com\/\" target=\"_blank\" rel=\"noreferrer noopener\">Feira de Berlim<\/a> &#8211; 12 a 15 de setembro<\/li>\n<li><a href=\"https:\/\/www.4townfair.com\/\" target=\"_blank\" rel=\"noreferrer noopener\">Feira das Quatro Cidades<\/a> &#8211; 12 a 15 de setembro<\/li>\n<li><a href=\"https:\/\/www.thebige.com\/\" target=\"_blank\" rel=\"noreferrer noopener\">E grande<\/a> &#8211; 13 a 29 de setembro<\/li>\n<li><a href=\"https:\/\/www.facebook.com\/milfordirishfestival\/\" data-type=\"link\" data-id=\"https:\/\/www.facebook.com\/milfordirishfestival\/\" target=\"_blank\" rel=\"noreferrer noopener\">Festival Irland\u00eas de Milford<\/a> &#8211; 13 e 14 de setembro<\/li>\n<li><a href=\"https:\/\/guilfordfair.org\/\" target=\"_blank\" rel=\"noreferrer noopener\">Feira de Guilford<\/a> &#8211; 20 a 22 de setembro<\/li>\n<li><a href=\"https:\/\/orangectfair.com\/\" target=\"_blank\" rel=\"noreferrer noopener\">Feira do Pa\u00eds de Orange<\/a> &#8211; 21 e 22 de setembro<\/li>\n<li><a href=\"https:\/\/www.durhamfair.com\/index\" target=\"_blank\" rel=\"noreferrer noopener\">Feira de Durham<\/a> &#8211; 27 de setembro<\/li>\n<li><a href=\"https:\/\/www.fccwesthaven.org\/\" target=\"_blank\" rel=\"noreferrer noopener\">Primeira Igreja Congregacional de West Haven Apple Festival<\/a> &#8211; 27 a 29 de setembro<\/li>\n<\/ul>\n<h2 class=\"wp-block-heading\">outubro<\/h2>\n<ul>\n<li><a href=\"https:\/\/harwintonfair.com\/\" target=\"_blank\" rel=\"noreferrer noopener\">Feira de Harwinton<\/a> &#8211; 4 a 6 de outubro<\/li>\n<li><a href=\"https:\/\/www.southington.org\/ahf\/\" target=\"_blank\" rel=\"noreferrer noopener\">Colheita de ma\u00e7\u00e3s de Southington<\/a> &#8211; 4 a 6 de outubro, 11 a 13<\/li>\n<li><a href=\"https:\/\/www.swapplefest.com\/\" target=\"_blank\" rel=\"noreferrer noopener\">Festival da Ma\u00e7\u00e3 de South Windsor<\/a> &#8211; 5 de outubro<\/li>\n<li><a href=\"https:\/\/www.portlandfair.com\/\" target=\"_blank\" rel=\"noreferrer noopener\">Feira Agr\u00edcola de Portland<\/a> &#8211; 4 a 6 de outubro<\/li>\n<li><a href=\"https:\/\/rivertonfair.com\/\" data-type=\"link\" data-id=\"https:\/\/rivertonfair.com\/\" target=\"_blank\" rel=\"noreferrer noopener\">Feira de Riverton<\/a> &#8211; 11 a 13 de outubro<\/li>\n<li><a href=\"https:\/\/www.compassionfest.net\/\" data-type=\"link\" data-id=\"https:\/\/www.compassionfest.net\/\" target=\"_blank\" rel=\"noreferrer noopener\">Compassionfest<\/a> &#8211; 12 de outubro<\/li>\n<li><a href=\"https:\/\/www.garlicfestct.com\/\" target=\"_blank\" rel=\"noreferrer noopener\">Festival do Alho e da Colheita<\/a> &#8211; 12 e 13 de outubro<\/li>\n<li><a href=\"https:\/\/www.facebook.com\/GlastonburyAppleHarvestFest\/\" data-type=\"link\" data-id=\"https:\/\/www.facebook.com\/GlastonburyAppleHarvestFest\/\">Festival de Colheita de Ma\u00e7\u00e3s e M\u00fasica de Glastonbury<\/a> &#8211; 18 a 20 de outubro<\/li>\n<\/ul>\n<hr class=\"wp-block-separator has-alpha-channel-opacity is-style-dots\" \/>\n<p>Voc\u00ea conhece alguma feira ou festival que n\u00e3o esteja na lista? Envie a informa\u00e7\u00e3o por e-mail para <a href=\"mailto:jenn.brink@wtnh.com\" target=\"_blank\" rel=\"noreferrer noopener\">jenn.brink@wtnh.com<\/a>.<\/p>\n<p><br \/>\n<br \/><a href=\"https:\/\/www.wtnh.com\/news\/connecticut\/your-2024-guide-to-fairs-and-festivals-in-connecticut\/\">Source link <\/a><\/p>","protected":false},"excerpt":{"rendered":"<p>NEW HAVEN, Connecticut (WTNH) \u2014 Connecticut ter\u00e1 muitas feiras e festivais excelentes em 2024. De comida, m\u00fasica ao vivo, passeios, jogos e muito mais, h\u00e1 algo para todos! O News&hellip;<\/p>","protected":false},"author":1,"featured_media":32149,"comment_status":"closed","ping_status":"open","sticky":false,"template":"","format":"standard","meta":{"content-type":"","footnotes":""},"categories":[1],"tags":[],"class_list":["post-32148","post","type-post","status-publish","format-standard","has-post-thumbnail","hentry","category-uncategorized"],"_links":{"self":[{"href":"https:\/\/tvbrazilusa.com\/pt\/wp-json\/wp\/v2\/posts\/32148","targetHints":{"allow":["GET"]}}],"collection":[{"href":"https:\/\/tvbrazilusa.com\/pt\/wp-json\/wp\/v2\/posts"}],"about":[{"href":"https:\/\/tvbrazilusa.com\/pt\/wp-json\/wp\/v2\/types\/post"}],"author":[{"embeddable":true,"href":"https:\/\/tvbrazilusa.com\/pt\/wp-json\/wp\/v2\/users\/1"}],"replies":[{"embeddable":true,"href":"https:\/\/tvbrazilusa.com\/pt\/wp-json\/wp\/v2\/comments?post=32148"}],"version-history":[{"count":1,"href":"https:\/\/tvbrazilusa.com\/pt\/wp-json\/wp\/v2\/posts\/32148\/revisions"}],"predecessor-version":[{"id":32150,"href":"https:\/\/tvbrazilusa.com\/pt\/wp-json\/wp\/v2\/posts\/32148\/revisions\/32150"}],"wp:featuredmedia":[{"embeddable":true,"href":"https:\/\/tvbrazilusa.com\/pt\/wp-json\/wp\/v2\/media\/32149"}],"wp:attachment":[{"href":"https:\/\/tvbrazilusa.com\/pt\/wp-json\/wp\/v2\/media?parent=32148"}],"wp:term":[{"taxonomy":"category","embeddable":true,"href":"https:\/\/tvbrazilusa.com\/pt\/wp-json\/wp\/v2\/categories?post=32148"},{"taxonomy":"post_tag","embeddable":true,"href":"https:\/\/tvbrazilusa.com\/pt\/wp-json\/wp\/v2\/tags?post=32148"}],"curies":[{"name":"wp","href":"https:\/\/api.w.org\/{rel}","templated":true}]}}