{"id":32157,"date":"2024-09-05T10:33:50","date_gmt":"2024-09-05T10:33:50","guid":{"rendered":"https:\/\/tvbrazilusa.com\/2024\/09\/05\/outro-dia-outro-aviso-de-calor-wsvn-7news-noticias-de-miami-clima-esportes-fort-lauderdale\/"},"modified":"2024-09-05T10:36:39","modified_gmt":"2024-09-05T10:36:39","slug":"outro-dia-outro-aviso-de-calor-wsvn-7news-noticias-de-miami-clima-esportes-fort-lauderdale","status":"publish","type":"post","link":"https:\/\/tvbrazilusa.com\/pt\/2024\/09\/05\/outro-dia-outro-aviso-de-calor-wsvn-7news-noticias-de-miami-clima-esportes-fort-lauderdale\/","title":{"rendered":"OUTRO DIA, OUTRO AVISO DE CALOR &#8211; WSVN 7News | Not\u00edcias de Miami, Clima, Esportes | Fort Lauderdale"},"content":{"rendered":"<p> <script async src=\"https:\/\/pagead2.googlesyndication.com\/pagead\/js\/adsbygoogle.js?client=ca-pub-8864793242727901\"\r\n     crossorigin=\"anonymous\"><\/script><br \/>\n<\/p>\n<div itemprop=\"articleBody\">\n<p class=\"has-text-align-center is-style-larger\"><strong>Feliz quinta-feira, sul da Fl\u00f3rida!<\/strong><\/p>\n<p class=\"has-text-align-center is-style-larger\"><strong>Espero que todos tenham tido uma boa semana de trabalho at\u00e9 agora, embora curta. Quarta-feira no sul da Fl\u00f3rida provou ser bem agrad\u00e1vel, com menos chuvas pela manh\u00e3 (em compara\u00e7\u00e3o com as manh\u00e3s anteriores) e condi\u00e7\u00f5es muito mais secas \u00e0 tarde. Era evidente que o padr\u00e3o clim\u00e1tico estava come\u00e7ando a mudar. No entanto, n\u00e3o estava seco para todos no final da tarde de ontem e no in\u00edcio da noite. Chuvas e tempestades se desenvolveram sobre o Atl\u00e2ntico e eventualmente se moveram para a costa em Miami Dade. E essas tempestades estavam dando um soco! Chuvas e tempestades persistiram intermitentemente at\u00e9 o final da noite passada, mas finalmente as condi\u00e7\u00f5es desta manh\u00e3 estavam calmas. Mas com certeza estava abafado!<\/strong><\/p>\n<figure class=\"wp-block-image size-large is-resized\"><\/figure>\n<p class=\"has-text-align-center is-style-larger\"><strong><br \/>Hoje ser\u00e1 o primeiro dia principalmente seco que o sul da Fl\u00f3rida viu em algum tempo. O ar mais seco se moveu pela regi\u00e3o enquanto uma frente permanece parada no norte da Fl\u00f3rida. Menores chances de chuva e um pouco mais de sol significam que as temperaturas podem ser um pouco mais quentes. E com a umidade adicionada, estar\u00e1 bastante \u00famido hoje. Parece que as temperaturas podem chegar a 112\u00b0 por longos per\u00edodos de tempo. Naturalmente, um alerta de calor foi emitido mais uma vez para todo o sul da Fl\u00f3rida que durar\u00e1 grande parte do dia. Ent\u00e3o, tente limitar seu tempo ao ar livre hoje, se poss\u00edvel.<\/strong><\/p>\n<figure class=\"wp-block-image size-large is-resized\"><img fetchpriority=\"high\" decoding=\"async\" width=\"1920\" height=\"1080\" src=\"https:\/\/wsvn.com\/wp-content\/uploads\/sites\/2\/2024\/09\/Blog-2-2.png?w=1024\" alt=\"\" class=\"wp-image-1481436\" style=\"width:872px;height:auto\" srcset=\"https:\/\/wsvn.com\/wp-content\/uploads\/sites\/2\/2024\/09\/Blog-2-2.png 1920w, https:\/\/wsvn.com\/wp-content\/uploads\/sites\/2\/2024\/09\/Blog-2-2.png?resize=300,169 300w, https:\/\/wsvn.com\/wp-content\/uploads\/sites\/2\/2024\/09\/Blog-2-2.png?resize=768,432 768w, https:\/\/wsvn.com\/wp-content\/uploads\/sites\/2\/2024\/09\/Blog-2-2.png?resize=1024,576 1024w, https:\/\/wsvn.com\/wp-content\/uploads\/sites\/2\/2024\/09\/Blog-2-2.png?resize=1536,864 1536w\" sizes=\"(max-width: 1920px) 100vw, 1920px\"\/><\/figure>\n<p class=\"has-text-align-center is-style-larger\"><strong>Olhando para o futuro, ap\u00f3s a chuva implac\u00e1vel na semana passada e no \u00faltimo fim de semana, o ar mais seco que se moveu para o sul da Fl\u00f3rida permanecer\u00e1 por um tempo. Ainda haver\u00e1 uma chance de algumas chuvas breves e tempestades isoladas de vez em quando. E enquanto o ar mais seco parece permanecer no in\u00edcio do fim de semana, algumas chuvas e tempestades isoladas \u00e0 tarde ser\u00e3o poss\u00edveis para nossas \u00e1reas continentais, especialmente em nossas localiza\u00e7\u00f5es no interior. No geral, ainda estar\u00e1 mais seco do que o sul da Fl\u00f3rida est\u00e1 acostumado a ver nesta \u00e9poca do ano.  <\/strong><\/p>\n<figure class=\"wp-block-image size-large is-resized\"><img decoding=\"async\" width=\"1920\" height=\"1080\" src=\"https:\/\/wsvn.com\/wp-content\/uploads\/sites\/2\/2024\/09\/Blog-3-2.png?w=1024\" alt=\"\" class=\"wp-image-1481435\" style=\"width:888px;height:auto\" srcset=\"https:\/\/wsvn.com\/wp-content\/uploads\/sites\/2\/2024\/09\/Blog-3-2.png 1920w, https:\/\/wsvn.com\/wp-content\/uploads\/sites\/2\/2024\/09\/Blog-3-2.png?resize=300,169 300w, https:\/\/wsvn.com\/wp-content\/uploads\/sites\/2\/2024\/09\/Blog-3-2.png?resize=768,432 768w, https:\/\/wsvn.com\/wp-content\/uploads\/sites\/2\/2024\/09\/Blog-3-2.png?resize=1024,576 1024w, https:\/\/wsvn.com\/wp-content\/uploads\/sites\/2\/2024\/09\/Blog-3-2.png?resize=1536,864 1536w\" sizes=\"(max-width: 1920px) 100vw, 1920px\"\/><\/figure>\n<p class=\"has-text-align-center is-style-larger\"><strong>Lembre-se de se manter hidratado!<\/strong><\/p>\n<p><strong>\u00c9rika Delgado<br \/>Meteorologista<br \/>WSVN \/ Canal 7 Not\u00edcias<\/strong><\/p>\n<p><em>Copyright 2024 Sunbeam Television Corp. Todos os direitos reservados. Este material n\u00e3o pode ser publicado, transmitido, reescrito ou redistribu\u00eddo.<\/em><\/p>\n<div class=\"wp-block-newsletter\">\n\t<strong class=\"wp-block-newsletter__title\">Inscreva-se em nossa Newsletter para receber as \u00faltimas not\u00edcias diretamente na sua caixa de entrada<\/strong><\/p>\n<\/div><\/div>\n<p><br \/>\n<br \/><a href=\"https:\/\/wsvn.com\/weather-blog\/another-day-another-heat-advisory-2\/\">Source link <\/a><\/p>","protected":false},"excerpt":{"rendered":"<p>Feliz quinta-feira, sul da Fl\u00f3rida! Espero que todos tenham tido uma boa semana de trabalho at\u00e9 agora, embora curta. Quarta-feira no sul da Fl\u00f3rida provou ser bem agrad\u00e1vel, com menos&hellip;<\/p>","protected":false},"author":1,"featured_media":32158,"comment_status":"closed","ping_status":"open","sticky":false,"template":"","format":"standard","meta":{"content-type":"","footnotes":""},"categories":[1],"tags":[],"class_list":["post-32157","post","type-post","status-publish","format-standard","has-post-thumbnail","hentry","category-uncategorized"],"_links":{"self":[{"href":"https:\/\/tvbrazilusa.com\/pt\/wp-json\/wp\/v2\/posts\/32157","targetHints":{"allow":["GET"]}}],"collection":[{"href":"https:\/\/tvbrazilusa.com\/pt\/wp-json\/wp\/v2\/posts"}],"about":[{"href":"https:\/\/tvbrazilusa.com\/pt\/wp-json\/wp\/v2\/types\/post"}],"author":[{"embeddable":true,"href":"https:\/\/tvbrazilusa.com\/pt\/wp-json\/wp\/v2\/users\/1"}],"replies":[{"embeddable":true,"href":"https:\/\/tvbrazilusa.com\/pt\/wp-json\/wp\/v2\/comments?post=32157"}],"version-history":[{"count":1,"href":"https:\/\/tvbrazilusa.com\/pt\/wp-json\/wp\/v2\/posts\/32157\/revisions"}],"predecessor-version":[{"id":32159,"href":"https:\/\/tvbrazilusa.com\/pt\/wp-json\/wp\/v2\/posts\/32157\/revisions\/32159"}],"wp:featuredmedia":[{"embeddable":true,"href":"https:\/\/tvbrazilusa.com\/pt\/wp-json\/wp\/v2\/media\/32158"}],"wp:attachment":[{"href":"https:\/\/tvbrazilusa.com\/pt\/wp-json\/wp\/v2\/media?parent=32157"}],"wp:term":[{"taxonomy":"category","embeddable":true,"href":"https:\/\/tvbrazilusa.com\/pt\/wp-json\/wp\/v2\/categories?post=32157"},{"taxonomy":"post_tag","embeddable":true,"href":"https:\/\/tvbrazilusa.com\/pt\/wp-json\/wp\/v2\/tags?post=32157"}],"curies":[{"name":"wp","href":"https:\/\/api.w.org\/{rel}","templated":true}]}}