{"id":32187,"date":"2024-09-05T12:10:30","date_gmt":"2024-09-05T12:10:30","guid":{"rendered":"https:\/\/tvbrazilusa.com\/2024\/09\/05\/decisao-sobre-a-suspensao-do-x-no-brasil-esta-nas-maos-de-kassio-nunes-marques\/"},"modified":"2024-09-05T12:11:19","modified_gmt":"2024-09-05T12:11:19","slug":"decisao-sobre-a-suspensao-do-x-no-brasil-esta-nas-maos-de-kassio-nunes-marques","status":"publish","type":"post","link":"https:\/\/tvbrazilusa.com\/pt\/2024\/09\/05\/decisao-sobre-a-suspensao-do-x-no-brasil-esta-nas-maos-de-kassio-nunes-marques\/","title":{"rendered":"Decis\u00e3o sobre a suspens\u00e3o do X no Brasil est\u00e1 nas m\u00e3os de Kassio Nunes Marques"},"content":{"rendered":"<p> <script async src=\"https:\/\/pagead2.googlesyndication.com\/pagead\/js\/adsbygoogle.js?client=ca-pub-8864793242727901\"\r\n     crossorigin=\"anonymous\"><\/script><br \/>\n<\/p>\n<div>\n<p>Na \u00faltima segunda-feira, o partido NOVO acionou o Supremo Tribunal Federal (STF) para contestar a decis\u00e3o do ministro Alexandre de Moraes de suspender o funcionamento do X no Brasil. A a\u00e7\u00e3o tamb\u00e9m questiona as multas e obriga\u00e7\u00f5es impostas \u00e0s empresas de telecomunica\u00e7\u00f5es e provedores de internet. O pedido foi entregue ao ministro Kassio Nunes Marques, da Segunda Turma do STF.<\/p>\n<h2 class=\"wp-block-heading\">Entenda a Argumenta\u00e7\u00e3o do Partido NOVO<\/h2>\n<p>O NOVO utilizou uma Argui\u00e7\u00e3o de Descumprimento de Preceito Fundamental (ADPF) como instrumento jur\u00eddico. A ADPF \u00e9 destinada a \u201cevitar ou reparar les\u00e3o a preceito fundamental, resultante de ato do Poder P\u00fablico\u201d, conforme estabelecido pela lei.<\/p>\n<p>O partido alega que a decis\u00e3o de Moraes infringe princ\u00edpios fundamentais como o direito \u00e0 liberdade de express\u00e3o, proporcionalidade e o devido processo legal.<\/p>\n<h2 class=\"wp-block-heading\">Quais s\u00e3o os Argumentos da ADPF do Partido NOVO?<\/h2>\n<p>De acordo com a diretora jur\u00eddica do partido, Carolina Sponza, a decis\u00e3o \u00e9 considerada ileg\u00edtima e prejudicial ao direito \u00e0 liberdade de express\u00e3o. Em suas palavras:<\/p>\n<ul class=\"wp-block-list\">\n<li>Redes sociais como o X s\u00e3o canais essenciais para o exerc\u00edcio da liberdade de express\u00e3o.<\/li>\n<li>S\u00e3o importantes para a dissemina\u00e7\u00e3o de informa\u00e7\u00f5es, essencial para a democracia.<\/li>\n<li>A escolha das fontes de informa\u00e7\u00e3o pela sociedade n\u00e3o deve ser controlada por decis\u00f5es unilaterais.<\/li>\n<\/ul>\n<h2 class=\"wp-block-heading\">Qual \u00e9 o Impacto da Suspens\u00e3o do X no Per\u00edodo Eleitoral?<\/h2>\n<p>O partido NOVO tamb\u00e9m levanta preocupa\u00e7\u00f5es sobre o impacto negativo da suspens\u00e3o do X durante o per\u00edodo eleitoral. Eles argumentam que:<\/p>\n<ol class=\"wp-block-list\">\n<li>Compromete o debate democr\u00e1tico.<\/li>\n<li>Prejudica a divulga\u00e7\u00e3o de informa\u00e7\u00f5es por ve\u00edculos de imprensa e cidad\u00e3os.<\/li>\n<li>Puniu terceiros n\u00e3o envolvidos diretamente no processo judicial.<\/li>\n<\/ol>\n<h2 class=\"wp-block-heading\">Decis\u00f5es Individuais vs. Coletivas no STF<\/h2>\n<p>O processo foi atribu\u00eddo a Kassio Nunes Marques, da Segunda Turma, excluindo Moraes do sorteio devido \u00e0 rela\u00e7\u00e3o com a decis\u00e3o questionada. Agora, Nunes Marques pode decidir sozinho ou levar a decis\u00e3o para a turma ou plen\u00e1rio. Entretanto, ministros do STF usualmente n\u00e3o revisam decis\u00f5es de colegas de forma individual.<\/p>\n<p>Por fim, o partido NOVO mant\u00e9m a esperan\u00e7a de que a decis\u00e3o ser\u00e1 revista, sobretudo em um momento crucial como o per\u00edodo eleitoral. A decis\u00e3o nas m\u00e3os de Kassio Nunes Marques poder\u00e1 impactar diretamente o cen\u00e1rio pol\u00edtico e social no Brasil.<\/p>\n<p>Vamos acompanhar de perto os desdobramentos dessa quest\u00e3o e ver como o Supremo Tribunal Federal vai arbitrar esse importante debate sobre liberdade de express\u00e3o e os limites do poder p\u00fablico.<\/p>\n<\/p><\/div>\n<p><br \/>\n<br \/><a href=\"https:\/\/terrabrasilnoticias.com\/2024\/09\/decisao-sobre-a-suspensao-do-x-no-brasil-esta-nas-maos-de-kassio-nunes-marques\/\">Source link <\/a><\/p>","protected":false},"excerpt":{"rendered":"<p>Na \u00faltima segunda-feira, o partido NOVO acionou o Supremo Tribunal Federal (STF) para contestar a decis\u00e3o do ministro Alexandre de Moraes de suspender o funcionamento do X no Brasil. A&hellip;<\/p>","protected":false},"author":1,"featured_media":32188,"comment_status":"closed","ping_status":"open","sticky":false,"template":"","format":"standard","meta":{"content-type":"","footnotes":""},"categories":[16],"tags":[],"class_list":["post-32187","post","type-post","status-publish","format-standard","has-post-thumbnail","hentry","category-noticias"],"_links":{"self":[{"href":"https:\/\/tvbrazilusa.com\/pt\/wp-json\/wp\/v2\/posts\/32187","targetHints":{"allow":["GET"]}}],"collection":[{"href":"https:\/\/tvbrazilusa.com\/pt\/wp-json\/wp\/v2\/posts"}],"about":[{"href":"https:\/\/tvbrazilusa.com\/pt\/wp-json\/wp\/v2\/types\/post"}],"author":[{"embeddable":true,"href":"https:\/\/tvbrazilusa.com\/pt\/wp-json\/wp\/v2\/users\/1"}],"replies":[{"embeddable":true,"href":"https:\/\/tvbrazilusa.com\/pt\/wp-json\/wp\/v2\/comments?post=32187"}],"version-history":[{"count":1,"href":"https:\/\/tvbrazilusa.com\/pt\/wp-json\/wp\/v2\/posts\/32187\/revisions"}],"predecessor-version":[{"id":32189,"href":"https:\/\/tvbrazilusa.com\/pt\/wp-json\/wp\/v2\/posts\/32187\/revisions\/32189"}],"wp:featuredmedia":[{"embeddable":true,"href":"https:\/\/tvbrazilusa.com\/pt\/wp-json\/wp\/v2\/media\/32188"}],"wp:attachment":[{"href":"https:\/\/tvbrazilusa.com\/pt\/wp-json\/wp\/v2\/media?parent=32187"}],"wp:term":[{"taxonomy":"category","embeddable":true,"href":"https:\/\/tvbrazilusa.com\/pt\/wp-json\/wp\/v2\/categories?post=32187"},{"taxonomy":"post_tag","embeddable":true,"href":"https:\/\/tvbrazilusa.com\/pt\/wp-json\/wp\/v2\/tags?post=32187"}],"curies":[{"name":"wp","href":"https:\/\/api.w.org\/{rel}","templated":true}]}}