{"id":32308,"date":"2024-09-05T15:34:30","date_gmt":"2024-09-05T15:34:30","guid":{"rendered":"https:\/\/tvbrazilusa.com\/2024\/09\/05\/yankees-perdem-apaziguador-apos-ultima-derrota-na-serie\/"},"modified":"2024-09-05T15:46:05","modified_gmt":"2024-09-05T15:46:05","slug":"yankees-perdem-apaziguador-apos-ultima-derrota-na-serie","status":"publish","type":"post","link":"https:\/\/tvbrazilusa.com\/pt\/2024\/09\/05\/yankees-perdem-apaziguador-apos-ultima-derrota-na-serie\/","title":{"rendered":"Yankees perdem apaziguador ap\u00f3s \u00faltima derrota na s\u00e9rie"},"content":{"rendered":"<script async src=\"https:\/\/pagead2.googlesyndication.com\/pagead\/js\/adsbygoogle.js?client=ca-pub-8864793242727901\"\r\n     crossorigin=\"anonymous\"><\/script>\n<div>\n<p class=\"article__paragraph article__paragraph--left\" id=\"32ESCAPC25BV5AZRAOCDOQ2TDU\"><b>ARLINGTON, Texas <\/b>\u2014 O retorno de Scott Effross ao bullpen dos Yankees ap\u00f3s uma cirurgia de Tommy John no outono de 2022 e uma cirurgia nas costas no inverno passado durou quatro dias.<\/p>\n<p class=\"article__paragraph article__paragraph--left\" id=\"ACM43G2A25CFLOKJYW7LOBWI5M\">Depois de duas sa\u00eddas, o destro foi mandado de volta para Scranton\/Wilkes-Barre na quinta-feira, um dia de folga para os Yankees.<\/p>\n<\/div>\n<p><br \/>\n<br \/><a href=\"https:\/\/www.nj.com\/yankees\/2024\/09\/yankees-drop-reliever-after-latest-series-loss.html\">Source link <\/a><\/p>","protected":false},"excerpt":{"rendered":"<p>ARLINGTON, Texas \u2014 O retorno de Scott Effross ao bullpen dos Yankees ap\u00f3s uma cirurgia de Tommy John no outono de 2022 e uma cirurgia nas costas no inverno passado&hellip;<\/p>","protected":false},"author":1,"featured_media":32309,"comment_status":"closed","ping_status":"open","sticky":false,"template":"","format":"standard","meta":{"content-type":"","footnotes":""},"categories":[1],"tags":[],"class_list":["post-32308","post","type-post","status-publish","format-standard","has-post-thumbnail","hentry","category-uncategorized"],"_links":{"self":[{"href":"https:\/\/tvbrazilusa.com\/pt\/wp-json\/wp\/v2\/posts\/32308","targetHints":{"allow":["GET"]}}],"collection":[{"href":"https:\/\/tvbrazilusa.com\/pt\/wp-json\/wp\/v2\/posts"}],"about":[{"href":"https:\/\/tvbrazilusa.com\/pt\/wp-json\/wp\/v2\/types\/post"}],"author":[{"embeddable":true,"href":"https:\/\/tvbrazilusa.com\/pt\/wp-json\/wp\/v2\/users\/1"}],"replies":[{"embeddable":true,"href":"https:\/\/tvbrazilusa.com\/pt\/wp-json\/wp\/v2\/comments?post=32308"}],"version-history":[{"count":1,"href":"https:\/\/tvbrazilusa.com\/pt\/wp-json\/wp\/v2\/posts\/32308\/revisions"}],"predecessor-version":[{"id":32310,"href":"https:\/\/tvbrazilusa.com\/pt\/wp-json\/wp\/v2\/posts\/32308\/revisions\/32310"}],"wp:featuredmedia":[{"embeddable":true,"href":"https:\/\/tvbrazilusa.com\/pt\/wp-json\/wp\/v2\/media\/32309"}],"wp:attachment":[{"href":"https:\/\/tvbrazilusa.com\/pt\/wp-json\/wp\/v2\/media?parent=32308"}],"wp:term":[{"taxonomy":"category","embeddable":true,"href":"https:\/\/tvbrazilusa.com\/pt\/wp-json\/wp\/v2\/categories?post=32308"},{"taxonomy":"post_tag","embeddable":true,"href":"https:\/\/tvbrazilusa.com\/pt\/wp-json\/wp\/v2\/tags?post=32308"}],"curies":[{"name":"wp","href":"https:\/\/api.w.org\/{rel}","templated":true}]}}