{"id":32333,"date":"2024-09-05T16:09:35","date_gmt":"2024-09-05T16:09:35","guid":{"rendered":"https:\/\/tvbrazilusa.com\/2024\/09\/05\/depoimentos-reforcam-ligacao-de-candidato-do-pt-aliado-de-boulos-a-empresa-vinculada-ao-pcc-paulo-figueiredo\/"},"modified":"2024-09-05T16:14:42","modified_gmt":"2024-09-05T16:14:42","slug":"depoimentos-reforcam-ligacao-de-candidato-do-pt-aliado-de-boulos-a-empresa-vinculada-ao-pcc-paulo-figueiredo","status":"publish","type":"post","link":"https:\/\/tvbrazilusa.com\/pt\/2024\/09\/05\/depoimentos-reforcam-ligacao-de-candidato-do-pt-aliado-de-boulos-a-empresa-vinculada-ao-pcc-paulo-figueiredo\/","title":{"rendered":"Depoimentos refor\u00e7am liga\u00e7\u00e3o de candidato do PT aliado de Boulos a empresa vinculada ao PCC &#8211; Paulo Figueiredo"},"content":{"rendered":"<p> <script async src=\"https:\/\/pagead2.googlesyndication.com\/pagead\/js\/adsbygoogle.js?client=ca-pub-8864793242727901\"\r\n     crossorigin=\"anonymous\"><\/script><br \/>\n<\/p>\n<div id=\"wtr-content\" data-bg=\"#FFFFFF\" data-fg=\"#006d91\" data-width=\"25\" data-mute=\"1\" data-fgopacity=\"1.00\" data-mutedopacity=\"0.5\" data-placement=\"bottom\" data-placement-offset=\"0\" data-content-offset=\"262\" data-placement-touch=\"bottom\" data-placement-offset-touch=\"0\" data-transparent=\"\" data-shadow=\"0\" data-touch=\"1\" data-non-touch=\"1\" data-comments=\"0\" data-commentsbg=\"transparent\" data-location=\"page\" data-mutedfg=\"#006d91\" data-endfg=\"#006d91\" data-rtl=\"\">\n<pre class=\"wp-block-preformatted has-small-font-size\">Foto - Leandro Paiva<\/pre>\n<h3 class=\"wp-block-heading\">Vereador Senival Moura (PT) \u00e9 investigado por morte de ex-bra\u00e7o direito de neg\u00f3cios de companhia de \u00f4nibus com PCC<\/h3>\n<p>Novos depoimentos colhidos pelo Departamento de Homic\u00eddios (DHPP) da Pol\u00edcia Civil de S\u00e3o Paulo refor\u00e7am a \u201cinger\u00eancia\u201d do vereador Senival Moura (PT) sobre a empresa de \u00f4nibus Transuniao, que opera na zona leste da capital e \u00e9 investigada por supostos la\u00e7os com a fac\u00e7\u00e3o criminosa Primeiro Comando da Capital (PCC).<\/p>\n<p>Segundo\u00a0<strong>apura\u00e7\u00e3o<\/strong>\u00a0do portal Metr\u00f3poles, o parlamentar est\u00e1 sob investiga\u00e7\u00e3o por poss\u00edvel envolvimento no assassinato de um ex-diretor da empresa, apontado como seu intermedi\u00e1rio no comando da companhia.<\/p>\n<p>Candidato \u00e0 reelei\u00e7\u00e3o, Moura \u00e9 um dos principais apoiadores da campanha de Guilherme Boulos (Psol) \u00e0 Prefeitura de S\u00e3o Paulo e tem sido um dos cabos eleitorais do pol\u00edtico em bairros da zona leste paulistana.<\/p>\n<p>Em eventos p\u00fablicos, Boulos tem prometido revisar contratos de \u00f4nibus devido \u00e0 infiltra\u00e7\u00e3o do PCC nas empresas do setor e utilizado investiga\u00e7\u00f5es da pol\u00edcia e do Minist\u00e9rio P\u00fablico (MPSP) para criticar o atual prefeito Ricardo Nunes (MDB).<\/p>\n<p>\u201cO dinheiro p\u00fablico da prefeitura, nosso dinheiro, est\u00e1 indo para lavar dinheiro para o crime via empresa de \u00f4nibus\u201d, disse Boulos h\u00e1 dez dias, em entrevista ao programa\u00a0<em>Roda Viva<\/em>, da TV Cultura.<\/p>\n<p>Ele se referia \u00e0 investiga\u00e7\u00e3o que envolve outra empresa de \u00f4nibus, a Transwolff, que \u00e9 ligada ao presidente da C\u00e2mara Municipal, Milton Leite (Uni\u00e3o), e acusada de lavagem de dinheiro para o PCC.<\/p>\n<p>Questionado sobre poss\u00edvel envolvimento de aliados pol\u00edticos no esquema, Boulos disse que \u201cn\u00e3o h\u00e1\u201d. \u201cHoje quem est\u00e1 denunciado s\u00e3o pessoas ligadas ao atual prefeito\u201d, completou.<\/p>\n<h3 class=\"wp-block-heading\">Documentos revelam inger\u00eancia de vereador em empresa ligada ao PCC<\/h3>\n<p>Depoimentos obtidos pelo Metr\u00f3poles em mar\u00e7o de 2024 destacam a inger\u00eancia de Moura sobre a Transuniao, mesmo quando ele n\u00e3o fazia parte oficialmente da empresa. Trocas de e-mails internos apreendidos pela Pol\u00edcia Civil mencionam o vereador e os \u201ccarros\u201d dele.<\/p>\n<p>\u00c0 reportagem, a campanha de Boulos declarou que n\u00e3o tem conhecimento dos \u201cdesdobramentos das investiga\u00e7\u00f5es em curso\u201d e disse que o vereador n\u00e3o exerce fun\u00e7\u00e3o na campanha. O Metr\u00f3poles tamb\u00e9m procurou Senival, mas n\u00e3o obteve resposta.<\/p>\n<p><strong><a href=\"https:\/\/revistaoeste.com\/politica\/aliado-de-boulos-pode-estar-vinculado-a-viacao-ligada-ao-pcc\/\">Source link<\/a><\/strong><\/p>\n<\/div>\n<p><br \/>\n<br \/><a href=\"https:\/\/paulofigueiredoshow.com\/depoimentos-reforcam-ligacao-de-candidato-do-pt-aliado-de-boulos-a-empresa-vinculada-ao-pcc\/\">Source link <\/a><\/p>","protected":false},"excerpt":{"rendered":"<p>Foto &#8211; Leandro Paiva Vereador Senival Moura (PT) \u00e9 investigado por morte de ex-bra\u00e7o direito de neg\u00f3cios de companhia de \u00f4nibus com PCC Novos depoimentos colhidos pelo Departamento de Homic\u00eddios&hellip;<\/p>","protected":false},"author":1,"featured_media":32334,"comment_status":"closed","ping_status":"open","sticky":false,"template":"","format":"standard","meta":{"content-type":"","footnotes":""},"categories":[16],"tags":[],"class_list":["post-32333","post","type-post","status-publish","format-standard","has-post-thumbnail","hentry","category-noticias"],"_links":{"self":[{"href":"https:\/\/tvbrazilusa.com\/pt\/wp-json\/wp\/v2\/posts\/32333","targetHints":{"allow":["GET"]}}],"collection":[{"href":"https:\/\/tvbrazilusa.com\/pt\/wp-json\/wp\/v2\/posts"}],"about":[{"href":"https:\/\/tvbrazilusa.com\/pt\/wp-json\/wp\/v2\/types\/post"}],"author":[{"embeddable":true,"href":"https:\/\/tvbrazilusa.com\/pt\/wp-json\/wp\/v2\/users\/1"}],"replies":[{"embeddable":true,"href":"https:\/\/tvbrazilusa.com\/pt\/wp-json\/wp\/v2\/comments?post=32333"}],"version-history":[{"count":1,"href":"https:\/\/tvbrazilusa.com\/pt\/wp-json\/wp\/v2\/posts\/32333\/revisions"}],"predecessor-version":[{"id":32335,"href":"https:\/\/tvbrazilusa.com\/pt\/wp-json\/wp\/v2\/posts\/32333\/revisions\/32335"}],"wp:featuredmedia":[{"embeddable":true,"href":"https:\/\/tvbrazilusa.com\/pt\/wp-json\/wp\/v2\/media\/32334"}],"wp:attachment":[{"href":"https:\/\/tvbrazilusa.com\/pt\/wp-json\/wp\/v2\/media?parent=32333"}],"wp:term":[{"taxonomy":"category","embeddable":true,"href":"https:\/\/tvbrazilusa.com\/pt\/wp-json\/wp\/v2\/categories?post=32333"},{"taxonomy":"post_tag","embeddable":true,"href":"https:\/\/tvbrazilusa.com\/pt\/wp-json\/wp\/v2\/tags?post=32333"}],"curies":[{"name":"wp","href":"https:\/\/api.w.org\/{rel}","templated":true}]}}