{"id":32336,"date":"2024-09-05T16:08:37","date_gmt":"2024-09-05T16:08:37","guid":{"rendered":"https:\/\/tvbrazilusa.com\/2024\/09\/05\/crianca-de-11-anos-acusada-de-fazer-falsa-ameaca-de-bomba-na-escola-de-deerfield-beach-comparece-ao-tribunal-wsvn-7news-noticias-de-miami-clima-esportes-fort-lauderdale\/"},"modified":"2024-09-05T16:19:11","modified_gmt":"2024-09-05T16:19:11","slug":"crianca-de-11-anos-acusada-de-fazer-falsa-ameaca-de-bomba-na-escola-de-deerfield-beach-comparece-ao-tribunal-wsvn-7news-noticias-de-miami-clima-esportes-fort-lauderdale","status":"publish","type":"post","link":"https:\/\/tvbrazilusa.com\/pt\/2024\/09\/05\/crianca-de-11-anos-acusada-de-fazer-falsa-ameaca-de-bomba-na-escola-de-deerfield-beach-comparece-ao-tribunal-wsvn-7news-noticias-de-miami-clima-esportes-fort-lauderdale\/","title":{"rendered":"Crian\u00e7a de 11 anos acusada de fazer falsa amea\u00e7a de bomba na escola de Deerfield Beach comparece ao tribunal &#8211; WSVN 7News | Not\u00edcias de Miami, Clima, Esportes | Fort Lauderdale"},"content":{"rendered":"<p> <script async src=\"https:\/\/pagead2.googlesyndication.com\/pagead\/js\/adsbygoogle.js?client=ca-pub-8864793242727901\"\r\n     crossorigin=\"anonymous\"><\/script><br \/>\n<\/p>\n<div itemprop=\"articleBody\">\n<p>DEERFIELD BEACH, FLA. (WSVN) &#8211; Um menino de 11 anos que, segundo os deputados, cometeu um <a href=\"https:\/\/wsvn.com\/news\/local\/broward\/11-year-old-arrested-for-making-false-bomb-threat-at-deerfield-beach-school-authorities-say\/\" data-type=\"link\" data-id=\"https:\/\/wsvn.com\/news\/local\/broward\/11-year-old-arrested-for-making-false-bomb-threat-at-deerfield-beach-school-authorities-say\/\" target=\"_blank\" rel=\"noreferrer noopener\">falsa amea\u00e7a de bomba <\/a>em uma escola em Deerfield Beach compareceu perante um juiz.<\/p>\n<p>A crian\u00e7a foi presa e acusada de uma acusa\u00e7\u00e3o de den\u00fancia falsa de uma bomba.<\/p>\n<p>O menino compareceu ao tribunal de menores na manh\u00e3 de quinta-feira.<\/p>\n<p>De acordo com o Gabinete do Xerife de Broward, a amea\u00e7a de bomba foi informada na quarta-feira na Somerset Academy, o que motivou a evacua\u00e7\u00e3o dos alunos e da instala\u00e7\u00e3o.<\/p>\n<p>Ap\u00f3s investigar o incidente, as autoridades determinaram que n\u00e3o houve nenhuma amea\u00e7a real e nada suspeito foi encontrado.<\/p>\n<p>O BSO tamb\u00e9m est\u00e1 lembrando ao p\u00fablico que fazer amea\u00e7as \u00e0 escola \u00e9 uma infra\u00e7\u00e3o grave segundo a lei da Fl\u00f3rida e pode resultar em acusa\u00e7\u00f5es criminais.<\/p>\n<p><em>Copyright 2024 Sunbeam Television Corp. Todos os direitos reservados. Este material n\u00e3o pode ser publicado, transmitido, reescrito ou redistribu\u00eddo.<\/em><\/p>\n<div class=\"wp-block-newsletter\">\n\t<strong class=\"wp-block-newsletter__title\">Inscreva-se em nossa Newsletter para receber as \u00faltimas not\u00edcias diretamente na sua caixa de entrada<\/strong><\/p>\n<\/div><\/div>\n<p><br \/>\n<br \/><a href=\"https:\/\/wsvn.com\/news\/local\/broward\/11-year-old-charged-with-making-false-bomb-threat-at-deerfield-beach-school-appears-in-court\/\">Source link <\/a><\/p>","protected":false},"excerpt":{"rendered":"<p>DEERFIELD BEACH, FLA. (WSVN) &#8211; Um menino de 11 anos que, segundo os deputados, cometeu um falsa amea\u00e7a de bomba em uma escola em Deerfield Beach compareceu perante um juiz.&hellip;<\/p>","protected":false},"author":1,"featured_media":31740,"comment_status":"closed","ping_status":"open","sticky":false,"template":"","format":"standard","meta":{"content-type":"","footnotes":""},"categories":[1],"tags":[],"class_list":["post-32336","post","type-post","status-publish","format-standard","has-post-thumbnail","hentry","category-uncategorized"],"_links":{"self":[{"href":"https:\/\/tvbrazilusa.com\/pt\/wp-json\/wp\/v2\/posts\/32336","targetHints":{"allow":["GET"]}}],"collection":[{"href":"https:\/\/tvbrazilusa.com\/pt\/wp-json\/wp\/v2\/posts"}],"about":[{"href":"https:\/\/tvbrazilusa.com\/pt\/wp-json\/wp\/v2\/types\/post"}],"author":[{"embeddable":true,"href":"https:\/\/tvbrazilusa.com\/pt\/wp-json\/wp\/v2\/users\/1"}],"replies":[{"embeddable":true,"href":"https:\/\/tvbrazilusa.com\/pt\/wp-json\/wp\/v2\/comments?post=32336"}],"version-history":[{"count":1,"href":"https:\/\/tvbrazilusa.com\/pt\/wp-json\/wp\/v2\/posts\/32336\/revisions"}],"predecessor-version":[{"id":32337,"href":"https:\/\/tvbrazilusa.com\/pt\/wp-json\/wp\/v2\/posts\/32336\/revisions\/32337"}],"wp:featuredmedia":[{"embeddable":true,"href":"https:\/\/tvbrazilusa.com\/pt\/wp-json\/wp\/v2\/media\/31740"}],"wp:attachment":[{"href":"https:\/\/tvbrazilusa.com\/pt\/wp-json\/wp\/v2\/media?parent=32336"}],"wp:term":[{"taxonomy":"category","embeddable":true,"href":"https:\/\/tvbrazilusa.com\/pt\/wp-json\/wp\/v2\/categories?post=32336"},{"taxonomy":"post_tag","embeddable":true,"href":"https:\/\/tvbrazilusa.com\/pt\/wp-json\/wp\/v2\/tags?post=32336"}],"curies":[{"name":"wp","href":"https:\/\/api.w.org\/{rel}","templated":true}]}}