{"id":32355,"date":"2024-09-05T16:18:30","date_gmt":"2024-09-05T16:18:30","guid":{"rendered":"https:\/\/tvbrazilusa.com\/2024\/09\/05\/girao-e-van-hattem-vao-aos-eua-falar-sobre-ditadura-no-brasil-paulo-figueiredo\/"},"modified":"2024-09-05T16:46:36","modified_gmt":"2024-09-05T16:46:36","slug":"girao-e-van-hattem-vao-aos-eua-falar-sobre-ditadura-no-brasil-paulo-figueiredo","status":"publish","type":"post","link":"https:\/\/tvbrazilusa.com\/pt\/2024\/09\/05\/girao-e-van-hattem-vao-aos-eua-falar-sobre-ditadura-no-brasil-paulo-figueiredo\/","title":{"rendered":"Gir\u00e3o e Van Hattem v\u00e3o aos EUA falar sobre ditadura no Brasil &#8211; Paulo Figueiredo"},"content":{"rendered":"<p> <script async src=\"https:\/\/pagead2.googlesyndication.com\/pagead\/js\/adsbygoogle.js?client=ca-pub-8864793242727901\"\r\n     crossorigin=\"anonymous\"><\/script><br \/>\n<\/p>\n<div id=\"wtr-content\" data-bg=\"#FFFFFF\" data-fg=\"#006d91\" data-width=\"25\" data-mute=\"1\" data-fgopacity=\"1.00\" data-mutedopacity=\"0.5\" data-placement=\"bottom\" data-placement-offset=\"0\" data-content-offset=\"262\" data-placement-touch=\"bottom\" data-placement-offset-touch=\"0\" data-transparent=\"\" data-shadow=\"0\" data-touch=\"1\" data-non-touch=\"1\" data-comments=\"0\" data-commentsbg=\"transparent\" data-location=\"page\" data-mutedfg=\"#006d91\" data-endfg=\"#006d91\" data-rtl=\"\">\n<h3 class=\"wp-block-heading\">Gir\u00e3o e Van Hattem voltar\u00e3o a tempo de participar da manifesta\u00e7\u00e3o pelo impeachment de Moraes convocada para o 7 de Setembro, em S\u00e3o Paulo.<\/h3>\n<p>O senador Eduardo Gir\u00e3o (Novo-CE) e o deputado federal Marcel Van Hattem (Novo-RS) embarcaram para os Estados Unidos, onde ter\u00e3o encontro com congressistas americanos para falar sobre a \u201cescalada antidemocr\u00e1tica no Brasil\u201d.<\/p>\n<p>\u201cSa\u00edmos h\u00e1 pouco do Congresso e j\u00e1 estamos embarcando rumo aos EUA! Vamos atualizar parlamentares americanos sobre a escalada antidemocr\u00e1tica no Brasil. Chega de ditadura. Basta de censura!\u201d, disseram os parlamentares\u00a0em publica\u00e7\u00e3o conjunta no Instagram, na madrugada desta quinta-feira (5).<\/p>\n<p>Ainda, de acordo com os parlamentares, os dois ter\u00e3o um encontro com a deputada americana Mar\u00eda Elvira Salazar, que exibiu uma foto do ministro do Supremo Tribunal Federal (STF), Alexandre de Moraes, durante uma sess\u00e3o da Comiss\u00e3o de Assuntos Exteriores do Congresso dos EUA, em maio deste ano.<\/p>\n<p>Al\u00e9m de criticar a atua\u00e7\u00e3o de Moraes, Salazar chamou o presidente Lula (PT) de \u201cex-condenado\u201d por corrup\u00e7\u00e3o.<\/p>\n<p>A visita dos parlamentares brasileiros aos congressistas americanos ocorre em meio \u00e0 crescente press\u00e3o pelo\u00a0<em>impeachment<\/em>\u00a0de Alexandre de Moraes, ap\u00f3s o magistrado ter ordenado o banimento da rede social X no Brasil.<\/p>\n<p>Durante a sess\u00e3o de maio, no Congresso americano, a deputada Mar\u00eda Elvira Salazar tamb\u00e9m elogiou a postura do empres\u00e1rio Elon Musk, dono do X, frente \u00e0s \u201cordens ilegais\u201d de Moraes.<\/p>\n<p>Ao discursar no Senado Federal, na segunda-feira (2), Eduardo Gir\u00e3o afirmou que os ministros do STF est\u00e3o \u201cdestruindo o Brasil\u201d e que o Senado \u00e9 \u201cconivente\u201d.<\/p>\n<h3 class=\"wp-block-heading\">7 de Setembro<\/h3>\n<p>Gir\u00e3o e Van Hattem disseram que estar\u00e3o de volta a tempo de participar da manifesta\u00e7\u00e3o pelo impeachment de Moraes convocada para o 7 de Setembro, em S\u00e3o Paulo.<\/p>\n<p>\u201cVoltamos dia 7 de setembro direto para as ruas juntos com os brasileiros\u201d, disseram os parlamentares, no Instagram.<\/p>\n<p><strong><a href=\"https:\/\/www.gazetadopovo.com.br\/republica\/girao-e-van-hattem-vao-aos-eua-falar-com-congressistas-sobre-ditadura-no-brasil\/\">Source link<\/a><\/strong><\/p>\n<\/div>\n<p><br \/>\n<br \/><a href=\"https:\/\/paulofigueiredoshow.com\/girao-e-van-hattem-vao-aos-eua-falar-sobre-ditadura-no-brasil\/\">Source link <\/a><\/p>","protected":false},"excerpt":{"rendered":"<p>Gir\u00e3o e Van Hattem voltar\u00e3o a tempo de participar da manifesta\u00e7\u00e3o pelo impeachment de Moraes convocada para o 7 de Setembro, em S\u00e3o Paulo. O senador Eduardo Gir\u00e3o (Novo-CE) e&hellip;<\/p>","protected":false},"author":1,"featured_media":32356,"comment_status":"closed","ping_status":"open","sticky":false,"template":"","format":"standard","meta":{"content-type":"","footnotes":""},"categories":[16],"tags":[17746,766,592,17890,871],"class_list":["post-32355","post","type-post","status-publish","format-standard","has-post-thumbnail","hentry","category-noticias","tag-7-9","tag-ditadura","tag-eua","tag-girao-van-hatten","tag-stf"],"_links":{"self":[{"href":"https:\/\/tvbrazilusa.com\/pt\/wp-json\/wp\/v2\/posts\/32355","targetHints":{"allow":["GET"]}}],"collection":[{"href":"https:\/\/tvbrazilusa.com\/pt\/wp-json\/wp\/v2\/posts"}],"about":[{"href":"https:\/\/tvbrazilusa.com\/pt\/wp-json\/wp\/v2\/types\/post"}],"author":[{"embeddable":true,"href":"https:\/\/tvbrazilusa.com\/pt\/wp-json\/wp\/v2\/users\/1"}],"replies":[{"embeddable":true,"href":"https:\/\/tvbrazilusa.com\/pt\/wp-json\/wp\/v2\/comments?post=32355"}],"version-history":[{"count":1,"href":"https:\/\/tvbrazilusa.com\/pt\/wp-json\/wp\/v2\/posts\/32355\/revisions"}],"predecessor-version":[{"id":32357,"href":"https:\/\/tvbrazilusa.com\/pt\/wp-json\/wp\/v2\/posts\/32355\/revisions\/32357"}],"wp:featuredmedia":[{"embeddable":true,"href":"https:\/\/tvbrazilusa.com\/pt\/wp-json\/wp\/v2\/media\/32356"}],"wp:attachment":[{"href":"https:\/\/tvbrazilusa.com\/pt\/wp-json\/wp\/v2\/media?parent=32355"}],"wp:term":[{"taxonomy":"category","embeddable":true,"href":"https:\/\/tvbrazilusa.com\/pt\/wp-json\/wp\/v2\/categories?post=32355"},{"taxonomy":"post_tag","embeddable":true,"href":"https:\/\/tvbrazilusa.com\/pt\/wp-json\/wp\/v2\/tags?post=32355"}],"curies":[{"name":"wp","href":"https:\/\/api.w.org\/{rel}","templated":true}]}}