{"id":32380,"date":"2024-09-05T14:26:01","date_gmt":"2024-09-05T14:26:01","guid":{"rendered":"https:\/\/tvbrazilusa.com\/2024\/09\/05\/conflito-no-tribunal-no-caso-de-interferencia-eleitoral-de-trump-enquanto-o-juiz-pondera-o-caminho-a-seguir-wsvn-7news-noticias-de-miami-clima-esportes-fort-lauderdale\/"},"modified":"2024-09-05T17:21:32","modified_gmt":"2024-09-05T17:21:32","slug":"conflito-no-tribunal-no-caso-de-interferencia-eleitoral-de-trump-enquanto-o-juiz-pondera-o-caminho-a-seguir-wsvn-7news-noticias-de-miami-clima-esportes-fort-lauderdale","status":"publish","type":"post","link":"https:\/\/tvbrazilusa.com\/pt\/2024\/09\/05\/conflito-no-tribunal-no-caso-de-interferencia-eleitoral-de-trump-enquanto-o-juiz-pondera-o-caminho-a-seguir-wsvn-7news-noticias-de-miami-clima-esportes-fort-lauderdale\/","title":{"rendered":"Conflito no tribunal no caso de interfer\u00eancia eleitoral de Trump enquanto o juiz pondera o caminho a seguir &#8211; WSVN 7News | Not\u00edcias de Miami, Clima, Esportes | Fort Lauderdale"},"content":{"rendered":"<p> <script async src=\"https:\/\/pagead2.googlesyndication.com\/pagead\/js\/adsbygoogle.js?client=ca-pub-8864793242727901\"\r\n     crossorigin=\"anonymous\"><\/script><br \/>\n<\/p>\n<div itemprop=\"articleBody\">\n<p>WASHINGTON (AP) \u2014 Na primeira audi\u00eancia judicial em quase um ano, um advogado de Donald Trump entrou em conflito na quinta-feira com o juiz no processo federal de interfer\u00eancia eleitoral do ex-presidente ap\u00f3s sugerir que o governo estava se precipitando com uma acusa\u00e7\u00e3o &#8220;ileg\u00edtima&#8221; no auge da campanha pela Casa Branca.<\/p>\n<p>Promotores e advogados de defesa est\u00e3o amargamente em desacordo sobre os pr\u00f3ximos passos no caso depois que a Suprema Corte estreitou o escopo da acusa\u00e7\u00e3o ao decidir que ex-presidentes t\u00eam direito a ampla imunidade de acusa\u00e7\u00f5es criminais. As propostas conflitantes e as trocas tensas no tribunal refletiram at\u00e9 que ponto a opini\u00e3o de julho dos ju\u00edzes havia virado o caminho do caso que acusa Trump de conspirar para anular os resultados da elei\u00e7\u00e3o de 2020 na prepara\u00e7\u00e3o para o motim do Capit\u00f3lio em 6 de janeiro de 2021.<\/p>\n<p>\u201cPodemos estar lidando com uma acusa\u00e7\u00e3o ileg\u00edtima desde o in\u00edcio\u201d, disse o advogado de Trump, John Lauro. Ele acrescentou: \u201cQueremos um processo ordeiro que fa\u00e7a justi\u00e7a \u00e0 opini\u00e3o da Suprema Corte.\u201d<\/p>\n<p>A equipe do procurador especial Jack Smith entrou com uma acusa\u00e7\u00e3o revisada na semana passada para retirar certas alega\u00e7\u00f5es contra Trump para as quais a Suprema Corte disse que Trump, o candidato republicano \u00e0 presid\u00eancia, gozava de imunidade. Os advogados de defesa, no entanto, acreditam que essa acusa\u00e7\u00e3o n\u00e3o cumpriu totalmente com a decis\u00e3o dos ju\u00edzes.<\/p>\n<p>Lauro disse \u00e0 ju\u00edza distrital dos EUA Tanya Chutkan que a opini\u00e3o da Suprema Corte exigia a rejei\u00e7\u00e3o total do caso, uma posi\u00e7\u00e3o que a ju\u00edza deixou claro que n\u00e3o aceitava. Ele reclamou que os promotores estavam mostrando uma &#8220;pressa no julgamento&#8221; com seus planos de em breve apresentar documentos judiciais explicando por que as alega\u00e7\u00f5es restantes deveriam permanecer intactas.<\/p>\n<p>Chutkan tamb\u00e9m n\u00e3o se comoveu nesse ponto.<\/p>\n<p>\u201cEste caso est\u00e1 pendente h\u00e1 mais de um ano\u201d, disse Chutkan, referindo-se ao fato de que o assunto est\u00e1 congelado desde dezembro passado enquanto Trump buscava seu apelo de imunidade. \u201cEstamos dificilmente correndo para o fim aqui.\u201d Ela disse que estava claro que qualquer que fosse sua decis\u00e3o, ela estaria sujeita a um novo apelo.<\/p>\n<p>Ela tamb\u00e9m se irritou com a refer\u00eancia de Lauro \u00e0 elei\u00e7\u00e3o de novembro, como quando ele disse: &#8220;Este processo \u00e9 inerentemente injusto, especialmente durante este momento delicado&#8221;.<\/p>\n<p>\u201cEu entendo que h\u00e1 uma elei\u00e7\u00e3o\u201d, respondeu o juiz. \u201cEu j\u00e1 disse antes \u2026 que o processo eleitoral e o momento da elei\u00e7\u00e3o \u2026 n\u00e3o s\u00e3o relevantes aqui. O tribunal n\u00e3o est\u00e1 preocupado com o calend\u00e1rio eleitoral.\u201d<\/p>\n<p>Lauro disse a Chutkan que o caso envolvia quest\u00f5es importantes. \u201cEstamos falando sobre a presid\u00eancia dos Estados Unidos\u201d, ele disse. Chutkan retrucou: \u201cN\u00e3o estou falando sobre a presid\u00eancia dos Estados Unidos. Estou falando sobre uma acusa\u00e7\u00e3o de quatro acusa\u00e7\u00f5es.\u201d<\/p>\n<p>Ela disse a Lauro que parecia que a defesa estava tentando atrasar o caso por causa da elei\u00e7\u00e3o. \u201cIsso n\u00e3o vai ser um fator que eu considere de forma alguma\u201d, disse Chutkan.<\/p>\n<p>Rebatendo as alega\u00e7\u00f5es da defesa de que o procurador especial quer agir r\u00e1pido demais, um membro da equipe de acusa\u00e7\u00e3o de Smith observou que os advogados de Trump entraram com um longo memorando buscando anular sua condena\u00e7\u00e3o por suborno em Nova York e encerrar o caso menos de duas semanas ap\u00f3s a decis\u00e3o da Suprema Corte em julho.<\/p>\n<p>\u201cA defesa pode se mover de forma abrangente, r\u00e1pida e bem. N\u00f3s tamb\u00e9m podemos\u201d, disse Thomas Windom.<\/p>\n<p>As trocas tensas entre Lauro e Chutkan definiram as primeiras audi\u00eancias do caso. Mas houve um in\u00edcio mais leve na sess\u00e3o de quinta-feira.<\/p>\n<p>Na abertura, Chutkan observou que j\u00e1 fazia quase um ano desde que viu os advogados em seu tribunal. Lauro brincou com o juiz que \u201ca vida era quase sem sentido sem ver voc\u00ea\u201d.<\/p>\n<p>\u201cAproveite enquanto dura\u201d, disse Chutkan.<\/p>\n<p>Trump n\u00e3o estava no tribunal e estava programado para fazer um discurso econ\u00f4mico em Nova York. Uma declara\u00e7\u00e3o de inoc\u00eancia foi registrada em seu nome para a acusa\u00e7\u00e3o revisada.<\/p>\n<p>Os advogados de defesa disseram que pretendem entrar com diversas mo\u00e7\u00f5es para rejeitar o caso, incluindo uma que se baseia na decis\u00e3o de um juiz da Fl\u00f3rida que disse que a nomea\u00e7\u00e3o de Smith era inconstitucional.<\/p>\n<p>Nenhum dos lados prev\u00ea um julgamento acontecendo antes do Dia da Elei\u00e7\u00e3o, especialmente dada a quantidade de trabalho pela frente. Chutkan tem a tarefa de determinar quais dos atos alegados na acusa\u00e7\u00e3o podem permanecer como parte do caso \u00e0 luz da opini\u00e3o da Suprema Corte.<\/p>\n<p>Em julho, os ju\u00edzes decidiram que ex-presidentes gozam de imunidade absoluta para o exerc\u00edcio de seus principais deveres constitucionais e s\u00e3o presumivelmente imunes a processos por todos os outros atos oficiais.<\/p>\n<p>A equipe de Smith respondeu \u00e0 decis\u00e3o com uma acusa\u00e7\u00e3o revisada na semana passada, que removeu refer\u00eancias aos esfor\u00e7os de Trump para usar os poderes de aplica\u00e7\u00e3o da lei do Departamento de Justi\u00e7a para permanecer no poder, uma \u00e1rea de conduta para a qual a Suprema Corte disse que Trump \u00e9 imune.<\/p>\n<p>O caso \u00e9 um dos dois processos federais contra Trump. O outro, acusando-o de acumular ilegalmente documentos confidenciais em sua propriedade Mar-a-Lago em Palm Beach, Fl\u00f3rida, foi rejeitado em julho pela ju\u00edza distrital dos EUA Aileen Cannon. Ela disse que a nomea\u00e7\u00e3o de Smith como conselheiro especial era ilegal.<\/p>\n<p>A equipe de Smith apelou dessa decis\u00e3o. Os advogados de Trump dizem que pretendem pedir a Chutkan que rejeite o caso eleitoral pelos mesmos motivos.<\/p>\n<p><em>Copyright 2024 The Associated Press. Todos os direitos reservados. Este material n\u00e3o pode ser publicado, transmitido, reescrito ou redistribu\u00eddo.<\/em><\/p>\n<div class=\"wp-block-newsletter\">\n\t<strong class=\"wp-block-newsletter__title\">Inscreva-se em nossa Newsletter para receber as \u00faltimas not\u00edcias diretamente na sua caixa de entrada<\/strong><\/p>\n<\/div><\/div>\n<p><br \/>\n<br \/><a href=\"https:\/\/wsvn.com\/news\/politics\/courtroom-clash-in-trumps-election-interference-case-as-the-judge-ponders-the-path-ahead\/\">Source link <\/a><\/p>","protected":false},"excerpt":{"rendered":"<p>WASHINGTON (AP) \u2014 Na primeira audi\u00eancia judicial em quase um ano, um advogado de Donald Trump entrou em conflito na quinta-feira com o juiz no processo federal de interfer\u00eancia eleitoral&hellip;<\/p>","protected":false},"author":1,"featured_media":31379,"comment_status":"closed","ping_status":"open","sticky":false,"template":"","format":"standard","meta":{"content-type":"","footnotes":""},"categories":[1],"tags":[],"class_list":["post-32380","post","type-post","status-publish","format-standard","has-post-thumbnail","hentry","category-uncategorized"],"_links":{"self":[{"href":"https:\/\/tvbrazilusa.com\/pt\/wp-json\/wp\/v2\/posts\/32380","targetHints":{"allow":["GET"]}}],"collection":[{"href":"https:\/\/tvbrazilusa.com\/pt\/wp-json\/wp\/v2\/posts"}],"about":[{"href":"https:\/\/tvbrazilusa.com\/pt\/wp-json\/wp\/v2\/types\/post"}],"author":[{"embeddable":true,"href":"https:\/\/tvbrazilusa.com\/pt\/wp-json\/wp\/v2\/users\/1"}],"replies":[{"embeddable":true,"href":"https:\/\/tvbrazilusa.com\/pt\/wp-json\/wp\/v2\/comments?post=32380"}],"version-history":[{"count":1,"href":"https:\/\/tvbrazilusa.com\/pt\/wp-json\/wp\/v2\/posts\/32380\/revisions"}],"predecessor-version":[{"id":32381,"href":"https:\/\/tvbrazilusa.com\/pt\/wp-json\/wp\/v2\/posts\/32380\/revisions\/32381"}],"wp:featuredmedia":[{"embeddable":true,"href":"https:\/\/tvbrazilusa.com\/pt\/wp-json\/wp\/v2\/media\/31379"}],"wp:attachment":[{"href":"https:\/\/tvbrazilusa.com\/pt\/wp-json\/wp\/v2\/media?parent=32380"}],"wp:term":[{"taxonomy":"category","embeddable":true,"href":"https:\/\/tvbrazilusa.com\/pt\/wp-json\/wp\/v2\/categories?post=32380"},{"taxonomy":"post_tag","embeddable":true,"href":"https:\/\/tvbrazilusa.com\/pt\/wp-json\/wp\/v2\/tags?post=32380"}],"curies":[{"name":"wp","href":"https:\/\/api.w.org\/{rel}","templated":true}]}}