{"id":32403,"date":"2024-09-05T16:19:28","date_gmt":"2024-09-05T16:19:28","guid":{"rendered":"https:\/\/tvbrazilusa.com\/2024\/09\/05\/obituario-local-sandy-bloomberg-fundador-do-tweeter-etc-morre\/"},"modified":"2024-09-05T17:56:15","modified_gmt":"2024-09-05T17:56:15","slug":"obituario-local-sandy-bloomberg-fundador-do-tweeter-etc-morre","status":"publish","type":"post","link":"https:\/\/tvbrazilusa.com\/pt\/2024\/09\/05\/obituario-local-sandy-bloomberg-fundador-do-tweeter-etc-morre\/","title":{"rendered":"Obitu\u00e1rio local: Sandy Bloomberg, fundador do Tweeter Etc., morre"},"content":{"rendered":"<p> <script async src=\"https:\/\/pagead2.googlesyndication.com\/pagead\/js\/adsbygoogle.js?client=ca-pub-8864793242727901\"\r\n     crossorigin=\"anonymous\"><\/script><br \/>\n<\/p>\n<div id=\"\">\n<header class=\"m-article-header m-article-header--standard\">\n\t\t\t\t\t\t\t\t\t\t\t\t<span id=\"article-header-primary-term\"><br \/>\n\t\t\t\t\t\t\t\t<a class=\"a-term a-term--primary\" href=\"https:\/\/www.boston.com\/tag\/massachusetts-obituaries\/\"><\/p>\n<p>\t\t\t\t\t\t\t\tObitu\u00e1rios locais\t\t\t\t\t\t\t\t<\/a><br \/>\n\t\t\t\t\t\t\t<\/span><\/p>\n<h2 class=\"m-article-header__sub-headline\">&#8220;Sandy tinha grande prazer em agradar seus clientes, fazer marketing exclusivo e criar oportunidades para seus estimados funcion\u00e1rios.&#8221;<\/h2>\n<figure class=\"a-photo m-article-header__photo\"><figcaption class=\"a-photo__caption\">\n\t<em> <\/em>\t<\/figcaption><\/figure>\n<\/header>\n<div class=\"wp-block-image\">\n<figure class=\"alignleft size-full\"><figcaption class=\"wp-element-caption\">Sandy Bloomberg: &#8220;O que \u00e9 isso?&#8221;<i> \u2013 via Brezniak Funeral Directors<\/i><\/figcaption><\/figure>\n<\/div>\n<p>Sandy Bloomberg viveu a vida do seu jeito \u2013 do jeito que ele queria. Ele morreu em paz, cercado pela fam\u00edlia, em 3 de setembro. Ele deixa sua amada esposa de 40 anos, Carolina; sua filha, Mikaela; seu filho, Josh, e sua esposa, Julie; e seus quatro netos, Sid, Momo, Kal e Sunny.<\/p>\n<p>Sandy (Samuel) cresceu na Beacon St. em Brookline, MA, com seus pais, Harvey e Harriet, seu irm\u00e3o Jeff e sua querida av\u00f3 Clara. Ele se formou na Brookline High School em 1969, descobriu que a faculdade n\u00e3o era para ele e come\u00e7ou a trabalhar imediatamente.<\/p>\n<p>Em 1972, ele fundou a rede local de eletr\u00f4nicos de consumo Tweeter Etc. com seu primo Michael, que cresceu para 180 lojas em seu pico. Sandy tinha grande alegria em agradar seus clientes, fazer marketing exclusivo e criar oportunidades para seus estimados funcion\u00e1rios. Em 2011, ele foi reconhecido por suas contribui\u00e7\u00f5es \u00e0 ind\u00fastria ao ser introduzido no Hall da Fama dos Eletr\u00f4nicos de Consumo.<\/p>\n<p>Apesar de estar financeiramente seguro, Sandy nunca pagou varejo em toda a sua vida. De fato, ele era o Tom Brady dos cupons.<\/p>\n<p>Ele tinha um grande cora\u00e7\u00e3o e, com sua esposa, generosamente apoiou in\u00fameras causas beneficentes, incluindo a Jewish Community Housing for the Elderly (agora conhecida como 2Life Communities), o Boys and Girls Club, a Brookline Public Library e a Beaver Country Day School. Ele tinha uma personalidade greg\u00e1ria, charmosa e espirituosa e deixou uma marca em cada comunidade da qual fez parte.<\/p>\n<p>Sandy tinha uma abund\u00e2ncia de amigos para a vida toda que se tornaram parte de sua fam\u00edlia extensa. Ser amigo de Sandy significava receber liga\u00e7\u00f5es espont\u00e2neas com ofertas de ingressos de \u00faltima hora para shows, uma TV extra de 55\u201d que ele tinha por perto ou ajuda em um momento de necessidade. Em seus \u00faltimos anos, Sandy adorava jogar golfe, aproveitar o tempo com seus netos, comer alimentos especificamente proibidos por seu m\u00e9dico, torcer por times esportivos de Boston e fazer compras com desconto (RIP Filene&#8217;s Basement).<\/p>\n<p>Sandy era realmente \u00fanico e far\u00e1 muita falta a todos que tiveram o privil\u00e9gio de conhec\u00ea-lo e am\u00e1-lo.<\/p>\n<p>Os servi\u00e7os ser\u00e3o realizados no Templo Emanuel, 385 Ward St., Newton, MA 02459, na sexta-feira, 6 de setembro, \u00e0s 11h30. O Shiva ser\u00e1 realizado na casa de Josh e Julie Bloomberg logo ap\u00f3s o servi\u00e7o at\u00e9 as 17h e no domingo, 8 de setembro, das 14h \u00e0s 16h30.<\/p>\n<p>Em vez de flores, doa\u00e7\u00f5es de caridade podem ser feitas para 2Life Communities, 30 Wallingford Road, Brighton, MA 02135, ou online em <a href=\"http:\/\/2LifeCommunities.org\">2LifeCommunities.org<\/a>.<\/p>\n<p><em>Esse <\/em><a href=\"https:\/\/www.boston.com\/tag\/massachusetts-obituaries\/\"><em>obitu\u00e1rio local<\/em><\/a><em> \u00e9 publicado via <a href=\"https:\/\/www.legacy.com\/us\/obituaries\/bostonglobe\/name\/sandy-bloomberg-obituary?id=56220743\">Legado.com<\/a> e <a href=\"https:\/\/brezniakfuneraldirectors.com\/obituary-archive\/sandy-bloomberg\/\">Diretores Funer\u00e1rios Brezniak<\/a>. Quer que o obitu\u00e1rio de um ente querido seja publicado no Boston.com? <\/em><a href=\"https:\/\/legacy.memoriams.com\/network\/thebostonglobe\/obituary?online=1&#038;utm_campaign=consumerdirect&#038;utm_source=legacy&#038;utm_medium=np_pl&#038;utm_content=thebostonglobe&#038;_gl=1*1fva0q5*_gcl_au*MTgxNTU1MTI0Mi4xNjg0NTAyNzgx*_ga*NDU1NTg0NTE0LjE2ODQ1MDI3ODI.*_ga_9WHKS7T58D*MTY4NjU4MzY5NzE1NS4zemd5dHRkYS4yLjAuMTY4NjU4MzY5Ny4wLjAuMA..\"><em>Envie seu obitu\u00e1rio aqui<\/em><\/a><em>ou envie um e-mail para <\/em><a href=\"http:\/\/www.boston.com\/cdn-cgi\/l\/email-protection#56223f2625163439252239387835393b\"><em><span class=\"__cf_email__\" data-cfemail=\"9de9f4edeeddfff2eee9f2f3b3fef2f0\">[email\u00a0protected]<\/span><\/em><\/a><em>.<\/em><\/p>\n<div class=\"m-block m-generic-cta\t m-generic-cta--post-content\t m-generic-cta--dark\t m-generic-cta--homepage\t m-generic-cta--email-signup\t\t m-generic-cta-block-style--default \tt-amp__generic-cta\"><\/p>\n<div class=\"m-generic-cta__wrap\">\n<div class=\"m-generic-cta__content\">\n<h3 class=\"m-generic-cta__title\">Boston.com Hoje<\/h3>\n<p class=\"m-generic-cta__subtitle\">Inscreva-se para receber as \u00faltimas manchetes na sua caixa de entrada todas as manh\u00e3s.<\/p>\n<\/p><\/div>\n<\/p><\/div>\n<\/div><\/div>\n<p><script>\n\t\tvar consent=\"grant\";\n\t\t\/* The above code is parsing the JSON data from the local storage and storing it in a variable. *\/\n\t\t\t\t\tconst onetrustStorageConsent = JSON.parse(localStorage.getItem( 'consent_one_trust_bdc' ) );\n\t\t\tif ( ( onetrustStorageConsent !== null ) ) {\n\t\t\t\t\/* Checking to see if the user has consented to the use of cookies.\n\t\t\t\t* If they have not, it is deleting the cookie.\n\t\t\t\t* This will comment for now, until further notice.\n\t\t\t\t*\/\n\t\t\t\t\/\/if ( onetrustStorageConsent.C0002 === false ) {\n\t\t\t\t\/\/\tdocument.cookie=\"_fbp=;expires=Thu, 01 Jan 2010 00:00:00 UTC; path=\/; domain=.boston.com\";\n\t\t\t\t\/\/}\n\t\t\t\t\/* Checking if the user has given consent for the cookie C0002.\n\t\t\t\t* If the user has given consent, the variable consent will be set to 'grant'.\n\t\t\t\t* If the user has not given consent,the variable consent will be set to 'revoke'.\n\t\t\t\t* Documentation https:\/\/developers.facebook.com\/docs\/meta-pixel\/implementation\/gdpr\n\t\t\t\t*\/\n\t\t\t\tif ( onetrustStorageConsent.C0002 !== true ) {\n\t\t\t\t\tconsent=\"revoke\";\n\t\t\t\t}\n\t\t\t}\n\t\t\t\t!function(f,b,e,v,n,t,s)\n\t\t{if(f.fbq)return;n=f.fbq=function(){n.callMethod?\n\t\tn.callMethod.apply(n,arguments):n.queue.push(arguments)};\n\t\tif(!f._fbq)f._fbq=n;n.push=n;n.loaded=!0;n.version='2.0';\n\t\tn.queue=[];t=b.createElement(e);t.async=!0;\n\t\tt.src=v;s=b.getElementsByTagName(e)[0];\n\t\ts.parentNode.insertBefore(t,s)}(window, document,'script',\n\t\t'https:\/\/connect.facebook.net\/en_US\/fbevents.js');\n\t\tfbq('consent', consent);\n\t\tfbq('init', '989222871864976');\n\t\tfbq('track', 'PageView');\n\t<\/script><script type=\"module\">\n\t\tvar consent=\"grant\";\n\t\t\/* The above code is parsing the JSON data from the local storage and storing it in a variable. *\/\n\t\t\tconst onetrustStorageConsent = JSON.parse(localStorage.getItem( 'consent_one_trust_bdc' ) );\n\t\t\t\/* Checking to see if the user has consented to the use of cookies.\n\t\t\t* If they have not, it is deleting the cookie.\n\t\t\t* This will comment for now, until further notice.\n\t\t\t*\/\n\t\t\t\/\/if ( onetrustStorageConsent.C0002 === false ) {\n\t\t\t\/\/\tdocument.cookie=\"_fbp=;expires=Thu, 01 Jan 2010 00:00:00 UTC; path=\/; domain=.boston.com\";\n\t\t\t\/\/}\n\t\t\t\/* Checking if the user has given consent for the cookie C0002.\n\t\t\t* If the user has given consent, the variable consent will be set to 'grant'.\n\t\t\t* If the user has not given consent,the variable consent will be set to 'revoke'.\n\t\t\t* Documentation https:\/\/developers.facebook.com\/docs\/meta-pixel\/implementation\/gdpr\n\t\t\t*\/\n\t\t\tif ( ( onetrustStorageConsent !== null ) && (onetrustStorageConsent.C0002 !== true ) ) {\n\t\t\t\tconsent=\"revoke\";\n\t\t\t}\n\t\t\t\t!function(f,b,e,v,n,t,s){if(f.fbq)return;n=f.fbq=function()\n\t\t{n.callMethod? n.callMethod.apply(n,arguments):n.queue.push(arguments)}\n\t\t;if(!f._fbq)f._fbq=n;\n\t\tn.push=n;n.loaded=!0;n.version='2.0';n.queue=[];t=b.createElement(e);t.async=!0;\n\t\tt.src=v;s=b.getElementsByTagName(e)[0];s.parentNode.insertBefore(t,s)}(window,\n\t\tdocument,'script','https:\/\/connect.facebook.net\/en_US\/fbevents.js');\n\t\tfbq('consent', consent);\n\t\tfbq('init', '813236348753005');\n\t\tfbq('track', \"PageView\");\n\t<\/script><br \/>\n<br \/><br \/>\n<br \/><a href=\"https:\/\/www.boston.com\/news\/massachusetts-obituaries\/2024\/09\/05\/local-obituary-sandy-bloomberg-founder-of-tweeter-etc-dies\/\">Source link <\/a><\/p>","protected":false},"excerpt":{"rendered":"<p>Obitu\u00e1rios locais &#8220;Sandy tinha grande prazer em agradar seus clientes, fazer marketing exclusivo e criar oportunidades para seus estimados funcion\u00e1rios.&#8221; Sandy Bloomberg: &#8220;O que \u00e9 isso?&#8221; \u2013 via Brezniak Funeral&hellip;<\/p>","protected":false},"author":1,"featured_media":32404,"comment_status":"closed","ping_status":"open","sticky":false,"template":"","format":"standard","meta":{"content-type":"","footnotes":""},"categories":[1],"tags":[],"class_list":["post-32403","post","type-post","status-publish","format-standard","has-post-thumbnail","hentry","category-uncategorized"],"_links":{"self":[{"href":"https:\/\/tvbrazilusa.com\/pt\/wp-json\/wp\/v2\/posts\/32403","targetHints":{"allow":["GET"]}}],"collection":[{"href":"https:\/\/tvbrazilusa.com\/pt\/wp-json\/wp\/v2\/posts"}],"about":[{"href":"https:\/\/tvbrazilusa.com\/pt\/wp-json\/wp\/v2\/types\/post"}],"author":[{"embeddable":true,"href":"https:\/\/tvbrazilusa.com\/pt\/wp-json\/wp\/v2\/users\/1"}],"replies":[{"embeddable":true,"href":"https:\/\/tvbrazilusa.com\/pt\/wp-json\/wp\/v2\/comments?post=32403"}],"version-history":[{"count":1,"href":"https:\/\/tvbrazilusa.com\/pt\/wp-json\/wp\/v2\/posts\/32403\/revisions"}],"predecessor-version":[{"id":32405,"href":"https:\/\/tvbrazilusa.com\/pt\/wp-json\/wp\/v2\/posts\/32403\/revisions\/32405"}],"wp:featuredmedia":[{"embeddable":true,"href":"https:\/\/tvbrazilusa.com\/pt\/wp-json\/wp\/v2\/media\/32404"}],"wp:attachment":[{"href":"https:\/\/tvbrazilusa.com\/pt\/wp-json\/wp\/v2\/media?parent=32403"}],"wp:term":[{"taxonomy":"category","embeddable":true,"href":"https:\/\/tvbrazilusa.com\/pt\/wp-json\/wp\/v2\/categories?post=32403"},{"taxonomy":"post_tag","embeddable":true,"href":"https:\/\/tvbrazilusa.com\/pt\/wp-json\/wp\/v2\/tags?post=32403"}],"curies":[{"name":"wp","href":"https:\/\/api.w.org\/{rel}","templated":true}]}}