{"id":32409,"date":"2024-09-05T17:55:33","date_gmt":"2024-09-05T17:55:33","guid":{"rendered":"https:\/\/tvbrazilusa.com\/2024\/09\/05\/biblioteca-de-nj-cortara-horarios-e-deixara-de-comprar-livros-por-incompetencia-diz-prefeito\/"},"modified":"2024-09-05T18:03:59","modified_gmt":"2024-09-05T18:03:59","slug":"biblioteca-de-nj-cortara-horarios-e-deixara-de-comprar-livros-por-incompetencia-diz-prefeito","status":"publish","type":"post","link":"https:\/\/tvbrazilusa.com\/pt\/2024\/09\/05\/biblioteca-de-nj-cortara-horarios-e-deixara-de-comprar-livros-por-incompetencia-diz-prefeito\/","title":{"rendered":"Biblioteca de NJ cortar\u00e1 hor\u00e1rios e deixar\u00e1 de comprar livros por &#8220;incompet\u00eancia&#8221;, diz prefeito"},"content":{"rendered":"<script async src=\"https:\/\/pagead2.googlesyndication.com\/pagead\/js\/adsbygoogle.js?client=ca-pub-8864793242727901\"\r\n     crossorigin=\"anonymous\"><\/script>\n<div>\n<p class=\"article__paragraph article__paragraph--left\" id=\"GVJSV4I7J5B2HDEDKVLYVDDGEA\">Um local <a href=\"https:\/\/www.nj.com\/news\/2024\/03\/49-cool-things-available-at-nj-libraries-from-vr-headsets-to-bongos-and-wedding-dresses.html\" target=\"_blank\" rel=\"noopener\">biblioteca<\/a> no Condado de Union est\u00e1 reduzindo seu hor\u00e1rio e programa\u00e7\u00e3o devido a \u201cdesafios de financiamento\u201d que irritaram os moradores e levaram o prefeito a criticar publicamente os funcion\u00e1rios da biblioteca.<\/p>\n<p class=\"article__paragraph article__paragraph--left\" id=\"HTM56JJ5XBDKVLRZ3O2SLJ3QIM\"><a href=\"https:\/\/www.facebook.com\/rahwaypubliclibrary\/posts\/pfbid02nPGssg7mwBJ8xvB5jsNU84yZV7v2cEyP5wm6hAHbGvPkfhHRdDTzGpF8MxmxcTnCl\">Biblioteca P\u00fablica Rahway<\/a> autoridades anunciaram na semana passada que a biblioteca n\u00e3o estar\u00e1 mais aberta nas noites de quarta-feira e s\u00e1bados. Eles tamb\u00e9m disseram que toda a programa\u00e7\u00e3o ser\u00e1 cancelada, com efeito imediato, com exce\u00e7\u00e3o de um evento da biblioteca agendado para segunda-feira.<\/p>\n<p class=\"article__paragraph article__paragraph--left\" id=\"5ARWJYA7WRDBNMWUDBKXEL4G64\">Os funcion\u00e1rios da biblioteca tamb\u00e9m est\u00e3o encerrando o programa de hotspot m\u00f3vel para fornecer aos clientes acesso \u00e0 internet e pararam de comprar livros f\u00edsicos ou outros itens. Os clientes n\u00e3o ter\u00e3o mais acesso a recursos digitais, incluindo os servi\u00e7os Hoopla e Kanopy que d\u00e3o aos usu\u00e1rios acesso gratuito a livros, audiolivros e filmes online.<\/p>\n<p class=\"article__paragraph article__paragraph--left\" id=\"JZF4NRXKPBAR7HKPFBNMZBCGRY\">\u201cDevido a desafios de financiamento, o Conselho de Curadores da Biblioteca P\u00fablica de Rahway lamenta informar ao p\u00fablico que as seguintes mudan\u00e7as ser\u00e3o feitas na Biblioteca P\u00fablica de Rahway\u201d, disseram autoridades na carta detalhando as redu\u00e7\u00f5es, que foi publicada no Facebook.<\/p>\n<p class=\"article__paragraph article__paragraph--left\" id=\"DOI5NK3JR5BZ5C3WLLN5NKZ5WE\">A biblioteca n\u00e3o estar\u00e1 mais aberta nos fins de semana, de acordo com seu site. Seu novo hor\u00e1rio \u00e9 segundas e quintas das 9h30 \u00e0s 19h30 e ter\u00e7as, quartas e sextas das 9h30 \u00e0s 16h30.<\/p>\n<p class=\"article__paragraph article__paragraph--left\" id=\"OFFQINW5TZAMLLBGPN5FPL7QTM\">O prefeito de Rahway, Raymond Giacobbe, culpou os funcion\u00e1rios da biblioteca pelos cortes em um coment\u00e1rio que ele postou em sua conta pessoal do Facebook, no an\u00fancio da biblioteca nas redes sociais sobre as mudan\u00e7as.<\/p>\n<p class=\"article__paragraph article__paragraph--left\" id=\"DDYD4G5RF5DEJDW2VVLZMDM26Y\">\u201cAs dificuldades da biblioteca n\u00e3o v\u00eam da falta de financiamento, mas sim da incompet\u00eancia do diretor executivo e da m\u00e1 gest\u00e3o tanto do or\u00e7amento quanto da equipe\u201d, escreveu Giacobbe. \u201c\u00c9 importante notar que esse diretor executivo n\u00e3o era o candidato que eu apoiei anos atr\u00e1s.\u201d<\/p>\n<p class=\"article__paragraph article__paragraph--left\" id=\"YIZU2JLZBZHYHLA565CPY5MZSU\">Giacobbe disse que h\u00e1 \u201cpreocupa\u00e7\u00f5es constantes\u201d sobre o diretor da biblioteca e que o conselho da biblioteca deu \u201ca impress\u00e3o de que a cidade n\u00e3o apoia a biblioteca\u201d.<\/p>\n<p class=\"article__paragraph article__paragraph--left\" id=\"QRPOUIJ36RA2BDOQ6WP4RKQXAY\">\u201cMesmo que a biblioteca recebesse um influxo significativo de financiamento, seria in\u00fatil se o diretor executivo n\u00e3o conseguisse administrar o or\u00e7amento de forma eficaz\u201d, disse o prefeito.<\/p>\n<p class=\"article__paragraph article__paragraph--left\" id=\"VE4PEMOQANDW5GZHTGUERHDQ2U\">Giacobbe n\u00e3o respondeu a um pedido de coment\u00e1rio do NJ Advance Media.<\/p>\n<p class=\"article__paragraph article__paragraph--left\" id=\"ZW6UVHL6MRB63K73FF5B4WLGB4\">O diretor da biblioteca, Ian Sloat, se recusou a comentar as alega\u00e7\u00f5es do prefeito.<\/p>\n<p class=\"article__paragraph article__paragraph--left\" id=\"QML5FQVBBNHVXI5D6BNCAHYZHM\">Sloat disse que as redu\u00e7\u00f5es recentes se devem a um d\u00e9ficit or\u00e7ament\u00e1rio, embora o financiamento da biblioteca pela cidade tenha aumentado recentemente.<\/p>\n<p class=\"article__paragraph article__paragraph--left\" id=\"3SDC4DKJXJFHRNH5XJZ4NM3JKU\">\u201cAt\u00e9 agora, estamos obtendo mais da cidade\u201d, disse Sloat \u00e0 NJ Advance Media.<\/p>\n<p class=\"article__paragraph article__paragraph--left\" id=\"RQQKTE5VKFCLFCGQGMEWMSK62I\">O financiamento da biblioteca pela cidade \u00e9 de US$ 1,319 milh\u00e3o, um aumento de cerca de US$ 5.000 em rela\u00e7\u00e3o ao ano passado, disse ele.<\/p>\n<p class=\"article__paragraph article__paragraph--left\" id=\"S2IXE6U6UFBWRMIOHDBWQWA53E\">Mas n\u00e3o \u00e9 suficiente para cobrir o d\u00e9ficit or\u00e7ament\u00e1rio da biblioteca, que provavelmente \u00e9 de \u201ccentenas de milhares\u201d de d\u00f3lares, disse Sloat.<\/p>\n<p class=\"article__paragraph article__paragraph--left\" id=\"PO7P3X4UPNA35BZJBYQA53XH7U\">A biblioteca estava usando seu pr\u00f3prio financiamento de reserva para se sustentar at\u00e9 recentemente, quando as autoridades anunciaram os cortes. H\u00e1 aproximadamente US$ 55.000 restantes no fundo de reserva da biblioteca, que foi alocado para atualiza\u00e7\u00f5es tecnol\u00f3gicas, disse Sloat.<\/p>\n<p class=\"article__paragraph article__paragraph--left\" id=\"LPKQ44BRIJGZ3JYDPOKXMLF43Q\">\u201cTemos nosso pr\u00f3prio or\u00e7amento e nossas pr\u00f3prias finan\u00e7as, e a cidade nos d\u00e1 algo todo ano, mas o conselho da biblioteca controla esse financiamento\u201d, disse ele.<\/p>\n<p class=\"article__paragraph article__paragraph--left\" id=\"TSFEJIPQTBAMDNMZAPTY3L73YI\">Os funcion\u00e1rios da biblioteca t\u00eam gasto dinheiro da reserva desde 2021, disse Sloat, que come\u00e7ou como diretor da biblioteca em agosto de 2020.<\/p>\n<p class=\"article__paragraph article__paragraph--left\" id=\"FLOQDBCTAFAX3MO62DKTVIQVUA\">As recentes redu\u00e7\u00f5es no hor\u00e1rio e nos servi\u00e7os da biblioteca geraram indigna\u00e7\u00e3o entre os moradores nas redes sociais e em v\u00e1rios meios de comunica\u00e7\u00e3o. <a href=\"https:\/\/www.reddit.com\/r\/newjersey\/comments\/1f6cgag\/rahway_looks_like_your_local_politicians_are\/\">Reddit<\/a> post. Dezenas de moradores descontentes tamb\u00e9m se manifestaram contra as mudan\u00e7as na reuni\u00e3o do conselho municipal de ter\u00e7a-feira.<\/p>\n<p class=\"article__paragraph article__paragraph--left\" id=\"B25DYT5B35GMPH5WY76IWWUIMQ\">UM <a href=\"https:\/\/www.change.org\/p\/support-rahway-library-prevent-devastating-budget-cuts-and-service-reductions?utm_source=Local-media&#038;utm_campaign=RahwayLibrary&#038;utm_content=Other&#038;utm_term=1000+&#038;utm_medium=Local-petition\">Peti\u00e7\u00e3o Change.org<\/a> para protestar contra as redu\u00e7\u00f5es de servi\u00e7os, havia reunido quase 1.300 assinaturas at\u00e9 a tarde de quinta-feira.<\/p>\n<p class=\"article__paragraph article__paragraph--left\" id=\"ENTILL4AZNFLHN7Q2DIXMXQB2I\">Uma reuni\u00e3o de emerg\u00eancia do conselho de administra\u00e7\u00e3o da biblioteca ser\u00e1 realizada virtualmente na sexta-feira \u00e0s 13h30. Detalhes sobre como acessar a chamada do Zoom est\u00e3o dispon\u00edveis no site da biblioteca. <a href=\"https:\/\/www.rahwaylibrary.org\/\">site<\/a>.<\/p>\n<p class=\"article__paragraph article__paragraph--left\" id=\"CTWO7LY7KNAVJETUM4YDOSNBEA\">Uma reuni\u00e3o do conselho municipal tamb\u00e9m est\u00e1 marcada para segunda-feira. Um item na pauta da reuni\u00e3o \u00e9 emendar o or\u00e7amento de capital da cidade para 2024, embora a resolu\u00e7\u00e3o n\u00e3o mencione a biblioteca.<\/p>\n<section class=\"Stories-By-Author-module_wrapper__ezbcK Stories-By-Author-module_nj__Ap1-Y\"\/>\n<p class=\"article__paragraph article__paragraph--left\" id=\"R7DRUHQ5EVGPVIKBXYTYLZGWKQ\"><i>Nosso jornalismo precisa do seu apoio. Por favor, assine hoje mesmo o NJ.com.<\/i><\/p>\n<p class=\"article__paragraph article__paragraph--left\" id=\"2DOQWBR6QJATNKJZ2NK4UVWOTA\"><i>Brianna Kudisch pode ser contatada em <\/i><a href=\"https:\/\/www.nj.com\/union\/2024\/09\/mailto:bkudisch@njadvancemedia.com\"><i>bkudisch@njadvancemedia.com<\/i><\/a><i>.<\/i><\/p>\n<\/div>\n<p><br \/>\n<br \/><a href=\"https:\/\/www.nj.com\/union\/2024\/09\/nj-library-will-cut-hours-stop-purchasing-books-due-to-incompetence-mayor-says.html\">Source link <\/a><\/p>","protected":false},"excerpt":{"rendered":"<p>Um local biblioteca no Condado de Union est\u00e1 reduzindo seu hor\u00e1rio e programa\u00e7\u00e3o devido a \u201cdesafios de financiamento\u201d que irritaram os moradores e levaram o prefeito a criticar publicamente os&hellip;<\/p>","protected":false},"author":1,"featured_media":32410,"comment_status":"closed","ping_status":"open","sticky":false,"template":"","format":"standard","meta":{"content-type":"","footnotes":""},"categories":[1],"tags":[],"class_list":["post-32409","post","type-post","status-publish","format-standard","has-post-thumbnail","hentry","category-uncategorized"],"_links":{"self":[{"href":"https:\/\/tvbrazilusa.com\/pt\/wp-json\/wp\/v2\/posts\/32409","targetHints":{"allow":["GET"]}}],"collection":[{"href":"https:\/\/tvbrazilusa.com\/pt\/wp-json\/wp\/v2\/posts"}],"about":[{"href":"https:\/\/tvbrazilusa.com\/pt\/wp-json\/wp\/v2\/types\/post"}],"author":[{"embeddable":true,"href":"https:\/\/tvbrazilusa.com\/pt\/wp-json\/wp\/v2\/users\/1"}],"replies":[{"embeddable":true,"href":"https:\/\/tvbrazilusa.com\/pt\/wp-json\/wp\/v2\/comments?post=32409"}],"version-history":[{"count":1,"href":"https:\/\/tvbrazilusa.com\/pt\/wp-json\/wp\/v2\/posts\/32409\/revisions"}],"predecessor-version":[{"id":32411,"href":"https:\/\/tvbrazilusa.com\/pt\/wp-json\/wp\/v2\/posts\/32409\/revisions\/32411"}],"wp:featuredmedia":[{"embeddable":true,"href":"https:\/\/tvbrazilusa.com\/pt\/wp-json\/wp\/v2\/media\/32410"}],"wp:attachment":[{"href":"https:\/\/tvbrazilusa.com\/pt\/wp-json\/wp\/v2\/media?parent=32409"}],"wp:term":[{"taxonomy":"category","embeddable":true,"href":"https:\/\/tvbrazilusa.com\/pt\/wp-json\/wp\/v2\/categories?post=32409"},{"taxonomy":"post_tag","embeddable":true,"href":"https:\/\/tvbrazilusa.com\/pt\/wp-json\/wp\/v2\/tags?post=32409"}],"curies":[{"name":"wp","href":"https:\/\/api.w.org\/{rel}","templated":true}]}}