{"id":32426,"date":"2024-09-05T17:22:27","date_gmt":"2024-09-05T17:22:27","guid":{"rendered":"https:\/\/tvbrazilusa.com\/2024\/09\/05\/markey-e-warren-condenam-o-ceo-da-steward-por-se-recusar-a-cumprir-uma-intimacao-do-senado\/"},"modified":"2024-09-05T18:31:51","modified_gmt":"2024-09-05T18:31:51","slug":"markey-e-warren-condenam-o-ceo-da-steward-por-se-recusar-a-cumprir-uma-intimacao-do-senado","status":"publish","type":"post","link":"https:\/\/tvbrazilusa.com\/pt\/2024\/09\/05\/markey-e-warren-condenam-o-ceo-da-steward-por-se-recusar-a-cumprir-uma-intimacao-do-senado\/","title":{"rendered":"Markey e Warren condenam o CEO da Steward por se recusar a cumprir uma intima\u00e7\u00e3o do Senado"},"content":{"rendered":"<p> <script async src=\"https:\/\/pagead2.googlesyndication.com\/pagead\/js\/adsbygoogle.js?client=ca-pub-8864793242727901\"\r\n     crossorigin=\"anonymous\"><\/script><br \/>\n<\/p>\n<div id=\"\">\n<header class=\"m-article-header m-article-header--standard\">\n\t\t\t\t\t\t\t\t\t\t\t\t<span id=\"article-header-primary-term\"><br \/>\n\t\t\t\t\t\t\t\t<a class=\"a-term a-term--primary\" href=\"https:\/\/www.boston.com\/tag\/politics\/\"><\/p>\n<p>\t\t\t\t\t\t\t\tPol\u00edtica\t\t\t\t\t\t\t\t<\/a><br \/>\n\t\t\t\t\t\t\t<\/span><\/p>\n<h2 class=\"m-article-header__sub-headline\">Os senadores dizem que Ralph de la Torre est\u00e1 tentando evitar responsabiliza\u00e7\u00e3o.<\/h2>\n<figure class=\"a-photo m-article-header__photo\"><figcaption class=\"a-photo__caption\">\n<p>\tA senadora Elizabeth Warren discursa no p\u00f3dio junto com Ellen MacInnis, enfermeira registrada no St Elizabeth&#8217;s Medical Center, o senador Edward Markey e a deputada Lori Trahan em uma entrevista coletiva em Boston sobre a recusa do CEO da Steward Health Care, Ralph de la Torre, em cumprir uma intima\u00e7\u00e3o.<em> David L Ryan\/Equipe Globe<\/em>\t<\/figcaption><\/figure>\n<div class=\"m-article-header__meta\">\n<div class=\"m-article-header__byline\">\n<p class=\"m-article-header__author\">\n<p>\t\t\t\t\t\t\t\tPor MICHAEL CASEY, Associated Press\t\t\t\t\t\t\t<\/p>\n<p>\t\t\t\t\t\t    \t\t\t\t\t\t\t<time class=\"m-article-header__date\"><\/p>\n<p>        \t\t\t\t\t\t\t5 de setembro de 2024 | 13h22    \t\t\t\t\t\t\t<\/time><\/p><\/div>\n<\/p><\/div>\n<\/header>\n<p>BOSTON (AP) \u2014 V\u00e1rios l\u00edderes pol\u00edticos, incluindo os senadores Edward Markey e Elizabeth Warren, de Massachusetts, atacaram o l\u00edder do <a href=\"https:\/\/www.boston.com\/news\/local-news\/2024\/08\/05\/heres-how-many-employees-are-slated-to-lose-their-jobs-in-latest-steward-closures\/\">sistema de sa\u00fade problem\u00e1tico de Steward<\/a> na quinta-feira por se recusar a cumprir uma intima\u00e7\u00e3o para comparecer perante um comit\u00ea do Senado.<\/p>\n<p>Advogados para <a href=\"https:\/\/www.boston.com\/news\/local-news\/2024\/08\/09\/healey-supports-federal-investigation-into-steward-health-cares-de-la-torre\/\">CEO da Steward, Ralph de la Torre<\/a> disse quarta-feira que n\u00e3o testemunhar\u00e1 perante um comit\u00ea investigativo <a href=\"https:\/\/www.boston.com\/news\/business\/2024\/05\/06\/hospital-operator-steward-health-care-files-for-bankruptcy-protection\/\">a fal\u00eancia da empresa hospitalar sediada em Dallas<\/a> porque uma ordem judicial federal o pro\u00edbe de discutir qualquer coisa durante um esfor\u00e7o de reorganiza\u00e7\u00e3o e acordo em andamento.<\/p>\n<p>Warren e Markey rejeitaram essas preocupa\u00e7\u00f5es na quinta-feira, dizendo que de la Torre est\u00e1 tentando evitar a responsabiliza\u00e7\u00e3o.<\/p>\n<p>A Steward, que operava cerca de 30 hospitais em todo o pa\u00eds, entrou com pedido de fal\u00eancia em maio. Ela vem tentando vender seus mais de meia d\u00fazia de hospitais em Massachusetts, mas recebeu propostas inadequadas para o Carney Hospital em Boston e o Nashoba Valley Medical Center na cidade de Ayer, ambos fechados no s\u00e1bado. Um tribunal federal de fal\u00eancias aprovou na quarta-feira a venda dos outros hospitais da Steward em Massachusetts.<\/p>\n<p>Em uma carta enviada na quarta-feira ao senador Bernie Sanders, de Vermont, que preside o Comit\u00ea de Sa\u00fade, Educa\u00e7\u00e3o, Trabalho e Pens\u00f5es do Senado, de la Torre n\u00e3o descartou testemunhar perante o comit\u00ea em uma data posterior.<\/p>\n<p>\u201cEle est\u00e1 se escondendo porque n\u00e3o quer responder ao povo americano ou ao Congresso ou aos pacientes e trabalhadores de Massachusetts pelo que fez\u201d, disse Markey, falando em uma coletiva de imprensa na quinta-feira, sobre de la Torre. \u201cEle quer se esconder da responsabiliza\u00e7\u00e3o pelo que os \u00faltimos cinco meses expuseram.\u201d<\/p>\n<p>Warren disse que de la Torre poderia invocar seu direito constitucional contra a autoincrimina\u00e7\u00e3o se ele \u201cacreditasse que as respostas o colocariam em risco de ir para a pris\u00e3o\u201d.<\/p>\n<p>\u201cRalph de la Torre \u00e9 mais um cara rico que acha que as regras n\u00e3o se aplicam a ele\u201d, disse Warren. \u201cEle parece achar que est\u00e1 acima da lei e que pode pegar o que quiser e n\u00e3o ter que responder por nenhuma destrui\u00e7\u00e3o que deixa para tr\u00e1s.\u201d<\/p>\n<p>Warren argumentou que a decis\u00e3o de de la Torre de n\u00e3o comparecer deveria resultar em sua expuls\u00e3o de Steward.<\/p>\n<p>\u201cSei que o processo est\u00e1 muito avan\u00e7ado, mas gostaria de ver outra pessoa que pudesse dar uma olhada em todas as informa\u00e7\u00f5es que est\u00e3o acontecendo confidencialmente, internamente e n\u00e3o divulgadas ao p\u00fablico \u2014 algu\u00e9m al\u00e9m de Ralph de la Torre\u201d, disse ela.<\/p>\n<p>Em sua carta a Sanders, os advogados de de la Torre disseram que o comit\u00ea do Senado est\u00e1 tentando transformar a audi\u00eancia em \u201cum processo pseudocriminal no qual eles usam o tempo, n\u00e3o para reunir fatos, mas para condenar o Dr. de la Torre aos olhos da opini\u00e3o p\u00fablica\u201d.<\/p>\n<p>Sanders disse em um comunicado que trabalhar\u00e1 com outros membros do painel para determinar a melhor maneira de pressionar de la Torre por respostas.<\/p>\n<p>\u201cDeixe-me ser claro: n\u00e3o aceitaremos esse adiamento. O Congresso responsabilizar\u00e1 o Dr. de la Torre por sua gan\u00e2ncia e pelos danos que ele causou a hospitais e pacientes em toda a Am\u00e9rica\u201d, disse Sanders. \u201cEste Comit\u00ea pretende avan\u00e7ar agressivamente para obrigar o Dr. de la Torre a testemunhar sobre a m\u00e1 administra\u00e7\u00e3o grosseira da Steward Health Care.\u201d<\/p>\n<p>As op\u00e7\u00f5es do comit\u00ea incluem manter de la Torre em desacato criminal, o que pode resultar em julgamento e pris\u00e3o; ou desacato civil, o que resultaria em multas at\u00e9 que ele compare\u00e7a. Ambas exigiriam uma vota\u00e7\u00e3o no Senado.<\/p>\n<p>De la Torre tamb\u00e9m recusou convites para testemunhar em uma audi\u00eancia de campo em Boston no in\u00edcio deste ano, presidida por Markey.<\/p>\n<\/p><\/div>\n<p><script>\n\t\tvar consent=\"grant\";\n\t\t\/* The above code is parsing the JSON data from the local storage and storing it in a variable. *\/\n\t\t\t\t\tconst onetrustStorageConsent = JSON.parse(localStorage.getItem( 'consent_one_trust_bdc' ) );\n\t\t\tif ( ( onetrustStorageConsent !== null ) ) {\n\t\t\t\t\/* Checking to see if the user has consented to the use of cookies.\n\t\t\t\t* If they have not, it is deleting the cookie.\n\t\t\t\t* This will comment for now, until further notice.\n\t\t\t\t*\/\n\t\t\t\t\/\/if ( onetrustStorageConsent.C0002 === false ) {\n\t\t\t\t\/\/\tdocument.cookie=\"_fbp=;expires=Thu, 01 Jan 2010 00:00:00 UTC; path=\/; domain=.boston.com\";\n\t\t\t\t\/\/}\n\t\t\t\t\/* Checking if the user has given consent for the cookie C0002.\n\t\t\t\t* If the user has given consent, the variable consent will be set to 'grant'.\n\t\t\t\t* If the user has not given consent,the variable consent will be set to 'revoke'.\n\t\t\t\t* Documentation https:\/\/developers.facebook.com\/docs\/meta-pixel\/implementation\/gdpr\n\t\t\t\t*\/\n\t\t\t\tif ( onetrustStorageConsent.C0002 !== true ) {\n\t\t\t\t\tconsent=\"revoke\";\n\t\t\t\t}\n\t\t\t}\n\t\t\t\t!function(f,b,e,v,n,t,s)\n\t\t{if(f.fbq)return;n=f.fbq=function(){n.callMethod?\n\t\tn.callMethod.apply(n,arguments):n.queue.push(arguments)};\n\t\tif(!f._fbq)f._fbq=n;n.push=n;n.loaded=!0;n.version='2.0';\n\t\tn.queue=[];t=b.createElement(e);t.async=!0;\n\t\tt.src=v;s=b.getElementsByTagName(e)[0];\n\t\ts.parentNode.insertBefore(t,s)}(window, document,'script',\n\t\t'https:\/\/connect.facebook.net\/en_US\/fbevents.js');\n\t\tfbq('consent', consent);\n\t\tfbq('init', '989222871864976');\n\t\tfbq('track', 'PageView');\n\t<\/script><script type=\"module\">\n\t\tvar consent=\"grant\";\n\t\t\/* The above code is parsing the JSON data from the local storage and storing it in a variable. *\/\n\t\t\tconst onetrustStorageConsent = JSON.parse(localStorage.getItem( 'consent_one_trust_bdc' ) );\n\t\t\t\/* Checking to see if the user has consented to the use of cookies.\n\t\t\t* If they have not, it is deleting the cookie.\n\t\t\t* This will comment for now, until further notice.\n\t\t\t*\/\n\t\t\t\/\/if ( onetrustStorageConsent.C0002 === false ) {\n\t\t\t\/\/\tdocument.cookie=\"_fbp=;expires=Thu, 01 Jan 2010 00:00:00 UTC; path=\/; domain=.boston.com\";\n\t\t\t\/\/}\n\t\t\t\/* Checking if the user has given consent for the cookie C0002.\n\t\t\t* If the user has given consent, the variable consent will be set to 'grant'.\n\t\t\t* If the user has not given consent,the variable consent will be set to 'revoke'.\n\t\t\t* Documentation https:\/\/developers.facebook.com\/docs\/meta-pixel\/implementation\/gdpr\n\t\t\t*\/\n\t\t\tif ( ( onetrustStorageConsent !== null ) && (onetrustStorageConsent.C0002 !== true ) ) {\n\t\t\t\tconsent=\"revoke\";\n\t\t\t}\n\t\t\t\t!function(f,b,e,v,n,t,s){if(f.fbq)return;n=f.fbq=function()\n\t\t{n.callMethod? n.callMethod.apply(n,arguments):n.queue.push(arguments)}\n\t\t;if(!f._fbq)f._fbq=n;\n\t\tn.push=n;n.loaded=!0;n.version='2.0';n.queue=[];t=b.createElement(e);t.async=!0;\n\t\tt.src=v;s=b.getElementsByTagName(e)[0];s.parentNode.insertBefore(t,s)}(window,\n\t\tdocument,'script','https:\/\/connect.facebook.net\/en_US\/fbevents.js');\n\t\tfbq('consent', consent);\n\t\tfbq('init', '813236348753005');\n\t\tfbq('track', \"PageView\");\n\t<\/script><br \/>\n<br \/><br \/>\n<br \/><a href=\"https:\/\/www.boston.com\/news\/politics\/2024\/09\/05\/markey-and-warren-condemn-stewards-ceo-for-refusing-to-comply-with-a-senate-subpoena\/\">Source link <\/a><\/p>","protected":false},"excerpt":{"rendered":"<p>Pol\u00edtica Os senadores dizem que Ralph de la Torre est\u00e1 tentando evitar responsabiliza\u00e7\u00e3o. A senadora Elizabeth Warren discursa no p\u00f3dio junto com Ellen MacInnis, enfermeira registrada no St Elizabeth&#8217;s Medical&hellip;<\/p>","protected":false},"author":1,"featured_media":32427,"comment_status":"closed","ping_status":"open","sticky":false,"template":"","format":"standard","meta":{"content-type":"","footnotes":""},"categories":[1],"tags":[],"class_list":["post-32426","post","type-post","status-publish","format-standard","has-post-thumbnail","hentry","category-uncategorized"],"_links":{"self":[{"href":"https:\/\/tvbrazilusa.com\/pt\/wp-json\/wp\/v2\/posts\/32426","targetHints":{"allow":["GET"]}}],"collection":[{"href":"https:\/\/tvbrazilusa.com\/pt\/wp-json\/wp\/v2\/posts"}],"about":[{"href":"https:\/\/tvbrazilusa.com\/pt\/wp-json\/wp\/v2\/types\/post"}],"author":[{"embeddable":true,"href":"https:\/\/tvbrazilusa.com\/pt\/wp-json\/wp\/v2\/users\/1"}],"replies":[{"embeddable":true,"href":"https:\/\/tvbrazilusa.com\/pt\/wp-json\/wp\/v2\/comments?post=32426"}],"version-history":[{"count":1,"href":"https:\/\/tvbrazilusa.com\/pt\/wp-json\/wp\/v2\/posts\/32426\/revisions"}],"predecessor-version":[{"id":32428,"href":"https:\/\/tvbrazilusa.com\/pt\/wp-json\/wp\/v2\/posts\/32426\/revisions\/32428"}],"wp:featuredmedia":[{"embeddable":true,"href":"https:\/\/tvbrazilusa.com\/pt\/wp-json\/wp\/v2\/media\/32427"}],"wp:attachment":[{"href":"https:\/\/tvbrazilusa.com\/pt\/wp-json\/wp\/v2\/media?parent=32426"}],"wp:term":[{"taxonomy":"category","embeddable":true,"href":"https:\/\/tvbrazilusa.com\/pt\/wp-json\/wp\/v2\/categories?post=32426"},{"taxonomy":"post_tag","embeddable":true,"href":"https:\/\/tvbrazilusa.com\/pt\/wp-json\/wp\/v2\/tags?post=32426"}],"curies":[{"name":"wp","href":"https:\/\/api.w.org\/{rel}","templated":true}]}}