{"id":32429,"date":"2024-09-05T18:23:24","date_gmt":"2024-09-05T18:23:24","guid":{"rendered":"https:\/\/tvbrazilusa.com\/2024\/09\/05\/x-afirma-que-moraes-mandou-bloquear-contas-com-menos-de-mil-seguidores\/"},"modified":"2024-09-05T18:41:20","modified_gmt":"2024-09-05T18:41:20","slug":"x-afirma-que-moraes-mandou-bloquear-contas-com-menos-de-mil-seguidores","status":"publish","type":"post","link":"https:\/\/tvbrazilusa.com\/pt\/2024\/09\/05\/x-afirma-que-moraes-mandou-bloquear-contas-com-menos-de-mil-seguidores\/","title":{"rendered":"X afirma que Moraes mandou bloquear contas com menos de mil seguidores"},"content":{"rendered":"<p> <script async src=\"https:\/\/pagead2.googlesyndication.com\/pagead\/js\/adsbygoogle.js?client=ca-pub-8864793242727901\"\r\n     crossorigin=\"anonymous\"><\/script><br \/>\n<\/p>\n<div>\n<p>Uma peti\u00e7\u00e3o datada de 9 de mar\u00e7o de 2023 e emitida pelo ministro Alexandre de Moraes, do Supremo Tribunal Federal (STF), foi exposta pelo X, rede social anteriormente conhecida como Twitter, pertencente ao bilion\u00e1rio Elon Musk. Segundo informa\u00e7\u00f5es do Antagonista, a ordem judicial, mantida sob car\u00e1ter sigiloso at\u00e9 ent\u00e3o, determinava o bloqueio de algumas contas com menos de mil seguidores.<\/p>\n<p>Os perfis afetados pertenciam a Katia Graceli (@KatiaGraceli), Beto Rossi (@rossi_beto) e Lucinha Ramiro (@ramiromarlucia). A ordem, enviada \u00e0s plataformas Facebook, Instagram e YouTube al\u00e9m do X, estabelecia um prazo de duas horas para que as empresas suspendessem as contas. A pena pelo descumprimento seria uma multa di\u00e1ria de 100 mil reais.<\/p>\n<p>A determina\u00e7\u00e3o de Alexandre de Moraes logo levantou quest\u00f5es sobre poss\u00edveis viola\u00e7\u00f5es de garantias constitucionais, incluindo o direito ao devido processo legal, a liberdade de express\u00e3o e a prote\u00e7\u00e3o de dados pessoais. As contas mencionadas tinham um n\u00famero relativamente baixo de seguidores e suas postagens expressavam principalmente apoio a pontos de vista conservadores.<\/p>\n<p>Importante ressaltar que Moraes n\u00e3o identificou nenhuma postagem ilegal por parte dos usu\u00e1rios cujas contas foram bloqueadas. Isso gerou uma grande controv\u00e9rsia sobre o real motivo do bloqueio, levantando suspeitas de que a causa pudesse ser a discord\u00e2ncia pol\u00edtica do ministro com as opini\u00f5es dos usu\u00e1rios.<\/p>\n<p>A justificativa apresentada por Moraes \u00e9 a prote\u00e7\u00e3o da democracia. No entanto, a a\u00e7\u00e3o de bloquear um lado do debate pol\u00edtico \u00e9 vista por muitos como errada. \u201cCensurar um lado de um debate pol\u00edtico \u00e9 o oposto da democracia\u201d, escreveu o X ao publicar a peti\u00e7\u00e3o. Isso p\u00f5e em cheque as a\u00e7\u00f5es do magistrado, questionando se a inten\u00e7\u00e3o real \u00e9 o equil\u00edbrio democr\u00e1tico ou a supress\u00e3o de vozes discordantes.<\/p>\n<h2 class=\"wp-block-heading\">Como a Decis\u00e3o Impactou as Redes Sociais?<\/h2>\n<p>A repercuss\u00e3o foi imediata. As redes sociais afetadas iniciaram uma s\u00e9rie de debates sobre a legitimidade da ordem judicial e suas implica\u00e7\u00f5es para a liberdade de express\u00e3o no pa\u00eds. A seguir, reunimos alguns pontos levantados pela comunidade e especialistas em direito digital:<\/p>\n<ul class=\"wp-block-list\">\n<li><strong>Liberdade de express\u00e3o<\/strong>: O bloqueio de contas por discord\u00e2ncia pol\u00edtica levanta s\u00e9rios questionamentos sobre os limites da liberdade de express\u00e3o no Brasil.<\/li>\n<li><strong>Seguran\u00e7a jur\u00eddica<\/strong>: A decis\u00e3o foi vista como um ataque direto \u00e0s garantias constitucionais, minando a confian\u00e7a nas institui\u00e7\u00f5es jur\u00eddicas.<\/li>\n<li><strong>Modera\u00e7\u00e3o de conte\u00fado<\/strong>: As plataformas precisam balancear as ordens judiciais com pol\u00edticas internas e a liberdade dos usu\u00e1rios, gerando um desafio constante.<\/li>\n<li><strong>Impacto nas redes<\/strong>: A medida pressiona as redes sociais a serem mais criteriosas nas suas pol\u00edticas de modera\u00e7\u00e3o.<\/li>\n<\/ul>\n<h2 class=\"wp-block-heading\">Qual o Pr\u00f3ximo Passo na Pol\u00eamica Entre o STF e o X?<\/h2>\n<p>Os desdobramentos s\u00e3o complexos. Alexandre de Moraes orientou seus auxiliares no Tribunal Superior Eleitoral (TSE) a adotar medidas mais r\u00edgidas contra o X, ap\u00f3s a plataforma se recusar a moderar conte\u00fado nos termos indicados pelo ministro. As instru\u00e7\u00f5es, compartilhadas por Moraes a Marco Ant\u00f4nio Vargas, juiz auxiliar no TSE, mostram uma inten\u00e7\u00e3o clara de endurecer medidas contra o X.<\/p>\n<p>O vazamento dessas mensagens, conhecido como \u201cVaza Toga\u201d, adicionou mais um elemento \u00e0 controv\u00e9rsia, sugerindo que a fiscaliza\u00e7\u00e3o e a\u00e7\u00f5es contra a plataforma n\u00e3o se limitam aos assuntos pertinentes \u00e0 Justi\u00e7a Eleitoral, mas tamb\u00e9m a quest\u00f5es pol\u00edticas mais amplas.<\/p>\n<\/p><\/div>\n<p><br \/>\n<br \/><a href=\"https:\/\/terrabrasilnoticias.com\/2024\/09\/x-afirma-que-moraes-mandou-bloquear-contas-com-menos-de-mil-seguidores\/\">Source link <\/a><\/p>","protected":false},"excerpt":{"rendered":"<p>Uma peti\u00e7\u00e3o datada de 9 de mar\u00e7o de 2023 e emitida pelo ministro Alexandre de Moraes, do Supremo Tribunal Federal (STF), foi exposta pelo X, rede social anteriormente conhecida como&hellip;<\/p>","protected":false},"author":1,"featured_media":32430,"comment_status":"closed","ping_status":"open","sticky":false,"template":"","format":"standard","meta":{"content-type":"","footnotes":""},"categories":[16],"tags":[],"class_list":["post-32429","post","type-post","status-publish","format-standard","has-post-thumbnail","hentry","category-noticias"],"_links":{"self":[{"href":"https:\/\/tvbrazilusa.com\/pt\/wp-json\/wp\/v2\/posts\/32429","targetHints":{"allow":["GET"]}}],"collection":[{"href":"https:\/\/tvbrazilusa.com\/pt\/wp-json\/wp\/v2\/posts"}],"about":[{"href":"https:\/\/tvbrazilusa.com\/pt\/wp-json\/wp\/v2\/types\/post"}],"author":[{"embeddable":true,"href":"https:\/\/tvbrazilusa.com\/pt\/wp-json\/wp\/v2\/users\/1"}],"replies":[{"embeddable":true,"href":"https:\/\/tvbrazilusa.com\/pt\/wp-json\/wp\/v2\/comments?post=32429"}],"version-history":[{"count":1,"href":"https:\/\/tvbrazilusa.com\/pt\/wp-json\/wp\/v2\/posts\/32429\/revisions"}],"predecessor-version":[{"id":32431,"href":"https:\/\/tvbrazilusa.com\/pt\/wp-json\/wp\/v2\/posts\/32429\/revisions\/32431"}],"wp:featuredmedia":[{"embeddable":true,"href":"https:\/\/tvbrazilusa.com\/pt\/wp-json\/wp\/v2\/media\/32430"}],"wp:attachment":[{"href":"https:\/\/tvbrazilusa.com\/pt\/wp-json\/wp\/v2\/media?parent=32429"}],"wp:term":[{"taxonomy":"category","embeddable":true,"href":"https:\/\/tvbrazilusa.com\/pt\/wp-json\/wp\/v2\/categories?post=32429"},{"taxonomy":"post_tag","embeddable":true,"href":"https:\/\/tvbrazilusa.com\/pt\/wp-json\/wp\/v2\/tags?post=32429"}],"curies":[{"name":"wp","href":"https:\/\/api.w.org\/{rel}","templated":true}]}}