{"id":32441,"date":"2024-09-05T19:14:55","date_gmt":"2024-09-05T19:14:55","guid":{"rendered":"https:\/\/tvbrazilusa.com\/2024\/09\/05\/pablo-marcal-revela-o-que-pode-faze-lo-se-candidatar-a-presidencia-em-2026\/"},"modified":"2024-09-05T19:25:34","modified_gmt":"2024-09-05T19:25:34","slug":"pablo-marcal-revela-o-que-pode-faze-lo-se-candidatar-a-presidencia-em-2026","status":"publish","type":"post","link":"https:\/\/tvbrazilusa.com\/pt\/2024\/09\/05\/pablo-marcal-revela-o-que-pode-faze-lo-se-candidatar-a-presidencia-em-2026\/","title":{"rendered":"Pablo Mar\u00e7al revela o que pode faz\u00ea-lo se candidatar \u00e0 Presid\u00eancia em 2026"},"content":{"rendered":"<p> <script async src=\"https:\/\/pagead2.googlesyndication.com\/pagead\/js\/adsbygoogle.js?client=ca-pub-8864793242727901\"\r\n     crossorigin=\"anonymous\"><\/script><br \/>\n<\/p>\n<div>\n<p>O empres\u00e1rio e candidato \u00e0 prefeitura de S\u00e3o Paulo pelo PRTB, Pablo Mar\u00e7al, revelou pela primeira vez que poder\u00e1 disputar a Presid\u00eancia da Rep\u00fablica em 2026. No entanto, ele condiciona essa candidatura \u00e0 n\u00e3o participa\u00e7\u00e3o do atual presidente, Luiz In\u00e1cio Lula da Silva (PT), nas elei\u00e7\u00f5es. Durante uma sabatina organizada pela Folha de S.Paulo e pelo UOL, Mar\u00e7al destacou a sua posi\u00e7\u00e3o clara sobre o assunto.<\/p>\n<p>Mar\u00e7al afirmou enfaticamente que s\u00f3 entrar\u00e1 na corrida presidencial se Lula n\u00e3o se candidatar \u00e0 reelei\u00e7\u00e3o. \u201cSe o Lula morrer, eu vou ser candidato a presidente do Brasil. A \u00fanica condi\u00e7\u00e3o que eu vou colocar \u00e9 esta,\u201d declarou o empres\u00e1rio. Essa forte afirma\u00e7\u00e3o agitou o cen\u00e1rio pol\u00edtico e lan\u00e7ou algumas d\u00favidas sobre o futuro das elei\u00e7\u00f5es de 2026.<\/p>\n<h2 class=\"wp-block-heading\">Poss\u00edvel Candidatura \u00e0 Presid\u00eancia em 2026<\/h2>\n<p>Durante a sabatina, Pablo Mar\u00e7al direcionou cr\u00edticas ao governador de S\u00e3o Paulo, Tarc\u00edsio de Freitas (Republicanos). Ele questionou o apoio que Tarc\u00edsio tem dado ao atual prefeito, Ricardo Nunes (MDB), para a disputa pela prefeitura e criticou o perfil pol\u00edtico do governador. Mar\u00e7al classificou Tarc\u00edsio como \u201cneutro demais para um Brasil apaixonado\u201d e afirmou que ele n\u00e3o possui a \u201cousadia\u201d necess\u00e1ria para fazer o pa\u00eds crescer.<\/p>\n<h2 class=\"wp-block-heading\">O que Mar\u00e7al Pensa Sobre Tarc\u00edsio de Freitas?<\/h2>\n<p>Mar\u00e7al sugeriu que Tarc\u00edsio deveria focar em sua reelei\u00e7\u00e3o no governo do estado, apesar de elogiar o trabalho que o governador tem realizado. Segundo o candidato, Tarc\u00edsio deveria \u201cterminar tudo o que est\u00e1 fazendo muito bem feito\u201d. Essa declara\u00e7\u00e3o refor\u00e7a a vis\u00e3o de Mar\u00e7al de que lideran\u00e7a e ousadia s\u00e3o atributos cruciais para qualquer cargo executivo, seja municipal ou federal.<\/p>\n<p>Al\u00e9m disso, o influenciador e empres\u00e1rio relembrou a inelegibilidade de Jair Bolsonaro at\u00e9 2030. Com Bolsonaro fora da corrida, Mar\u00e7al destacou sua inten\u00e7\u00e3o de se candidatar \u00e0 presid\u00eancia caso Lula n\u00e3o participe da disputa. \u201cNem o Tarc\u00edsio d\u00e1 conta, o Bolsonaro vai estar ineleg\u00edvel e eu quero ser presidente do Brasil. S\u00f3 nessa hip\u00f3tese,\u201d concluiu Mar\u00e7al.<\/p>\n<\/p><\/div>\n<p><br \/>\n<br \/><a href=\"https:\/\/terrabrasilnoticias.com\/2024\/09\/pablo-marcal-revela-o-que-pode-faze-lo-se-candidatar-a-presidencia-em-2026\/\">Source link <\/a><\/p>","protected":false},"excerpt":{"rendered":"<p>O empres\u00e1rio e candidato \u00e0 prefeitura de S\u00e3o Paulo pelo PRTB, Pablo Mar\u00e7al, revelou pela primeira vez que poder\u00e1 disputar a Presid\u00eancia da Rep\u00fablica em 2026. No entanto, ele condiciona&hellip;<\/p>","protected":false},"author":1,"featured_media":32442,"comment_status":"closed","ping_status":"open","sticky":false,"template":"","format":"standard","meta":{"content-type":"","footnotes":""},"categories":[16],"tags":[],"class_list":["post-32441","post","type-post","status-publish","format-standard","has-post-thumbnail","hentry","category-noticias"],"_links":{"self":[{"href":"https:\/\/tvbrazilusa.com\/pt\/wp-json\/wp\/v2\/posts\/32441","targetHints":{"allow":["GET"]}}],"collection":[{"href":"https:\/\/tvbrazilusa.com\/pt\/wp-json\/wp\/v2\/posts"}],"about":[{"href":"https:\/\/tvbrazilusa.com\/pt\/wp-json\/wp\/v2\/types\/post"}],"author":[{"embeddable":true,"href":"https:\/\/tvbrazilusa.com\/pt\/wp-json\/wp\/v2\/users\/1"}],"replies":[{"embeddable":true,"href":"https:\/\/tvbrazilusa.com\/pt\/wp-json\/wp\/v2\/comments?post=32441"}],"version-history":[{"count":1,"href":"https:\/\/tvbrazilusa.com\/pt\/wp-json\/wp\/v2\/posts\/32441\/revisions"}],"predecessor-version":[{"id":32443,"href":"https:\/\/tvbrazilusa.com\/pt\/wp-json\/wp\/v2\/posts\/32441\/revisions\/32443"}],"wp:featuredmedia":[{"embeddable":true,"href":"https:\/\/tvbrazilusa.com\/pt\/wp-json\/wp\/v2\/media\/32442"}],"wp:attachment":[{"href":"https:\/\/tvbrazilusa.com\/pt\/wp-json\/wp\/v2\/media?parent=32441"}],"wp:term":[{"taxonomy":"category","embeddable":true,"href":"https:\/\/tvbrazilusa.com\/pt\/wp-json\/wp\/v2\/categories?post=32441"},{"taxonomy":"post_tag","embeddable":true,"href":"https:\/\/tvbrazilusa.com\/pt\/wp-json\/wp\/v2\/tags?post=32441"}],"curies":[{"name":"wp","href":"https:\/\/api.w.org\/{rel}","templated":true}]}}