{"id":32462,"date":"2024-09-05T20:14:08","date_gmt":"2024-09-05T20:14:08","guid":{"rendered":"https:\/\/tvbrazilusa.com\/2024\/09\/05\/comemore-o-dia-da-festa-no-festival-italiano-anual-de-hoboken-neste-fim-de-semana\/"},"modified":"2024-09-05T20:26:06","modified_gmt":"2024-09-05T20:26:06","slug":"comemore-o-dia-da-festa-no-festival-italiano-anual-de-hoboken-neste-fim-de-semana","status":"publish","type":"post","link":"https:\/\/tvbrazilusa.com\/pt\/2024\/09\/05\/comemore-o-dia-da-festa-no-festival-italiano-anual-de-hoboken-neste-fim-de-semana\/","title":{"rendered":"Comemore o dia da festa no festival italiano anual de Hoboken neste fim de semana"},"content":{"rendered":"<script async src=\"https:\/\/pagead2.googlesyndication.com\/pagead\/js\/adsbygoogle.js?client=ca-pub-8864793242727901\"\r\n     crossorigin=\"anonymous\"><\/script>\n<div>\n<p class=\"article__paragraph article__paragraph--left\" id=\"43LDHO7E25DD7FEDDACCOCM5PQ\">Quatro dias de tradi\u00e7\u00e3o italiana ser\u00e3o celebrados no Festival Italiano Anual de Hoboken, que retornar\u00e1 de quinta a domingo, de 5 a 8 de setembro.<\/p>\n<p class=\"article__paragraph article__paragraph--left\" id=\"NZ2ECAXUV5ESJEQ7RPILZRYG5Q\">Embora as celebra\u00e7\u00f5es ocorram na quinta e sexta-feira, o evento principal, ou festa para os olhos, se preferir, acontece no dia da &#8220;festa&#8221;, s\u00e1bado, 7 de setembro, quando a est\u00e1tua de 800 libras da Madonna Dei Martiri, ou Madonna dos M\u00e1rtires, \u00e9 carregada pelas ruas de Hoboken da Igreja de St. Francis, 308 Jefferson St.<\/p>\n<p class=\"article__paragraph article__paragraph--left\" id=\"P7F6KJ7VVRCSNHCCAUT2IZFWDU\">Este dia incluir\u00e1 uma reconstitui\u00e7\u00e3o da B\u00ean\u00e7\u00e3o da Frota no Rio Hudson, que contar\u00e1 com um show de fogos de artif\u00edcio acontecendo sobre o Sinatra Park. Durante esse tempo, a Madonna \u00e9 navegada ao redor do Hudson antes de ser devolvida \u00e0 igreja.<\/p>\n<p class=\"article__paragraph article__paragraph--left\" id=\"6CV5MORT3NDEBPDMWMIXODKPVY\">O cronograma do dia da \u201cFesta\u201d \u00e9 o seguinte:<\/p>\n<p class=\"article__paragraph article__paragraph--left\" id=\"QDLWAL74VVDKPPNZ4V5PXA2ZEY\">11h &#8211; Missa de Festa na Igreja de S\u00e3o Francisco<\/p>\n<p class=\"article__paragraph article__paragraph--left\" id=\"EE7H5V7YWBDAHKUU6HMMRDDJ44\">14h00 &#8211; In\u00edcio da Prociss\u00e3o da Festa na Igreja de S\u00e3o Francisco<\/p>\n<p class=\"article__paragraph article__paragraph--left\" id=\"TFWEX5KHLRCUJO3A7ODLLXLYPQ\">16h \u00e0s 17h &#8211; O Madonna navega pelo Rio Hudson<\/p>\n<p class=\"article__paragraph article__paragraph--left\" id=\"LTTYNYBAUZGWPCBKWPLKEHQYMY\">20h &#8211; Nossa Senhora retorna \u00e0 Igreja.<\/p>\n<p class=\"article__paragraph article__paragraph--left\" id=\"NHMV5DX7YBGUFBM5HPHBVJRXLU\">O festival de quatro dias tamb\u00e9m incluir\u00e1 entretenimento ao vivo com bandas e artistas como Promised Land, Austin City Nights, Rosario Drago e Vanessa Racci. Os fogos de artif\u00edcio est\u00e3o programados para s\u00e1bado \u00e0s 21h15.<\/p>\n<p class=\"article__paragraph article__paragraph--left\" id=\"4NB5HBRYNNER3LRNDJI24PHZ54\">O Italian Cars &#8216;n Cannoli Car Club Show acontecer\u00e1 no domingo, 8 de setembro, do meio-dia \u00e0s 16h, durante o festival.<\/p>\n<p class=\"article__paragraph article__paragraph--left\" id=\"M5LDW24NUBAVJCELQBL5KB4T4U\">Encontre uma lista completa de eventos e hor\u00e1rios de apresenta\u00e7\u00f5es <a href=\"https:\/\/www.hobokenitalianfestival.com\/feast-info\" target=\"_blank\" rel=\"noopener\">aqui.<\/a><\/p>\n<p class=\"article__paragraph article__paragraph--left\" id=\"FNVRX2FWXJFBZFQCI4LEXQQKSE\">A Igreja Cat\u00f3lica Romana de S\u00e3o Francisco est\u00e1 localizada na 308 Jefferson St., Hoboken.<\/p>\n<\/div>\n<p><br \/>\n<br \/><a href=\"https:\/\/www.nj.com\/hudson\/2024\/09\/celebrate-the-feast-day-at-the-annual-hoboken-italian-fest-this-weekend.html\">Source link <\/a><\/p>","protected":false},"excerpt":{"rendered":"<p>Quatro dias de tradi\u00e7\u00e3o italiana ser\u00e3o celebrados no Festival Italiano Anual de Hoboken, que retornar\u00e1 de quinta a domingo, de 5 a 8 de setembro. Embora as celebra\u00e7\u00f5es ocorram na&hellip;<\/p>","protected":false},"author":1,"featured_media":32463,"comment_status":"closed","ping_status":"open","sticky":false,"template":"","format":"standard","meta":{"content-type":"","footnotes":""},"categories":[1],"tags":[],"class_list":["post-32462","post","type-post","status-publish","format-standard","has-post-thumbnail","hentry","category-uncategorized"],"_links":{"self":[{"href":"https:\/\/tvbrazilusa.com\/pt\/wp-json\/wp\/v2\/posts\/32462","targetHints":{"allow":["GET"]}}],"collection":[{"href":"https:\/\/tvbrazilusa.com\/pt\/wp-json\/wp\/v2\/posts"}],"about":[{"href":"https:\/\/tvbrazilusa.com\/pt\/wp-json\/wp\/v2\/types\/post"}],"author":[{"embeddable":true,"href":"https:\/\/tvbrazilusa.com\/pt\/wp-json\/wp\/v2\/users\/1"}],"replies":[{"embeddable":true,"href":"https:\/\/tvbrazilusa.com\/pt\/wp-json\/wp\/v2\/comments?post=32462"}],"version-history":[{"count":1,"href":"https:\/\/tvbrazilusa.com\/pt\/wp-json\/wp\/v2\/posts\/32462\/revisions"}],"predecessor-version":[{"id":32464,"href":"https:\/\/tvbrazilusa.com\/pt\/wp-json\/wp\/v2\/posts\/32462\/revisions\/32464"}],"wp:featuredmedia":[{"embeddable":true,"href":"https:\/\/tvbrazilusa.com\/pt\/wp-json\/wp\/v2\/media\/32463"}],"wp:attachment":[{"href":"https:\/\/tvbrazilusa.com\/pt\/wp-json\/wp\/v2\/media?parent=32462"}],"wp:term":[{"taxonomy":"category","embeddable":true,"href":"https:\/\/tvbrazilusa.com\/pt\/wp-json\/wp\/v2\/categories?post=32462"},{"taxonomy":"post_tag","embeddable":true,"href":"https:\/\/tvbrazilusa.com\/pt\/wp-json\/wp\/v2\/tags?post=32462"}],"curies":[{"name":"wp","href":"https:\/\/api.w.org\/{rel}","templated":true}]}}