{"id":32479,"date":"2024-09-05T20:53:09","date_gmt":"2024-09-05T20:53:09","guid":{"rendered":"https:\/\/tvbrazilusa.com\/2024\/09\/05\/mais-inundacoes-ameacam-a-primeira-costa\/"},"modified":"2024-09-05T21:07:10","modified_gmt":"2024-09-05T21:07:10","slug":"mais-inundacoes-ameacam-a-primeira-costa","status":"publish","type":"post","link":"https:\/\/tvbrazilusa.com\/pt\/2024\/09\/05\/mais-inundacoes-ameacam-a-primeira-costa\/","title":{"rendered":"Mais inunda\u00e7\u00f5es amea\u00e7am a Primeira Costa"},"content":{"rendered":"<p> <script async src=\"https:\/\/pagead2.googlesyndication.com\/pagead\/js\/adsbygoogle.js?client=ca-pub-8864793242727901\"\r\n     crossorigin=\"anonymous\"><\/script><br \/>\n<\/p>\n<div>\n<p>Faixas de chuva forte podem causar mais inunda\u00e7\u00f5es na encharcada Jacksonville nos pr\u00f3ximos dias.<\/p>\n<p>\u00c1reas como San Marco, Riverside e o Railyard District perto do centro da cidade ser\u00e3o <a href=\"https:\/\/jaxtoday.org\/2024\/06\/25\/flooding-will-swamp-first-coast-in-coming-years-report-predicts\/\">propenso a inunda\u00e7\u00f5es<\/a>diz Al Sandrick do escrit\u00f3rio do Servi\u00e7o Meteorol\u00f3gico Nacional em Jacksonville.<\/p>\n<p>\u201cVoc\u00ea sabe que vemos muitos carros ficando presos nesses locais e pessoas presas e tendo que ser empurradas para fora\u201d, disse Sandrick. \u201cN\u00e3o arrisque. N\u00e3o tente dirigir em \u00e1reas inundadas\u201d, <strong>   <\/strong><\/p>\n<figure class=\"wp-block-image size-large\"><\/figure>\n<p>O National Weather Service relata que a maior parte da precipita\u00e7\u00e3o desde ter\u00e7a-feira ocorreu perto do centro de Jacksonville ao sul, ao longo do corredor da Interstate 95. Geralmente, entre 5 a 9 polegadas de chuva ca\u00edram naquela \u00e1rea desde ter\u00e7a-feira. <\/p>\n<h3 class=\"wp-block-heading\">Empresas inundadas<\/h3>\n<p>As \u00e1guas altas afetaram os neg\u00f3cios ao longo da San Marco Boulevard, incluindo alguns perto do <a href=\"https:\/\/jaxtoday.org\/2022\/11\/18\/could-san-marco-flooding-be-solved-by-2024-a-20-million-grant-will-help\/\">Projeto de drenagem da Rua Lasalle<\/a>que est\u00e1 instalando uma nova esta\u00e7\u00e3o de bombeamento e reformando o sistema de drenagem.<\/p>\n<p>A loja de artigos para casamentos White Magnolia disse que entrou \u00e1gua pela porta da frente, mas n\u00e3o causou danos.<\/p>\n<p>O est\u00fadio de exerc\u00edcios Row House ao lado recebeu cerca de 2 polegadas de \u00e1gua onde ficava a porta. Os propriet\u00e1rios disseram que o n\u00edvel da \u00e1gua, mais as ondas criadas pelas pessoas que passavam de carro, fizeram desta a pior inunda\u00e7\u00e3o que eles j\u00e1 viram em tr\u00eas anos de atividade.<\/p>\n<p>A meteorologista Megan Borowski da <a href=\"https:\/\/floridastorms.org\/\" rel=\"nofollow noopener\" target=\"_blank\">Rede de Emerg\u00eancia de R\u00e1dio P\u00fablica da Fl\u00f3rida<\/a> diz que a atmosfera est\u00e1 preparada para produzir chuvas fortes nos pr\u00f3ximos dias.<\/p>\n<figure class=\"wp-block-image size-large\"><img loading=\"lazy\" color=\"697b98\" transparency=\"true\" style=\"--dominant-color: #697b98;\" decoding=\"async\" width=\"1024\" height=\"572\" src=\"https:\/\/jaxtoday.org\/wp-content\/uploads\/2024\/09\/Fronts-1024x572.png\" alt=\"\" class=\"has-transparency wp-image-76494\" srcset=\"https:\/\/jaxtoday.org\/wp-content\/uploads\/2024\/09\/Fronts-1024x572.png 1024w, https:\/\/jaxtoday.org\/wp-content\/uploads\/2024\/09\/Fronts-300x167.png 300w, https:\/\/jaxtoday.org\/wp-content\/uploads\/2024\/09\/Fronts-768x429.png 768w, https:\/\/jaxtoday.org\/wp-content\/uploads\/2024\/09\/Fronts-430x240.png 430w, https:\/\/jaxtoday.org\/wp-content\/uploads\/2024\/09\/Fronts-100x56.png 100w, https:\/\/jaxtoday.org\/wp-content\/uploads\/2024\/09\/Fronts.png 1048w\" sizes=\"auto, (max-width: 1024px) 100vw, 1024px\"\/><\/figure>\n<p>Uma frente parou no c\u00e9u e os ventos do Caribe trouxeram bastante umidade tropical, ela disse.<\/p>\n<p>Frentes paradas interagem com o ambiente quente e \u00famido, produzindo mais atividade de chuvas e tempestades, frequentemente em todas as horas do dia, intermitentemente. Frentes paradas tendem a aumentar drasticamente a amea\u00e7a de enchentes repentinas, ainda mais se j\u00e1 tivemos um ver\u00e3o chuvoso.<\/p>\n<h3 class=\"wp-block-heading\">O pr\u00f3ximo fim de semana<\/h3>\n<p>Tempestades no Panhandle e na pen\u00ednsula da Fl\u00f3rida podem produzir v\u00e1rios cent\u00edmetros de chuva por dia, disse Borowski.<\/p>\n<p>\u201cEnt\u00e3o, durante a noite de sexta-feira para s\u00e1bado, a baixa press\u00e3o est\u00e1 pronta para seguir sobre o Panhandle e o norte da Fl\u00f3rida, trazendo outro risco de chuva forte sobre essas \u00e1reas\u201d, disse Borowski. \u201cE como as tempestades continuam a impactar as mesmas \u00e1reas nos pr\u00f3ximos dias at\u00e9 o fim de semana, as inunda\u00e7\u00f5es repentinas v\u00e3o se tornar uma preocupa\u00e7\u00e3o mais generalizada.\u201d<\/p>\n<p>A meteorologista Leslie Hudson, da FPREN, disse que tempestades lentas nos pr\u00f3ximos dias podem aumentar o risco de inunda\u00e7\u00f5es em \u00e1reas j\u00e1 alagadas.<\/p>\n<p>\u201cA First Coast da Fl\u00f3rida teve uma temporada de chuvas muito movimentada, e uma \u00e1rea de baixa press\u00e3o na Fl\u00f3rida e Ge\u00f3rgia s\u00f3 aumentar\u00e1 as chances de chuva\u201d, disse Hudson. \u201cQuaisquer acumula\u00e7\u00f5es adicionais nos pr\u00f3ximos dias provavelmente sobrecarregar\u00e3o \u00e1reas de drenagem, riachos e c\u00f3rregos.\u201d<\/p>\n<\/div>\n<p><br \/>\n<br \/><a href=\"https:\/\/jaxtoday.org\/2024\/09\/05\/flooding-threat-jacksonville\/\">Source link <\/a><\/p>","protected":false},"excerpt":{"rendered":"<p>Faixas de chuva forte podem causar mais inunda\u00e7\u00f5es na encharcada Jacksonville nos pr\u00f3ximos dias. \u00c1reas como San Marco, Riverside e o Railyard District perto do centro da cidade ser\u00e3o propenso&hellip;<\/p>","protected":false},"author":1,"featured_media":32480,"comment_status":"closed","ping_status":"open","sticky":false,"template":"","format":"standard","meta":{"content-type":"","footnotes":""},"categories":[1],"tags":[],"class_list":["post-32479","post","type-post","status-publish","format-standard","has-post-thumbnail","hentry","category-uncategorized"],"_links":{"self":[{"href":"https:\/\/tvbrazilusa.com\/pt\/wp-json\/wp\/v2\/posts\/32479","targetHints":{"allow":["GET"]}}],"collection":[{"href":"https:\/\/tvbrazilusa.com\/pt\/wp-json\/wp\/v2\/posts"}],"about":[{"href":"https:\/\/tvbrazilusa.com\/pt\/wp-json\/wp\/v2\/types\/post"}],"author":[{"embeddable":true,"href":"https:\/\/tvbrazilusa.com\/pt\/wp-json\/wp\/v2\/users\/1"}],"replies":[{"embeddable":true,"href":"https:\/\/tvbrazilusa.com\/pt\/wp-json\/wp\/v2\/comments?post=32479"}],"version-history":[{"count":1,"href":"https:\/\/tvbrazilusa.com\/pt\/wp-json\/wp\/v2\/posts\/32479\/revisions"}],"predecessor-version":[{"id":32481,"href":"https:\/\/tvbrazilusa.com\/pt\/wp-json\/wp\/v2\/posts\/32479\/revisions\/32481"}],"wp:featuredmedia":[{"embeddable":true,"href":"https:\/\/tvbrazilusa.com\/pt\/wp-json\/wp\/v2\/media\/32480"}],"wp:attachment":[{"href":"https:\/\/tvbrazilusa.com\/pt\/wp-json\/wp\/v2\/media?parent=32479"}],"wp:term":[{"taxonomy":"category","embeddable":true,"href":"https:\/\/tvbrazilusa.com\/pt\/wp-json\/wp\/v2\/categories?post=32479"},{"taxonomy":"post_tag","embeddable":true,"href":"https:\/\/tvbrazilusa.com\/pt\/wp-json\/wp\/v2\/tags?post=32479"}],"curies":[{"name":"wp","href":"https:\/\/api.w.org\/{rel}","templated":true}]}}