{"id":32500,"date":"2024-09-05T21:35:04","date_gmt":"2024-09-05T21:35:04","guid":{"rendered":"https:\/\/tvbrazilusa.com\/2024\/09\/05\/pai-e-sentenciado-a-64-anos-de-prisao-por-assassinar-as-filhas-como-forma-de-vinganca-contra-a-esposa\/"},"modified":"2024-09-05T21:44:39","modified_gmt":"2024-09-05T21:44:39","slug":"pai-e-sentenciado-a-64-anos-de-prisao-por-assassinar-as-filhas-como-forma-de-vinganca-contra-a-esposa","status":"publish","type":"post","link":"https:\/\/tvbrazilusa.com\/pt\/2024\/09\/05\/pai-e-sentenciado-a-64-anos-de-prisao-por-assassinar-as-filhas-como-forma-de-vinganca-contra-a-esposa\/","title":{"rendered":"Pai \u00e9 sentenciado a 64 anos de pris\u00e3o por assassinar as filhas como forma de vingan\u00e7a contra a esposa"},"content":{"rendered":"<p> <script async src=\"https:\/\/pagead2.googlesyndication.com\/pagead\/js\/adsbygoogle.js?client=ca-pub-8864793242727901\"\r\n     crossorigin=\"anonymous\"><\/script><br \/>\n<\/p>\n<div>\n<p>O pai que assassinou suas duas filhas, de 4 e 8 anos, foi condenado a 64 anos e 10 meses de pris\u00e3o em regime fechado por homic\u00eddio quintuplamente qualificado. O r\u00e9u, Ramon de Souza Pereira, admitiu ter cometido o crime em 22 de maio de 2023, em Santo Ant\u00f4nio de Goi\u00e1s, na regi\u00e3o metropolitana de Goi\u00e2nia. De acordo com a Pol\u00edcia Civil de Goi\u00e1s, Ramon matou Mirielly Gomes Souza, de 8 anos, e Cec\u00edlia Gomes Souza, de 4 anos, como forma de vingan\u00e7a contra a m\u00e3e das meninas.<\/p>\n<p>O crime chocante foi motivado por uma descoberta feita pelo r\u00e9u, que colocou um rastreador no carro de sua esposa e descobriu uma trai\u00e7\u00e3o. Os corpos das crian\u00e7as foram encontrados carbonizados em uma estrada pr\u00f3xima \u00e0 rodovia GO-462. Antes de incendiar o carro, Ramon esfaqueou as suas filhas, segundo a investiga\u00e7\u00e3o policial. A brutalidade do crime gerou grande como\u00e7\u00e3o p\u00fablica e r\u00e1pida atua\u00e7\u00e3o da justi\u00e7a<\/p>\n<p>Nesta quarta-feira, 4 de setembro de 2024, o Tribunal de Justi\u00e7a do Estado de Goi\u00e1s finalizou o julgamento de Ramon de Souza Pereira. Ele foi sentenciado a 64 anos e 10 meses de pris\u00e3o em regime fechado, com cinco qualificadoras pesando contra ele.<\/p>\n<h2 class=\"wp-block-heading\">Quais s\u00e3o as qualificadoras?<\/h2>\n<p>As qualificadoras atribu\u00eddas ao crime foram:<\/p>\n<ul class=\"wp-block-list\">\n<li><strong>Motivo torpe<\/strong>: A vingan\u00e7a contra a m\u00e3e das meninas.<\/li>\n<li><strong>Dificuldade\/Impossibilidade de defesa da v\u00edtima<\/strong>: As v\u00edtimas eram crian\u00e7as indefesas.<\/li>\n<li><strong>V\u00edtima menor de 14 anos<\/strong>: Ambas as filhas tinham menos de 14 anos.<\/li>\n<li><strong>Feminic\u00eddio<\/strong>: A viol\u00eancia contra as filhas por conta da rela\u00e7\u00e3o com a m\u00e3e.<\/li>\n<li><strong>Les\u00e3o corporal no \u00e2mbito de viol\u00eancia dom\u00e9stica<\/strong>: A rela\u00e7\u00e3o familiar entre o agressor e as v\u00edtimas.<\/li>\n<\/ul>\n<p>A senten\u00e7a causou grande repercuss\u00e3o, tanto pelo tempo de pris\u00e3o quanto pela brutalidade do crime. A defesa de Ramon, liderada pela advogada Larisse Pimentel, j\u00e1 se pronunciou sobre a decis\u00e3o e declarou que recorrer\u00e1 da dosimetria da pena.<\/p>\n<h2 class=\"wp-block-heading\">Defesa vai recorrer da senten\u00e7a?<\/h2>\n<p>Em nota oficial, a defesa de Ramon argumentou que o processo legal foi seguido de maneira justa, mas pontuou discord\u00e2ncias em rela\u00e7\u00e3o \u00e0 dosimetria da pena. Veja a nota da defesa:<\/p>\n<p><strong>Nota da Defesa<\/strong>: \u201cDesde o in\u00edcio das investiga\u00e7\u00f5es, o direito de defesa foi exercido de forma ampla e irrestrita, com todo o sistema de justi\u00e7a colaborando para o deslinde do feito em tempo h\u00e1bil. A defesa conseguiu demonstrar aos jurados que a qualificadora relacionada ao uso de fogo deveria ser afastada e conseguiu \u00eaxito. A defesa entende que o devido processo legal foi seguido \u00e0 risca e que a justi\u00e7a foi feita. Informa ainda que ir\u00e1 <strong>recorrer<\/strong> para questionar a dosimetria da pena\u201d.<\/p>\n<p>O caso segue com grande aten\u00e7\u00e3o p\u00fablica, e novos desdobramentos s\u00e3o esperados conforme o recurso da defesa progride. Esta tr\u00e1gica hist\u00f3ria ressalta a import\u00e2ncia de um sistema judicial c\u00e9lere e eficiente para casos de viol\u00eancia dom\u00e9stica e crimes hediondos.<\/p>\n<\/p><\/div>\n<p><br \/>\n<br \/><a href=\"https:\/\/terrabrasilnoticias.com\/2024\/09\/pai-e-sentenciado-a-64-anos-de-prisao-por-assassinar-as-filhas-como-forma-de-vinganca-contra-a-esposa\/\">Source link <\/a><\/p>","protected":false},"excerpt":{"rendered":"<p>O pai que assassinou suas duas filhas, de 4 e 8 anos, foi condenado a 64 anos e 10 meses de pris\u00e3o em regime fechado por homic\u00eddio quintuplamente qualificado. O&hellip;<\/p>","protected":false},"author":1,"featured_media":32501,"comment_status":"closed","ping_status":"open","sticky":false,"template":"","format":"standard","meta":{"content-type":"","footnotes":""},"categories":[16],"tags":[],"class_list":["post-32500","post","type-post","status-publish","format-standard","has-post-thumbnail","hentry","category-noticias"],"_links":{"self":[{"href":"https:\/\/tvbrazilusa.com\/pt\/wp-json\/wp\/v2\/posts\/32500","targetHints":{"allow":["GET"]}}],"collection":[{"href":"https:\/\/tvbrazilusa.com\/pt\/wp-json\/wp\/v2\/posts"}],"about":[{"href":"https:\/\/tvbrazilusa.com\/pt\/wp-json\/wp\/v2\/types\/post"}],"author":[{"embeddable":true,"href":"https:\/\/tvbrazilusa.com\/pt\/wp-json\/wp\/v2\/users\/1"}],"replies":[{"embeddable":true,"href":"https:\/\/tvbrazilusa.com\/pt\/wp-json\/wp\/v2\/comments?post=32500"}],"version-history":[{"count":1,"href":"https:\/\/tvbrazilusa.com\/pt\/wp-json\/wp\/v2\/posts\/32500\/revisions"}],"predecessor-version":[{"id":32502,"href":"https:\/\/tvbrazilusa.com\/pt\/wp-json\/wp\/v2\/posts\/32500\/revisions\/32502"}],"wp:featuredmedia":[{"embeddable":true,"href":"https:\/\/tvbrazilusa.com\/pt\/wp-json\/wp\/v2\/media\/32501"}],"wp:attachment":[{"href":"https:\/\/tvbrazilusa.com\/pt\/wp-json\/wp\/v2\/media?parent=32500"}],"wp:term":[{"taxonomy":"category","embeddable":true,"href":"https:\/\/tvbrazilusa.com\/pt\/wp-json\/wp\/v2\/categories?post=32500"},{"taxonomy":"post_tag","embeddable":true,"href":"https:\/\/tvbrazilusa.com\/pt\/wp-json\/wp\/v2\/tags?post=32500"}],"curies":[{"name":"wp","href":"https:\/\/api.w.org\/{rel}","templated":true}]}}