{"id":32593,"date":"2024-09-06T00:41:08","date_gmt":"2024-09-06T00:41:08","guid":{"rendered":"https:\/\/tvbrazilusa.com\/2024\/09\/06\/declaracoes-iniciais-dao-versoes-conflitantes-do-tiroteio-fatal-de-ciclista-em-2019-na-rickenbacker-causeway-wsvn-7news-noticias-de-miami-clima-esportes-fort-lauderdale\/"},"modified":"2024-09-06T00:51:35","modified_gmt":"2024-09-06T00:51:35","slug":"declaracoes-iniciais-dao-versoes-conflitantes-do-tiroteio-fatal-de-ciclista-em-2019-na-rickenbacker-causeway-wsvn-7news-noticias-de-miami-clima-esportes-fort-lauderdale","status":"publish","type":"post","link":"https:\/\/tvbrazilusa.com\/pt\/2024\/09\/06\/declaracoes-iniciais-dao-versoes-conflitantes-do-tiroteio-fatal-de-ciclista-em-2019-na-rickenbacker-causeway-wsvn-7news-noticias-de-miami-clima-esportes-fort-lauderdale\/","title":{"rendered":"Declara\u00e7\u00f5es iniciais d\u00e3o vers\u00f5es conflitantes do tiroteio fatal de ciclista em 2019 na Rickenbacker Causeway &#8211; WSVN 7News | Not\u00edcias de Miami, Clima, Esportes | Fort Lauderdale"},"content":{"rendered":"<p> <script async src=\"https:\/\/pagead2.googlesyndication.com\/pagead\/js\/adsbygoogle.js?client=ca-pub-8864793242727901\"\r\n     crossorigin=\"anonymous\"><\/script><br \/>\n<\/p>\n<div itemprop=\"articleBody\">\n<p>MIAMI (WSVN) &#8211; Chegou a hora do julgamento de um homem acusado de atirar fatalmente em um ciclista na Rickenbacker Causeway.<\/p>\n<p>As c\u00e2meras do 7News capturaram Kadel Piedrahita entrando no tribunal com o bra\u00e7o em uma tipoia na quinta-feira.<\/p>\n<p>A pol\u00edcia disse que o suspeito atirou e matou o ciclista Alexis Palencia em 14 de agosto de 2019.<\/p>\n<p>Um v\u00eddeo gravado por um celular mostra um confronto acalorado naquele dia, antes dos tiros serem disparados.<\/p>\n<p>Investigadores disseram que Palencia foi atingido por uma bala. Ele tinha 48 anos.<\/p>\n<p>Durante as declara\u00e7\u00f5es de abertura na quinta-feira, a acusa\u00e7\u00e3o e a defesa apresentaram raz\u00f5es muito diferentes para o disparo da arma.<\/p>\n<p>Piedrahita estava em sua motocicleta ao lado do grupo de ciclistas no momento. Seus advogados disseram que a v\u00edtima come\u00e7ou uma briga com ele, e Piedrahita teve que atirar em leg\u00edtima defesa.<\/p>\n<p>\u201cVoc\u00ea ver\u00e1 naquele v\u00eddeo quando Alexis Palencia coloca ambas as m\u00e3os no Sr. Piedrahita. Voc\u00ea ver\u00e1 naquele v\u00eddeo quando o Sr. Piedrahita perde o equil\u00edbrio em sua bicicleta e tem que usar ambos os p\u00e9s para recuperar o equil\u00edbrio\u201d, disse um advogado.<\/p>\n<p>O advogado disse que outro ciclista entregou uma arma \u00e0 v\u00edtima.<\/p>\n<p>\u201cEle v\u00ea a troca de m\u00e3os entre os dois e imediatamente depois aponta a arma diretamente para o Sr. Piedrahita\u201d, disse ela.<\/p>\n<p>No entanto, o estado alega que Palencia estava desarmado e que o suspeito teve problemas com a v\u00edtima antes mesmo do incidente acontecer.<\/p>\n<p>\u201cEle atirou em Alexis Palencia bem no abd\u00f4men, atirou em Alexis Palencia enquanto a m\u00e3o de Alexis estava levantada\u201d, disse um promotor. \u201cEle estava desarmado e n\u00e3o usava nada al\u00e9m de um traje de ciclismo colante.\u201d<\/p>\n<p>Ap\u00f3s as declara\u00e7\u00f5es iniciais, testemunhas come\u00e7aram a depor, incluindo um dos detetives de homic\u00eddios que compareceram \u00e0 cena do tiroteio.<\/p>\n<p><em>Copyright 2024 Sunbeam Television Corp. Todos os direitos reservados. Este material n\u00e3o pode ser publicado, transmitido, reescrito ou redistribu\u00eddo.<\/em><\/p>\n<div class=\"wp-block-newsletter\">\n\t<strong class=\"wp-block-newsletter__title\">Inscreva-se em nossa Newsletter para receber as \u00faltimas not\u00edcias diretamente na sua caixa de entrada<\/strong><\/p>\n<\/div><\/div>\n<p><br \/>\n<br \/><a href=\"https:\/\/wsvn.com\/news\/local\/miami-dade\/opening-statements-give-conflicting-versions-of-fatal-2019-shooting-of-cyclist-on-rickenbacker-causeway\/\">Source link <\/a><\/p>","protected":false},"excerpt":{"rendered":"<p>MIAMI (WSVN) &#8211; Chegou a hora do julgamento de um homem acusado de atirar fatalmente em um ciclista na Rickenbacker Causeway. As c\u00e2meras do 7News capturaram Kadel Piedrahita entrando no&hellip;<\/p>","protected":false},"author":1,"featured_media":32594,"comment_status":"closed","ping_status":"open","sticky":false,"template":"","format":"standard","meta":{"content-type":"","footnotes":""},"categories":[1],"tags":[],"class_list":["post-32593","post","type-post","status-publish","format-standard","has-post-thumbnail","hentry","category-uncategorized"],"_links":{"self":[{"href":"https:\/\/tvbrazilusa.com\/pt\/wp-json\/wp\/v2\/posts\/32593","targetHints":{"allow":["GET"]}}],"collection":[{"href":"https:\/\/tvbrazilusa.com\/pt\/wp-json\/wp\/v2\/posts"}],"about":[{"href":"https:\/\/tvbrazilusa.com\/pt\/wp-json\/wp\/v2\/types\/post"}],"author":[{"embeddable":true,"href":"https:\/\/tvbrazilusa.com\/pt\/wp-json\/wp\/v2\/users\/1"}],"replies":[{"embeddable":true,"href":"https:\/\/tvbrazilusa.com\/pt\/wp-json\/wp\/v2\/comments?post=32593"}],"version-history":[{"count":1,"href":"https:\/\/tvbrazilusa.com\/pt\/wp-json\/wp\/v2\/posts\/32593\/revisions"}],"predecessor-version":[{"id":32595,"href":"https:\/\/tvbrazilusa.com\/pt\/wp-json\/wp\/v2\/posts\/32593\/revisions\/32595"}],"wp:featuredmedia":[{"embeddable":true,"href":"https:\/\/tvbrazilusa.com\/pt\/wp-json\/wp\/v2\/media\/32594"}],"wp:attachment":[{"href":"https:\/\/tvbrazilusa.com\/pt\/wp-json\/wp\/v2\/media?parent=32593"}],"wp:term":[{"taxonomy":"category","embeddable":true,"href":"https:\/\/tvbrazilusa.com\/pt\/wp-json\/wp\/v2\/categories?post=32593"},{"taxonomy":"post_tag","embeddable":true,"href":"https:\/\/tvbrazilusa.com\/pt\/wp-json\/wp\/v2\/tags?post=32593"}],"curies":[{"name":"wp","href":"https:\/\/api.w.org\/{rel}","templated":true}]}}