{"id":32623,"date":"2024-09-05T20:15:46","date_gmt":"2024-09-05T20:15:46","guid":{"rendered":"https:\/\/tvbrazilusa.com\/2024\/09\/05\/agora-estabelecido-em-boston-elias-lindholm-quer-colocar-os-bruins-no-topo\/"},"modified":"2024-09-06T01:29:35","modified_gmt":"2024-09-06T01:29:35","slug":"agora-estabelecido-em-boston-elias-lindholm-quer-colocar-os-bruins-no-topo","status":"publish","type":"post","link":"https:\/\/tvbrazilusa.com\/pt\/2024\/09\/05\/agora-estabelecido-em-boston-elias-lindholm-quer-colocar-os-bruins-no-topo\/","title":{"rendered":"Agora estabelecido em Boston, Elias Lindholm quer colocar os Bruins no topo"},"content":{"rendered":"<p> <script async src=\"https:\/\/pagead2.googlesyndication.com\/pagead\/js\/adsbygoogle.js?client=ca-pub-8864793242727901\"\r\n     crossorigin=\"anonymous\"><\/script><br \/>\n<\/p>\n<div id=\"\">\n<header class=\"m-article-header m-article-header--standard\">\n\t\t\t\t\t\t\t\t\t\t\t\t<span id=\"article-header-primary-term\"><br \/>\n\t\t\t\t\t\t\t\t<a class=\"a-term a-term--primary\" href=\"https:\/\/www.boston.com\/tag\/boston-bruins\/\"><\/p>\n<p>\t\t\t\t\t\t\t\tBruins\t\t\t\t\t\t\t\t<\/a><br \/>\n\t\t\t\t\t\t\t<\/span><\/p>\n<h2 class=\"m-article-header__sub-headline\">&#8220;Acho que temos uma boa chance de fazer algo especial.&#8221;<\/h2>\n<figure class=\"a-photo m-article-header__photo\"><figcaption class=\"a-photo__caption\">\n<p>\tElias Lindholm est\u00e1 tentando se estabelecer em uma posi\u00e7\u00e3o entre os seis primeiros com os Bruins. <em> (Foto AP\/David Zalubowski)<\/em>\t<\/figcaption><\/figure>\n<\/header>\n<p>Elias Lindholm est\u00e1 em sua nova casa na \u00e1rea de Boston h\u00e1 mais de um m\u00eas. <\/p>\n<p>Com um novo beb\u00ea a caminho, os Lindholms queriam se estabelecer cedo. At\u00e9 agora, a transi\u00e7\u00e3o tem sido tranquila para Lindholm em sua mudan\u00e7a para Boston e a press\u00e3o que vem com jogar neste mercado. <\/p>\n<p>Bem, quase perfeito. <\/p>\n<p>\u201cN\u00e3o sou muito f\u00e3, mas vou me acostumar\u201d, disse Lindholm sobre como lidar com o tr\u00e2nsito em Boston. <\/p>\n<p>Mesmo com as esperadas curvas de aprendizado ao enfrentar engarrafamentos na 93 e na Mass Pike, Lindholm j\u00e1 se sente uma escolha natural para sua nova equipe. <\/p>\n<p>Um veterano piv\u00f4 entre os seis melhores com um hist\u00f3rico comprovado de dupla atua\u00e7\u00e3o, Lindholm pode n\u00e3o ser Patrice Bergeron \u2014 mas um de seus novos companheiros de equipe consegue ver as liga\u00e7\u00f5es entre os dois piv\u00f4s de 200 p\u00e9s. <\/p>\n<p>\u201cVoc\u00ea traz um cara que joga um jogo de 200 p\u00e9s, que \u00e9 extremamente respons\u00e1vel \u2014 certamente n\u00e3o quero comparar os dois, mas tivemos algu\u00e9m assim por um longo tempo que joga um jogo em nosso sistema\u201d, disse Charlie McAvoy sobre Lindholm e Bergeron. \u201cSomos um time defensivo em primeiro lugar. Realmente temos muito orgulho desse lado do gelo. Ent\u00e3o o temos agora, e acho que ele vai se encaixar perfeitamente aqui.\u201d <\/p>\n<p>A atra\u00e7\u00e3o principal na onda de gastos da ag\u00eancia livre de Boston, Lindholm deve refor\u00e7ar uma base j\u00e1 forte de talentos com os Bruins \u2014 dando a Boston um centro de primeira linha comprovado, um defensor forte capaz de anular confrontos entre os seis primeiros e um \u00e1s no ponto de faceoff. <\/p>\n<p>\u201cAcho que h\u00e1 muitos jogadores bons aqui, \u00e9 um time muito bom\u201d, disse Lindholm. \u201cAcho que na temporada passada, eles estavam l\u00e1 com a Fl\u00f3rida e tiveram um bom confronto \u2014 e, obviamente, a Fl\u00f3rida acabou vencendo. Ent\u00e3o, acho que esse time tem, obviamente, muitas pe\u00e7as boas, e espero poder entrar e adicionar a esse grupo e, espero, adicionar alguma profundidade a um grupo j\u00e1 muito forte.\u201d <\/p>\n<p>O curr\u00edculo de Lindholm fala por si quando se trata de seu impacto no gelo. O piv\u00f4 de 29 anos tem tr\u00eas temporadas com mais de 60 pontos em seu curr\u00edculo, encabe\u00e7adas por uma produ\u00e7\u00e3o de 42 gols e 82 pontos com Calgary em 2021-22. Ele terminou em segundo atr\u00e1s de Bergeron na vota\u00e7\u00e3o para o Trof\u00e9u Selke como o melhor atacante defensivo da liga naquela mesma temporada. <\/p>\n<p>Mas Lindholm vem de um ano ruim, com o sueco limitado a apenas 44 pontos (15 gols, 29 assist\u00eancias) em 75 jogos com os Flames e Canucks durante a temporada 2023-24.<\/p>\n<p>\u00c9 verdade que parte disso foi resultado de sua coloca\u00e7\u00e3o estranha no elenco de Vancouver, com Lindholm ganhando repeti\u00e7\u00f5es tanto como centro da terceira linha quanto entre os seis melhores alas, devido a Elias Pettersson e JT Miller ocuparem as duas primeiras posi\u00e7\u00f5es de piv\u00f4. <\/p>\n<p>Mas Lindholm conseguiu encontrar seu jogo na hora certa com Vancouver, marcando 10 pontos em 13 jogos de p\u00f3s-temporada \u2014 enquanto sua porcentagem de 56,4 pontos em faceoffs em 2023-24 foi a melhor da carreira. <\/p>\n<figure class=\"wp-block-embed is-type-video is-provider-youtube wp-block-embed-youtube wp-embed-aspect-16-9 wp-has-aspect-ratio\">\n<p>\n<iframe title=\"Elias Lindholm Uses Slick Footwork For Second Goal Of The Game\" width=\"1170\" height=\"658\" src=\"https:\/\/www.youtube.com\/embed\/1q6DYJIkARI?feature=oembed\" frameborder=\"0\" allow=\"accelerometer; autoplay; clipboard-write; encrypted-media; gyroscope; picture-in-picture; web-share\" referrerpolicy=\"strict-origin-when-cross-origin\" allowfullscreen><\/iframe>\n<\/p>\n<\/figure>\n<p>\u201cSempre me vi como um atacante de m\u00e3o dupla\u201d, disse Lindholm. \u201cObviamente, acho que posso produzir pontos. E, obviamente, a temporada passada n\u00e3o foi t\u00e3o bem quanto eu gostaria. Mas acho que nos playoffs, meio que encontrei meu jogo novamente e \u00e9 assim que quero jogar.\u201d<\/p>\n<p>Uma temporada completa ao lado de David Pastrnak deve ajudar Lindholm a reacender mais seu talento de pontua\u00e7\u00e3o em Boston, especialmente considerando seu papel esperado como titular no power play.<\/p>\n<p>O veterano centerman n\u00e3o quis se aprofundar em decis\u00f5es de escala\u00e7\u00e3o com o training camp a menos de duas semanas de dist\u00e2ncia. Mas o pr\u00f3prio conjunto de habilidades de Lindholm e um forte elenco de apoio devem permitir que ele e os Bruins flores\u00e7am no futuro. <\/p>\n<p>\u201cEle \u00e9 um dos melhores jogadores da liga\u201d, disse Lindholm sobre jogar com Pastrnak. \u201cObviamente, se for esse o caso, \u00e9 super emocionante, mas veremos o que vai acontecer. H\u00e1 muitos jogadores bons neste time, e \u00e9 por isso que eu queria vir para c\u00e1. <\/p>\n<p>\u201cAcho que temos uma boa chance de fazer algo especial. E, obviamente, voc\u00ea sempre quer vencer. E eu sinto que, aqui mesmo, temos uma boa chance.\u201d <\/p>\n<div class=\"m-block m-generic-cta\t m-generic-cta--post-content\t m-generic-cta--dark\t m-generic-cta--homepage\t m-generic-cta--email-signup\t\t m-generic-cta-block-style--default \tt-amp__generic-cta\"><\/p>\n<div class=\"m-generic-cta__wrap\">\n<div class=\"m-generic-cta__content\">\n<h3 class=\"m-generic-cta__title\">Boston.com Hoje<\/h3>\n<p class=\"m-generic-cta__subtitle\">Inscreva-se para receber as \u00faltimas manchetes na sua caixa de entrada todas as manh\u00e3s.<\/p>\n<\/p><\/div>\n<\/p><\/div>\n<\/div><\/div>\n<p><script>\n\t\tvar consent=\"grant\";\n\t\t\/* The above code is parsing the JSON data from the local storage and storing it in a variable. *\/\n\t\t\t\t\tconst onetrustStorageConsent = JSON.parse(localStorage.getItem( 'consent_one_trust_bdc' ) );\n\t\t\tif ( ( onetrustStorageConsent !== null ) ) {\n\t\t\t\t\/* Checking to see if the user has consented to the use of cookies.\n\t\t\t\t* If they have not, it is deleting the cookie.\n\t\t\t\t* This will comment for now, until further notice.\n\t\t\t\t*\/\n\t\t\t\t\/\/if ( onetrustStorageConsent.C0002 === false ) {\n\t\t\t\t\/\/\tdocument.cookie=\"_fbp=;expires=Thu, 01 Jan 2010 00:00:00 UTC; path=\/; domain=.boston.com\";\n\t\t\t\t\/\/}\n\t\t\t\t\/* Checking if the user has given consent for the cookie C0002.\n\t\t\t\t* If the user has given consent, the variable consent will be set to 'grant'.\n\t\t\t\t* If the user has not given consent,the variable consent will be set to 'revoke'.\n\t\t\t\t* Documentation https:\/\/developers.facebook.com\/docs\/meta-pixel\/implementation\/gdpr\n\t\t\t\t*\/\n\t\t\t\tif ( onetrustStorageConsent.C0002 !== true ) {\n\t\t\t\t\tconsent=\"revoke\";\n\t\t\t\t}\n\t\t\t}\n\t\t\t\t!function(f,b,e,v,n,t,s)\n\t\t{if(f.fbq)return;n=f.fbq=function(){n.callMethod?\n\t\tn.callMethod.apply(n,arguments):n.queue.push(arguments)};\n\t\tif(!f._fbq)f._fbq=n;n.push=n;n.loaded=!0;n.version='2.0';\n\t\tn.queue=[];t=b.createElement(e);t.async=!0;\n\t\tt.src=v;s=b.getElementsByTagName(e)[0];\n\t\ts.parentNode.insertBefore(t,s)}(window, document,'script',\n\t\t'https:\/\/connect.facebook.net\/en_US\/fbevents.js');\n\t\tfbq('consent', consent);\n\t\tfbq('init', '989222871864976');\n\t\tfbq('track', 'PageView');\n\t<\/script><script type=\"module\">\n\t\tvar consent=\"grant\";\n\t\t\/* The above code is parsing the JSON data from the local storage and storing it in a variable. *\/\n\t\t\tconst onetrustStorageConsent = JSON.parse(localStorage.getItem( 'consent_one_trust_bdc' ) );\n\t\t\t\/* Checking to see if the user has consented to the use of cookies.\n\t\t\t* If they have not, it is deleting the cookie.\n\t\t\t* This will comment for now, until further notice.\n\t\t\t*\/\n\t\t\t\/\/if ( onetrustStorageConsent.C0002 === false ) {\n\t\t\t\/\/\tdocument.cookie=\"_fbp=;expires=Thu, 01 Jan 2010 00:00:00 UTC; path=\/; domain=.boston.com\";\n\t\t\t\/\/}\n\t\t\t\/* Checking if the user has given consent for the cookie C0002.\n\t\t\t* If the user has given consent, the variable consent will be set to 'grant'.\n\t\t\t* If the user has not given consent,the variable consent will be set to 'revoke'.\n\t\t\t* Documentation https:\/\/developers.facebook.com\/docs\/meta-pixel\/implementation\/gdpr\n\t\t\t*\/\n\t\t\tif ( ( onetrustStorageConsent !== null ) && (onetrustStorageConsent.C0002 !== true ) ) {\n\t\t\t\tconsent=\"revoke\";\n\t\t\t}\n\t\t\t\t!function(f,b,e,v,n,t,s){if(f.fbq)return;n=f.fbq=function()\n\t\t{n.callMethod? n.callMethod.apply(n,arguments):n.queue.push(arguments)}\n\t\t;if(!f._fbq)f._fbq=n;\n\t\tn.push=n;n.loaded=!0;n.version='2.0';n.queue=[];t=b.createElement(e);t.async=!0;\n\t\tt.src=v;s=b.getElementsByTagName(e)[0];s.parentNode.insertBefore(t,s)}(window,\n\t\tdocument,'script','https:\/\/connect.facebook.net\/en_US\/fbevents.js');\n\t\tfbq('consent', consent);\n\t\tfbq('init', '813236348753005');\n\t\tfbq('track', \"PageView\");\n\t<\/script><br \/>\n<br \/><br \/>\n<br \/><a href=\"https:\/\/www.boston.com\/sports\/boston-bruins\/2024\/09\/05\/elias-lindhlm-boston-bruins-nhl-hockey-training-camp\/\">Source link <\/a><\/p>","protected":false},"excerpt":{"rendered":"<p>Bruins &#8220;Acho que temos uma boa chance de fazer algo especial.&#8221; Elias Lindholm est\u00e1 tentando se estabelecer em uma posi\u00e7\u00e3o entre os seis primeiros com os Bruins. (Foto AP\/David Zalubowski)&hellip;<\/p>","protected":false},"author":1,"featured_media":32624,"comment_status":"closed","ping_status":"open","sticky":false,"template":"","format":"standard","meta":{"content-type":"","footnotes":""},"categories":[1],"tags":[],"class_list":["post-32623","post","type-post","status-publish","format-standard","has-post-thumbnail","hentry","category-uncategorized"],"_links":{"self":[{"href":"https:\/\/tvbrazilusa.com\/pt\/wp-json\/wp\/v2\/posts\/32623","targetHints":{"allow":["GET"]}}],"collection":[{"href":"https:\/\/tvbrazilusa.com\/pt\/wp-json\/wp\/v2\/posts"}],"about":[{"href":"https:\/\/tvbrazilusa.com\/pt\/wp-json\/wp\/v2\/types\/post"}],"author":[{"embeddable":true,"href":"https:\/\/tvbrazilusa.com\/pt\/wp-json\/wp\/v2\/users\/1"}],"replies":[{"embeddable":true,"href":"https:\/\/tvbrazilusa.com\/pt\/wp-json\/wp\/v2\/comments?post=32623"}],"version-history":[{"count":1,"href":"https:\/\/tvbrazilusa.com\/pt\/wp-json\/wp\/v2\/posts\/32623\/revisions"}],"predecessor-version":[{"id":32625,"href":"https:\/\/tvbrazilusa.com\/pt\/wp-json\/wp\/v2\/posts\/32623\/revisions\/32625"}],"wp:featuredmedia":[{"embeddable":true,"href":"https:\/\/tvbrazilusa.com\/pt\/wp-json\/wp\/v2\/media\/32624"}],"wp:attachment":[{"href":"https:\/\/tvbrazilusa.com\/pt\/wp-json\/wp\/v2\/media?parent=32623"}],"wp:term":[{"taxonomy":"category","embeddable":true,"href":"https:\/\/tvbrazilusa.com\/pt\/wp-json\/wp\/v2\/categories?post=32623"},{"taxonomy":"post_tag","embeddable":true,"href":"https:\/\/tvbrazilusa.com\/pt\/wp-json\/wp\/v2\/tags?post=32623"}],"curies":[{"name":"wp","href":"https:\/\/api.w.org\/{rel}","templated":true}]}}